{"id":322279,"date":"2025-08-16T06:02:09","date_gmt":"2025-08-16T06:02:09","guid":{"rendered":"https:\/\/www.europesays.com\/fr\/322279\/"},"modified":"2025-08-16T06:02:09","modified_gmt":"2025-08-16T06:02:09","slug":"un-lyonnais-parcourt-1-100-km-a-velo-en-seulement-trois-jours-pour-la-bonne-cause","status":"publish","type":"post","link":"https:\/\/www.europesays.com\/fr\/322279\/","title":{"rendered":"un Lyonnais parcourt 1 100 km \u00e0 v\u00e9lo en seulement trois jours pour la bonne cause"},"content":{"rendered":"<p>            Par<br \/>\n        <strong><br \/>\n            <a href=\"https:\/\/actu.fr\/auteur\/emma-ressegaire\" title=\"Consulter tous les articles de Emma Ressegaire\" rel=\"nofollow noopener\" target=\"_blank\">Emma Ressegaire<\/a><br \/>\n        <\/strong><\/p>\n<p>        Publi\u00e9 le<\/p>\n<p>            16 ao\u00fbt 2025 \u00e0 7h34        <\/p>\n<p>Pendant trois jours, Maxime J\u00e9rez a arpent\u00e9 sur son v\u00e9lo les routes de France. Avec son \u00e9v\u00e9nement sportif et caritatif <strong>\u00ab\u00a01 100 kilom\u00e8tres pour mamie\u00a0\u00bb<\/strong>, l\u2019\u00e9tudiant <a href=\"https:\/\/actu.fr\/lyon\/\" rel=\"nofollow noopener\" target=\"_blank\">lyonnais<\/a> de 20 ans s\u2019est donn\u00e9 le d\u00e9fi de traverser l\u2019Hexagone, du lundi 11 au mercredi 13 ao\u00fbt, pour <strong>rendre hommage \u00e0 sa grand-m\u00e8re<\/strong> d\u00e9c\u00e9d\u00e9e d\u2019un cancer il y a deux ans maintenant.\u00a0 Ainsi, c\u2019est ce lundi que son p\u00e9riple a commenc\u00e9 dans le sud de la France, \u00e0 Palavas-les-Flots.<\/p>\n<p>Une tr\u00e8s grosse pr\u00e9paration<\/p>\n<p class=\" wall-content\">Et bien qu\u2019il a fait une tr\u00e8s grosse pr\u00e9paration avant cette \u00e9preuve sportive d\u2019envergure,<strong> 4 000 km parcourus l\u2019ann\u00e9e derni\u00e8re<\/strong>, le premier jour s\u2019est av\u00e9r\u00e9 beaucoup plus difficile \u00e0 cause de la chaleur. \u00ab\u00a0C\u2019\u00e9tait gal\u00e8re, j\u2019ai pris un coup de chaud lundi donc je me suis arr\u00eat\u00e9 une heure. Mardi, \u00e7a allait mieux mais c\u2019\u00e9tait dur mentalement. Et pour le troisi\u00e8me jour, j\u2019\u00e9tais dans le nord donc c\u2019\u00e9tait beaucoup mieux\u00a0\u00bb, nous a confi\u00e9 Maxime qui est arriv\u00e9, mercredi 13 ao\u00fbt aux alentours de 13 heures, \u00e0 Calais.<\/p>\n<p class=\" wall-content\">Le jeune homme \u00e9tait seul sur son v\u00e9lo mais <strong>ses proches n\u2019\u00e9taient jamais bien loin<\/strong>. En effet, il a \u00e9t\u00e9 assist\u00e9 par une petite \u00e9quipe, qui l\u2019encourageait et le ravitaillait, tout au long de son p\u00e9riple. Il y avait sa petite amie Il\u00e9ana, son cousin Joachim et deux amis Pierre-Olivier et L\u00e9o.<\/p>\n<p>Plus de 5 000 euros r\u00e9colt\u00e9s<\/p>\n<p class=\" wall-content\">Mais outre le d\u00e9fi sportif qu\u2019il s\u2019est lanc\u00e9, Maxime J\u00e9rez a r\u00e9colt\u00e9 parall\u00e8lement des fonds pour l<strong>a Ligue contre le cancer du Rh\u00f4ne<\/strong>. \u00ab\u00a0Ma famille a r\u00e9colt\u00e9 des fonds lors de ses fun\u00e9railles mais je n\u2019ai pas eu le courage de participer. Aujourd\u2019hui, je veux faire ma part de participation \u00e0 ma mani\u00e8re\u00a0\u00bb, explique-t-il \u00e0 travers un petit communiqu\u00e9.<\/p>\n<p class=\" wall-content\">Ainsi, \u00e0 chaque kilom\u00e8tre parcouru, 5 euros ont \u00e9t\u00e9 revers\u00e9s \u00e0 l\u2019association. Une <a href=\"https:\/\/collecter.ligue-cancer.net\/fundraisers\/maxime-jerez?utm_campaign=collecter&amp;utm_content=new_action&amp;utm_medium=email-auto&amp;utm_source=kentaa&amp;fbclid=PAZXh0bgNhZW0CMTEAAae2JrIpgEzDDtxySck8pSgt5ZstrHr02uZ6m6-GUgYeuOvYTj8qvyiFdqKAEA_aem_Ugkxd8EtULFxDdd7VAHzuA\" rel=\"nofollow noopener\" target=\"_blank\">cagnotte en ligne<\/a> a \u00e9galement \u00e9t\u00e9 ouverte. \u00c0 cette heure, <strong>plus de 5 000 euros ont d\u00e9j\u00e0 \u00e9t\u00e9 r\u00e9colt\u00e9s<\/strong>. \u00ab\u00a0Je suis super satisfait\u00a0\u00bb, conclut Maxime.<\/p>\n<p class=\" wall-content\"><a href=\"https:\/\/www.instagram.com\/p\/DNSa0p-NIpW\/embed\" title=\"Ouvrir le lien sur Instagram\" rel=\"nofollow noopener\" target=\"_blank\">Visualiser le contenu sur Instagram<\/a><\/p>\n<p class=\" wall-content\">Si vous souhaitez faire un don, c\u2019est encore possible : la cagnotte ferme le 11 novembre 2025.<\/p>\n<p class=\" wall-content\">Suivez toute l\u2019actualit\u00e9 de vos villes et m\u00e9dias favoris en vous inscrivant \u00e0 <a href=\"https:\/\/moncompte.actu.fr\" title=\"D\u00e9couvez Mon Actu\" rel=\"nofollow noopener\" data-trk=\"{&quot;cta&quot;:{&quot;action&quot;:&quot;https:\\\/\\\/moncompte.actu.fr&quot;,&quot;category&quot;:&quot;mon compte&quot;,&quot;from&quot;:&quot;article footer&quot;,&quot;name&quot;:&quot;Mon actu&quot;,&quot;type&quot;:&quot;cta&quot;}}\" target=\"_blank\">Mon Actu<\/a>.<\/p>\n<p>                    <script async src=\"\/\/www.instagram.com\/embed.js\"><\/script><\/p>\n","protected":false},"excerpt":{"rendered":"Par Emma Ressegaire Publi\u00e9 le 16 ao\u00fbt 2025 \u00e0 7h34 Pendant trois jours, Maxime J\u00e9rez a arpent\u00e9 sur&hellip;\n","protected":false},"author":2,"featured_media":322280,"comment_status":"","ping_status":"","sticky":false,"template":"","format":"standard","meta":{"footnotes":""},"categories":[1889],"tags":[1111,11,2430,101,1777,674,1011,27,2428,12,25,71,104,208],"class_list":{"0":"post-322279","1":"post","2":"type-post","3":"status-publish","4":"format-standard","5":"has-post-thumbnail","7":"category-lyon","8":"tag-actu","9":"tag-actualites","10":"tag-auvergne-rhone-alpes","11":"tag-cancer","12":"tag-eu","13":"tag-europe","14":"tag-fr","15":"tag-france","16":"tag-lyon","17":"tag-news","18":"tag-republique-francaise","19":"tag-sante","20":"tag-societe","21":"tag-velo"},"share_on_mastodon":{"url":"https:\/\/pubeurope.com\/@fr\/115036929633409932","error":""},"_links":{"self":[{"href":"https:\/\/www.europesays.com\/fr\/wp-json\/wp\/v2\/posts\/322279","targetHints":{"allow":["GET"]}}],"collection":[{"href":"https:\/\/www.europesays.com\/fr\/wp-json\/wp\/v2\/posts"}],"about":[{"href":"https:\/\/www.europesays.com\/fr\/wp-json\/wp\/v2\/types\/post"}],"author":[{"embeddable":true,"href":"https:\/\/www.europesays.com\/fr\/wp-json\/wp\/v2\/users\/2"}],"replies":[{"embeddable":true,"href":"https:\/\/www.europesays.com\/fr\/wp-json\/wp\/v2\/comments?post=322279"}],"version-history":[{"count":0,"href":"https:\/\/www.europesays.com\/fr\/wp-json\/wp\/v2\/posts\/322279\/revisions"}],"wp:featuredmedia":[{"embeddable":true,"href":"https:\/\/www.europesays.com\/fr\/wp-json\/wp\/v2\/media\/322280"}],"wp:attachment":[{"href":"https:\/\/www.europesays.com\/fr\/wp-json\/wp\/v2\/media?parent=322279"}],"wp:term":[{"taxonomy":"category","embeddable":true,"href":"https:\/\/www.europesays.com\/fr\/wp-json\/wp\/v2\/categories?post=322279"},{"taxonomy":"post_tag","embeddable":true,"href":"https:\/\/www.europesays.com\/fr\/wp-json\/wp\/v2\/tags?post=322279"}],"curies":[{"name":"wp","href":"https:\/\/api.w.org\/{rel}","templated":true}]}}