{"id":322285,"date":"2025-08-16T06:05:10","date_gmt":"2025-08-16T06:05:10","guid":{"rendered":"https:\/\/www.europesays.com\/fr\/322285\/"},"modified":"2025-08-16T06:05:10","modified_gmt":"2025-08-16T06:05:10","slug":"pourquoi-80-a-90-des-pharmacies-seront-fermees-ce-samedi-en-ile-de-france","status":"publish","type":"post","link":"https:\/\/www.europesays.com\/fr\/322285\/","title":{"rendered":"Pourquoi 80 \u00e0 90 % des pharmacies seront ferm\u00e9es ce samedi en \u00cele-de-France\u00a0?"},"content":{"rendered":"<p>L&rsquo;Union des syndicats des pharmaciens d&rsquo;officine appellent ses sympathisants \u00e0 fermer leur \u00e9tablissement ce samedi 16 ao\u00fbt. Les pharmaciens d\u00e9noncent une r\u00e9duction des remises accord\u00e9es par les laboratoires sur les m\u00e9dicaments g\u00e9n\u00e9riques. 80 \u00e0 90 % des pharmacies franciliennes resteront ferm\u00e9es.<\/p>\n<p>Les pharmaciens sont en col\u00e8re et veulent le faire savoir. Ce samedi 16 ao\u00fbt,\u00a0<a class=\"IciLink ici-link IciArticleLink g-ici-body-regular-1 underline brand svelte-lu7k6w\" href=\"https:\/\/www.francebleu.fr\/infos\/sante-sciences\/90-des-pharmacies-fermees-dans-certains-departements-les-officines-appelees-a-fermer-le-rideau-samedi-16-aout-5601445\" rel=\"nofollow noopener\" target=\"_blank\">l&rsquo;Union des syndicats des pharmaciens d&rsquo;officine appellent ses sympathisants \u00e0 fermer leur \u00e9tablissement, en plein week-end du 15 ao\u00fbt.<\/a><\/p>\n<p>La raison de leur col\u00e8re\u00a0? Un d\u00e9cret du gouvernement, publi\u00e9 au Journal officiel le 6 ao\u00fbt. Il pr\u00e9voit une baisse des remises accord\u00e9es par les laboratoires aux pharmaciens sur les m\u00e9dicaments g\u00e9n\u00e9riques. Actuellement de l&rsquo;ordre de 40 % sur le prix hors-taxe, ces remises seront r\u00e9duites \u00e0 30 % \u00e0 partir du 1er septembre et des baisses successives sont pr\u00e9vues \u00e0 20% en 2027.<\/p>\n<p>Or, ce sont gr\u00e2ce \u00e0 ces remises que les pharmaciens gagnent de l&rsquo;argent. \u00ab\u00a0Sur un m\u00e9dicament \u00e0 5000 euros par exemple, on ne touche par exemple que 96 euros. Quand je d\u00e9livre des petits capteurs pour un diab\u00e9tique, je ne touche rien dessus. Il y a <strong>plein de d\u00e9livrances sur lesquelles on ne gagne presque rien<\/strong>\u00ab\u00a0, explique Delphine Chadoutaud, pr\u00e9sidente de l&rsquo;URPS Pharmaciens d&rsquo;\u00cele-de-France\u00a0\u00ab\u00a0Il faut bien qu&rsquo;on est un levier de croissance par ailleurs, et aujourd&rsquo;hui ce sont les m\u00e9dicaments g\u00e9n\u00e9riques.\u00a0\u00bb<\/p>\n<p>Des fermetures de pharmacies en Ile-de-France\u00a0?<\/p>\n<p>Avec la baisse des remises, les pharmaciens <strong>devront acheter plus cher ces g\u00e9n\u00e9riques<\/strong> tout en les vendant au m\u00eame prix. Il y aura une perte de revenu. \u00ab\u00a0J&rsquo;ai une pr\u00e9paratrice qui va partir \u00e0 la retraite, elle ne sera pas remplac\u00e9e. Nous n&rsquo;en aurons pas les moyens\u00a0\u00bb, affirme Delphine Chadoutaud, install\u00e9e en Essonne.<\/p>\n<p>Des pharmacies pourraient aussi fermer leurs portes \u00ab\u00a0parce qu&rsquo;elles ne seront <strong>pas en capacit\u00e9 \u00e9conomiquement de rester ouvertes<\/strong>\u00ab\u00a0, pr\u00e9vient B\u00e9atrice\u00a0Clairaz, pr\u00e9sidente du syndicat des pharmaciens d&rsquo;officine des Hauts-de-Seine. \u00ab\u00a0Le gouvernement est en train d&rsquo;organiser le d\u00e9sert pharmaceutique alors qu&rsquo;on avait un maillage extraordinaire\u00a0\u00bb, poursuit la professionnelle, install\u00e9e \u00e0 Ch\u00e2tenay-Malabry.<\/p>\n<p>Les pharmaciens esp\u00e8rent sensibiliser l&rsquo;opinion publique et faire revenir le gouvernent sur sa d\u00e9cision. Une nouvelle journ\u00e9e de mobilisation est d&rsquo;ores et d\u00e9j\u00e0 pr\u00e9vue en septembre.<\/p>\n","protected":false},"excerpt":{"rendered":"L&rsquo;Union des syndicats des pharmaciens d&rsquo;officine appellent ses sympathisants \u00e0 fermer leur \u00e9tablissement ce samedi 16 ao\u00fbt. Les&hellip;\n","protected":false},"author":2,"featured_media":322286,"comment_status":"","ping_status":"","sticky":false,"template":"","format":"standard","meta":{"footnotes":""},"categories":[1592],"tags":[1111,11,1777,674,1011,27,662,12,626,25],"class_list":{"0":"post-322285","1":"post","2":"type-post","3":"status-publish","4":"format-standard","5":"has-post-thumbnail","7":"category-ile-de-france","8":"tag-actu","9":"tag-actualites","10":"tag-eu","11":"tag-europe","12":"tag-fr","13":"tag-france","14":"tag-ile-de-france","15":"tag-news","16":"tag-paris","17":"tag-republique-francaise"},"share_on_mastodon":{"url":"https:\/\/pubeurope.com\/@fr\/115036941445882878","error":""},"_links":{"self":[{"href":"https:\/\/www.europesays.com\/fr\/wp-json\/wp\/v2\/posts\/322285","targetHints":{"allow":["GET"]}}],"collection":[{"href":"https:\/\/www.europesays.com\/fr\/wp-json\/wp\/v2\/posts"}],"about":[{"href":"https:\/\/www.europesays.com\/fr\/wp-json\/wp\/v2\/types\/post"}],"author":[{"embeddable":true,"href":"https:\/\/www.europesays.com\/fr\/wp-json\/wp\/v2\/users\/2"}],"replies":[{"embeddable":true,"href":"https:\/\/www.europesays.com\/fr\/wp-json\/wp\/v2\/comments?post=322285"}],"version-history":[{"count":0,"href":"https:\/\/www.europesays.com\/fr\/wp-json\/wp\/v2\/posts\/322285\/revisions"}],"wp:featuredmedia":[{"embeddable":true,"href":"https:\/\/www.europesays.com\/fr\/wp-json\/wp\/v2\/media\/322286"}],"wp:attachment":[{"href":"https:\/\/www.europesays.com\/fr\/wp-json\/wp\/v2\/media?parent=322285"}],"wp:term":[{"taxonomy":"category","embeddable":true,"href":"https:\/\/www.europesays.com\/fr\/wp-json\/wp\/v2\/categories?post=322285"},{"taxonomy":"post_tag","embeddable":true,"href":"https:\/\/www.europesays.com\/fr\/wp-json\/wp\/v2\/tags?post=322285"}],"curies":[{"name":"wp","href":"https:\/\/api.w.org\/{rel}","templated":true}]}}