{"id":322287,"date":"2025-08-16T06:06:11","date_gmt":"2025-08-16T06:06:11","guid":{"rendered":"https:\/\/www.europesays.com\/fr\/322287\/"},"modified":"2025-08-16T06:06:11","modified_gmt":"2025-08-16T06:06:11","slug":"54-departements-toujours-en-vigilance-orange-ce-samedi-avant-une-amelioration-attendue","status":"publish","type":"post","link":"https:\/\/www.europesays.com\/fr\/322287\/","title":{"rendered":"54 d\u00e9partements toujours en vigilance orange ce samedi, avant une am\u00e9lioration attendue"},"content":{"rendered":"\n<p class=\"c-chapo \">\n  Un pic de chaleur particuli\u00e8rement intense est attendu dans l&rsquo;Aude et dans l&rsquo;H\u00e9rault, selon les pr\u00e9visions de M\u00e9t\u00e9o-France. L&rsquo;alerte a \u00e9t\u00e9 lev\u00e9e dans douze d\u00e9partements.\n<\/p>\n<p>            lire plus tard<\/p>\n<p id=\"dialog__title\" class=\"dialog__title\">Pour sauvegarder cet article, connectez-vous ou cr\u00e9ez un compte franceinfo<\/p>\n<p class=\"dialog__description\">Sans paiement. Sans abonnement.<\/p>\n<p>        Fermer la fen\u00eatre d\u2019activation des notifications France Info<\/p>\n<p>            cr\u00e9er votre compte<\/p>\n<p>            se connecter<\/p>\n<p>        Fermer la fen\u00eatre de pr\u00e9sentation<\/p>\n<p>    <img loading=\"lazy\" decoding=\"async\" class=\"signature__image lazyload\" width=\"100\" height=\"100\" data- alt=\"\" src=\"https:\/\/www.europesays.com\/fr\/wp-content\/uploads\/2025\/06\/64a55fd777de4_placeholder-36b69ec8.png\"\/><\/p>\n<p>    Publi\u00e9 le 16\/08\/2025 07:07<\/p>\n<p>      Mis \u00e0 jour le 16\/08\/2025 07:47<\/p>\n<p>        Temps de lecture : 2min<\/p>\n<p>    <img decoding=\"async\"  alt=\"Une femme tente de se rafra\u00eechir \u00e0 l'aide d'un \u00e9ventail dans les rues de Saint-Etienne (Loire), le 12 ao\u00fbt 2025. (MATHIEU PRUDHOMME \/ ANADOLU VIA AFP)\" width=\"432\" height=\"243\" src=\"https:\/\/www.europesays.com\/fr\/wp-content\/uploads\/2025\/08\/068-aa-12082025-2368510-68a00f8e96cba851534067.jpg\" fetchpriority=\"high\"\/><\/p>\n<p>      Une femme tente de se rafra\u00eechir \u00e0 l&rsquo;aide d&rsquo;un \u00e9ventail dans les rues de Saint-Etienne (Loire), le 12 ao\u00fbt 2025. (MATHIEU PRUDHOMME \/ ANADOLU VIA AFP)<\/p>\n<p>La <a href=\"https:\/\/www.franceinfo.fr\/environnement\/evenements-meteorologiques-extremes\/vagues-de-chaleur-canicules\/\" rel=\"nofollow noopener\" target=\"_blank\">vague de chaleur<\/a> se poursuit sur une large partie de la France, samedi 16 ao\u00fbt, avec 54 d\u00e9partements toujours inscrits <a href=\"https:\/\/vigimeteo.com\/fr\/canicule\" target=\"_blank\" rel=\"noopener nofollow\">en vigilance orange par M\u00e9t\u00e9o-France<\/a>. L&rsquo;alerte \u00e0 la canicule a \u00e9t\u00e9 r\u00e9trograd\u00e9e dans douze d\u00e9partements : le Loir-et-Cher, l&rsquo;Indre-et-Loire, le Maine-et-Loire, la Meurthe-et-Moselle, la Moselle, le Bas-Rhin, le Haut-Rhin, le Territoire-de-Belfort, la C\u00f4te-d&rsquo;Or, les Vosges, la Haute-Sa\u00f4ne et le Doubs.<\/p>\n<p>    <img decoding=\"async\" class=\"cms-media-image lazyload\" alt=\"Au total, 54 d\u00e9partements ont \u00e9t\u00e9 plac\u00e9s en vigilance orange en raison des fortes chaleurs par M\u00e9t\u00e9o-France, le 16 ao\u00fbt 2025. (METEO-FRANCE)\" width=\"720\" height=\"614.43609022556\" data- src=\"https:\/\/www.europesays.com\/fr\/wp-content\/uploads\/2025\/08\/capture-68a010bb5db90682676803.png\"\/><\/p>\n<p>      Au total, 54 d\u00e9partements ont \u00e9t\u00e9 plac\u00e9s en vigilance orange en raison des fortes chaleurs par M\u00e9t\u00e9o-France, le 16 ao\u00fbt 2025. (METEO-FRANCE)<\/p>\n<p>Un pic de chaleur particuli\u00e8rement intense est attendu dans l&rsquo;Aude et l&rsquo;H\u00e9rault. A Montpellier, le thermom\u00e8tre devrait afficher un maximum de 42\u00b0C. Le d\u00e9partement des Bouches-du-Rh\u00f4ne conna\u00eetra une l\u00e9g\u00e8re hausse des temp\u00e9ratures maximales de 37\u00b0C \u00e0 39\u00b0C \u00e0 l&rsquo;int\u00e9rieur des terres et de 34\u00b0C \u00e0 36\u00b0C sur le littoral. L&rsquo;\u00e9pisode caniculaire dans le d\u00e9partement s&rsquo;accompagne d&rsquo;une pollution de l&rsquo;air \u00e0 l&rsquo;ozone obligeant le maintien de la circulation diff\u00e9renci\u00e9e \u00e0 Marseille.<\/p>\n<p>\u00ab\u00a0Une nouvelle accentuation notable de la chaleur [s&rsquo;est op\u00e9r\u00e9 vendredi] par le par le Sud-Ouest\u00a0\u00bb, explique le bulletin publi\u00e9 \u00e0 6 heures, apr\u00e8s un l\u00e9ger recul des temp\u00e9ratures la veille. En cons\u00e9quence, la canicule perdure, mais elle devrait r\u00e9gresser par le Nord et l&rsquo;Ouest. Dimanche, l&rsquo;alerte ne concernera plus que 36 d\u00e9partements.<\/p>\n<p>Les pr\u00e9visionnistes tablent sur une fin de la vigilance orange samedi soir pour tous les d\u00e9partements d&rsquo;Auvergne, du Limousin, de Bourgogne-Franche-Comt\u00e9, du Centre-Val-de-Loire, ainsi que pour la Loire, l&rsquo;Ain, la Loz\u00e8re, l&rsquo;Aveyron, les Deux-S\u00e8vres et la Vienne. De nouveaux orages, en d\u00e9but de semaine prochaine, devraient faire baisser les temp\u00e9ratures selon M\u00e9t\u00e9o France et mettre un terme \u00e0 ce long \u00e9pisode caniculaire.<\/p>\n<p>Le risque d&rsquo;incendies sera \u00e9galement \u00e9lev\u00e9 dans les prochains jours dans le Sud et le Centre-Ouest en raison de la s\u00e9cheresse et des vents, particuli\u00e8rement dans l&rsquo;Aude, le Vaucluse et la Dr\u00f4me qui vont passer en vigilance rouge pour le danger feux, <a href=\"https:\/\/meteofrance.com\/meteo-des-forets\" target=\"_blank\" rel=\"noopener nofollow\">a annonc\u00e9 M\u00e9t\u00e9o-France<\/a>, tandis que 25 d\u00e9partements sont plac\u00e9s en orange.\u00a0Dans l&rsquo;Aude o\u00f9 des rafales de vent pouvant atteindre les 45km\/h sont attendues samedi, 330 pompiers sont toujours mobilis\u00e9s sur l&rsquo;incendie exceptionnel qui a parcouru 16 000 hectares et n&rsquo;est toujours pas \u00e9teint avec un risque de reprises accentu\u00e9 par les fortes chaleurs.<\/p>\n","protected":false},"excerpt":{"rendered":"Un pic de chaleur particuli\u00e8rement intense est attendu dans l&rsquo;Aude et dans l&rsquo;H\u00e9rault, selon les pr\u00e9visions de M\u00e9t\u00e9o-France.&hellip;\n","protected":false},"author":2,"featured_media":322288,"comment_status":"","ping_status":"","sticky":false,"template":"","format":"standard","meta":{"footnotes":""},"categories":[1888],"tags":[1111,1928,11,1927,1777,674,1011,27,12,1926,626,1925,25],"class_list":{"0":"post-322287","1":"post","2":"type-post","3":"status-publish","4":"format-standard","5":"has-post-thumbnail","7":"category-paris","8":"tag-actu","9":"tag-actu-paris","10":"tag-actualites","11":"tag-actualites-paris","12":"tag-eu","13":"tag-europe","14":"tag-fr","15":"tag-france","16":"tag-news","17":"tag-news-paris","18":"tag-paris","19":"tag-paris-news","20":"tag-republique-francaise"},"share_on_mastodon":{"url":"https:\/\/pubeurope.com\/@fr\/115036945466516172","error":""},"_links":{"self":[{"href":"https:\/\/www.europesays.com\/fr\/wp-json\/wp\/v2\/posts\/322287","targetHints":{"allow":["GET"]}}],"collection":[{"href":"https:\/\/www.europesays.com\/fr\/wp-json\/wp\/v2\/posts"}],"about":[{"href":"https:\/\/www.europesays.com\/fr\/wp-json\/wp\/v2\/types\/post"}],"author":[{"embeddable":true,"href":"https:\/\/www.europesays.com\/fr\/wp-json\/wp\/v2\/users\/2"}],"replies":[{"embeddable":true,"href":"https:\/\/www.europesays.com\/fr\/wp-json\/wp\/v2\/comments?post=322287"}],"version-history":[{"count":0,"href":"https:\/\/www.europesays.com\/fr\/wp-json\/wp\/v2\/posts\/322287\/revisions"}],"wp:featuredmedia":[{"embeddable":true,"href":"https:\/\/www.europesays.com\/fr\/wp-json\/wp\/v2\/media\/322288"}],"wp:attachment":[{"href":"https:\/\/www.europesays.com\/fr\/wp-json\/wp\/v2\/media?parent=322287"}],"wp:term":[{"taxonomy":"category","embeddable":true,"href":"https:\/\/www.europesays.com\/fr\/wp-json\/wp\/v2\/categories?post=322287"},{"taxonomy":"post_tag","embeddable":true,"href":"https:\/\/www.europesays.com\/fr\/wp-json\/wp\/v2\/tags?post=322287"}],"curies":[{"name":"wp","href":"https:\/\/api.w.org\/{rel}","templated":true}]}}