{"id":322289,"date":"2025-08-16T06:07:17","date_gmt":"2025-08-16T06:07:17","guid":{"rendered":"https:\/\/www.europesays.com\/fr\/322289\/"},"modified":"2025-08-16T06:07:17","modified_gmt":"2025-08-16T06:07:17","slug":"charlotte-caubel-ancienne-secretaire-detat-a-lenfance-nommee-procureure-adjointe-a-paris","status":"publish","type":"post","link":"https:\/\/www.europesays.com\/fr\/322289\/","title":{"rendered":"Charlotte Caubel, ancienne secr\u00e9taire d\u2019Etat \u00e0 l\u2019enfance, nomm\u00e9e procureure adjointe \u00e0 Paris"},"content":{"rendered":"<p>                          <img loading=\"lazy\" decoding=\"async\" src=\"https:\/\/www.europesays.com\/fr\/wp-content\/uploads\/2025\/08\/cb20755_upload-1-ra6pyimuyxxt-000-33vn3ml.jpg\" alt=\"Charlotte Caubel, \u00e0 Paris, le 19\u00a0septembre 2023.\"   width=\"664\" height=\"443\"\/>    Charlotte Caubel, \u00e0 Paris, le 19\u00a0septembre 2023.  MARTIN BUREAU \/ AFP                        <\/p>\n<p class=\"article__paragraph  \">Charlotte Caubel, ancienne secr\u00e9taire d\u2019Etat sous le gouvernement d\u2019Elisabeth Borne, a \u00e9t\u00e9 nomm\u00e9e procureure de la R\u00e9publique adjointe \u00e0 Paris, selon la parution vendredi 15\u00a0ao\u00fbt au Journal officiel <a href=\"https:\/\/www.legifrance.gouv.fr\/jorf\/id\/JORFTEXT000052103137\" target=\"_blank\" rel=\"noopener nofollow\" title=\"Nouvelle fen\u00eatre\">de son d\u00e9cret de nomination par Emmanuel Macron<\/a>.<\/p>\n<p class=\"article__paragraph  \">L\u2019ex-secr\u00e9taire d\u2019Etat \u00e0 l\u2019Enfance entre 2022 et 2024, magistrate de m\u00e9tier, a \u00e9t\u00e9 nomm\u00e9e \u00e0 ce poste au tribunal judiciaire de Paris apr\u00e8s \u00ab\u00a0l\u2019avis du Conseil sup\u00e9rieur de la magistrature lors de sa s\u00e9ance du 1er\u00a0juillet\u00a02025\u00a0\u00bb, peut-on lire dans ce d\u00e9cret dat\u00e9 du 12\u00a0ao\u00fbt.<\/p>\n<p class=\"article__paragraph  \">Ce m\u00eame Conseil sup\u00e9rieur de la magistrature avait rendu un avis d\u00e9favorable fin avril \u00e0 la nomination de Charlotte Caubel au poste plus prestigieux de procureure de Cr\u00e9teil, selon plusieurs m\u00e9dias, alors qu\u2019elle \u00e9tait d\u00e9j\u00e0 soutenue par le ministre de la justice, G\u00e9rald Darmanin.<\/p>\n<p>                  Soutien d\u2019Elisabeth Borne                  <\/p>\n<p class=\"article__paragraph  \">La perspective de son arriv\u00e9e \u00e0 la t\u00eate d\u2019un important parquet de la r\u00e9gion parisienne avait suscit\u00e9 des interrogations dans la magistrature, compte tenu de son exp\u00e9rience, jug\u00e9e plus faible que celle d\u2019autres candidats. Pour le poste de procureure adjointe \u00e0 Paris, le garde des sceaux ainsi qu\u2019Elisabeth Borne ont soutenu sa candidature, selon le d\u00e9cret paru vendredi.<\/p>\n<p class=\"article__paragraph  \">La carri\u00e8re de Charlotte Caubel, 53\u00a0ans, s\u2019est partag\u00e9e entre la politique et les affectations dans diff\u00e9rentes juridictions comme Meaux, Bobigny ou Paris, o\u00f9 elle a \u00e9t\u00e9 cheffe de la section affaires \u00e9conomiques, financi\u00e8res et commerciales entre 2014 et 2017. Elle est \u00e9galement pass\u00e9e par Tracfin, l\u2019organisme de lutte contre la criminalit\u00e9 financi\u00e8re rattach\u00e9 \u00e0 Bercy.<\/p>\n<p class=\"article__paragraph  \">En politique, outre son portefeuille dans le gouvernement Borne, elle a notamment \u00e9t\u00e9 la conseill\u00e8re justice d\u2019Edouard Philippe, entre 2017 et 2020,\u00a0et directrice de la protection judiciaire de la jeunesse, de 2020 \u00e0 2022.<\/p>\n<p>                                     Lire aussi |  Article r\u00e9serv\u00e9 \u00e0 nos abonn\u00e9s  <a href=\"https:\/\/www.lemonde.fr\/societe\/article\/2025\/04\/30\/le-conseil-superieur-de-la-magistrature-rend-un-avis-defavorable-a-la-nomination-de-charlotte-caubel-comme-procureure-de-creteil_6602019_3224.html\" class=\"js-article-read-also catcher--favoris__link\" data-premium=\"1\" id=\"article-title-3420598\" rel=\"nofollow noopener\" target=\"_blank\">Le Conseil sup\u00e9rieur de la magistrature rend un avis d\u00e9favorable \u00e0 la nomination de Charlotte Caubel comme procureure de Cr\u00e9teil<\/a>    <\/p>\n<p>   Lire plus tard  <\/p>\n<p class=\"author__detail\">  Le Monde avec AFP  <\/p>\n<p>                  <a href=\"https:\/\/www.lemonde.fr\/syndication\/\" class=\"reuse__content\" title=\"R\u00e9utiliser ce contenu\" target=\"_blank\" rel=\"nofollow noopener\">R\u00e9utiliser ce contenu<\/a>      <\/p>\n","protected":false},"excerpt":{"rendered":"Charlotte Caubel, \u00e0 Paris, le 19\u00a0septembre 2023. MARTIN BUREAU \/ AFP Charlotte Caubel, ancienne secr\u00e9taire d\u2019Etat sous le&hellip;\n","protected":false},"author":2,"featured_media":322290,"comment_status":"","ping_status":"","sticky":false,"template":"","format":"standard","meta":{"footnotes":""},"categories":[1888],"tags":[1111,1928,11,1927,1777,674,1011,27,12,1926,626,1925,25],"class_list":{"0":"post-322289","1":"post","2":"type-post","3":"status-publish","4":"format-standard","5":"has-post-thumbnail","7":"category-paris","8":"tag-actu","9":"tag-actu-paris","10":"tag-actualites","11":"tag-actualites-paris","12":"tag-eu","13":"tag-europe","14":"tag-fr","15":"tag-france","16":"tag-news","17":"tag-news-paris","18":"tag-paris","19":"tag-paris-news","20":"tag-republique-francaise"},"share_on_mastodon":{"url":"https:\/\/pubeurope.com\/@fr\/115036949372541918","error":""},"_links":{"self":[{"href":"https:\/\/www.europesays.com\/fr\/wp-json\/wp\/v2\/posts\/322289","targetHints":{"allow":["GET"]}}],"collection":[{"href":"https:\/\/www.europesays.com\/fr\/wp-json\/wp\/v2\/posts"}],"about":[{"href":"https:\/\/www.europesays.com\/fr\/wp-json\/wp\/v2\/types\/post"}],"author":[{"embeddable":true,"href":"https:\/\/www.europesays.com\/fr\/wp-json\/wp\/v2\/users\/2"}],"replies":[{"embeddable":true,"href":"https:\/\/www.europesays.com\/fr\/wp-json\/wp\/v2\/comments?post=322289"}],"version-history":[{"count":0,"href":"https:\/\/www.europesays.com\/fr\/wp-json\/wp\/v2\/posts\/322289\/revisions"}],"wp:featuredmedia":[{"embeddable":true,"href":"https:\/\/www.europesays.com\/fr\/wp-json\/wp\/v2\/media\/322290"}],"wp:attachment":[{"href":"https:\/\/www.europesays.com\/fr\/wp-json\/wp\/v2\/media?parent=322289"}],"wp:term":[{"taxonomy":"category","embeddable":true,"href":"https:\/\/www.europesays.com\/fr\/wp-json\/wp\/v2\/categories?post=322289"},{"taxonomy":"post_tag","embeddable":true,"href":"https:\/\/www.europesays.com\/fr\/wp-json\/wp\/v2\/tags?post=322289"}],"curies":[{"name":"wp","href":"https:\/\/api.w.org\/{rel}","templated":true}]}}