{"id":322295,"date":"2025-08-16T06:10:14","date_gmt":"2025-08-16T06:10:14","guid":{"rendered":"https:\/\/www.europesays.com\/fr\/322295\/"},"modified":"2025-08-16T06:10:14","modified_gmt":"2025-08-16T06:10:14","slug":"echec-cuisant-en-alaska-liberation","status":"publish","type":"post","link":"https:\/\/www.europesays.com\/fr\/322295\/","title":{"rendered":"\u00e9chec cuisant en Alaska \u2013 Lib\u00e9ration"},"content":{"rendered":"<p class=\"sc-ksZaOG ehjQrN text-element\">La montagne a accouch\u00e9 d\u2019une souris. Une rencontre annonc\u00e9e comme \u00abhistorique\u00bb depuis une semaine, presque huit heures de vol pour <a href=\"https:\/\/www.liberation.fr\/international\/donald-trump-et-vladimir-poutine-se-rencontreront-vendredi-a-20-h-30-annonce-le-kremlin-20250814_OFNSIZMHDJH4DO4HZFAMRPSJ7I\/\" target=\"_blank\" rel=\"noopener\">Donald Trump et Vladimir Poutine<\/a>, trois heures de r\u00e9union en face-\u00e0-face en Alaska avec leurs plus proches conseillers\u2026 et \u00e7a fait pschittt. Pas de cessez-le-feu, pas d\u2019accord, pas de concession. La rencontre tant attendue entre le pr\u00e9sident am\u00e9ricain et son homologue russe en Alaska a des airs de rat\u00e9.<\/p>\n<p class=\"sc-ksZaOG ehjQrN text-element\">Pendant leur tr\u00e8s courte conf\u00e9rence de presse commune &#8211; douze minutes top chrono &#8211; les deux dirigeants sont rest\u00e9s vagues. Vladimir Poutine prend la parole le premier. Au diable le protocole habituel qui veut qu\u2019en territoire am\u00e9ricain, le pr\u00e9sident des Etats-Unis s\u2019exprime d\u2019abord. Le dirigeant russe, <a href=\"https:\/\/www.liberation.fr\/international\/amerique\/sommet-trump-poutine-la-base-aerienne-delmendorf-richardson-lieu-de-rencontre-historique-et-hautement-strategique-20250814_MPCID64HJZDIRGOEUBSWDXD5EU\/\" target=\"_blank\" rel=\"noopener\">comme s\u2019il \u00e9tait chez lui<\/a>, assure que les \u00abn\u00e9gociations se sont d\u00e9roul\u00e9es dans une atmosph\u00e8re constructive et de respect mutuel\u00bb. Il qualifie leur \u00e9change de \u00abtr\u00e8s approfondi et utile\u00bb. La Russie est \u00absinc\u00e8rement int\u00e9ress\u00e9e \u00e0 mettre fin\u00bb au conflit en Ukraine, et esp\u00e8re que \u00ab<\/p>\n","protected":false},"excerpt":{"rendered":"La montagne a accouch\u00e9 d\u2019une souris. Une rencontre annonc\u00e9e comme \u00abhistorique\u00bb depuis une semaine, presque huit heures de&hellip;\n","protected":false},"author":2,"featured_media":322296,"comment_status":"","ping_status":"","sticky":false,"template":"","format":"standard","meta":{"footnotes":""},"categories":[1591],"tags":[11,75,73,1887,12,1885,1886,132,220,297,135,134],"class_list":{"0":"post-322295","1":"post","2":"type-post","3":"status-publish","4":"format-standard","5":"has-post-thumbnail","7":"category-russie","8":"tag-actualites","9":"tag-donald-trump","10":"tag-etats-unis","11":"tag-federation-de-russie","12":"tag-news","13":"tag-russia","14":"tag-russian-federation","15":"tag-russie","16":"tag-ukraine","17":"tag-ukraine-la-crise","18":"tag-vladimir-poutine","19":"tag-volodymyr-zelensky"},"share_on_mastodon":{"url":"https:\/\/pubeurope.com\/@fr\/115036961486763799","error":""},"_links":{"self":[{"href":"https:\/\/www.europesays.com\/fr\/wp-json\/wp\/v2\/posts\/322295","targetHints":{"allow":["GET"]}}],"collection":[{"href":"https:\/\/www.europesays.com\/fr\/wp-json\/wp\/v2\/posts"}],"about":[{"href":"https:\/\/www.europesays.com\/fr\/wp-json\/wp\/v2\/types\/post"}],"author":[{"embeddable":true,"href":"https:\/\/www.europesays.com\/fr\/wp-json\/wp\/v2\/users\/2"}],"replies":[{"embeddable":true,"href":"https:\/\/www.europesays.com\/fr\/wp-json\/wp\/v2\/comments?post=322295"}],"version-history":[{"count":0,"href":"https:\/\/www.europesays.com\/fr\/wp-json\/wp\/v2\/posts\/322295\/revisions"}],"wp:featuredmedia":[{"embeddable":true,"href":"https:\/\/www.europesays.com\/fr\/wp-json\/wp\/v2\/media\/322296"}],"wp:attachment":[{"href":"https:\/\/www.europesays.com\/fr\/wp-json\/wp\/v2\/media?parent=322295"}],"wp:term":[{"taxonomy":"category","embeddable":true,"href":"https:\/\/www.europesays.com\/fr\/wp-json\/wp\/v2\/categories?post=322295"},{"taxonomy":"post_tag","embeddable":true,"href":"https:\/\/www.europesays.com\/fr\/wp-json\/wp\/v2\/tags?post=322295"}],"curies":[{"name":"wp","href":"https:\/\/api.w.org\/{rel}","templated":true}]}}