{"id":322297,"date":"2025-08-16T06:11:11","date_gmt":"2025-08-16T06:11:11","guid":{"rendered":"https:\/\/www.europesays.com\/fr\/322297\/"},"modified":"2025-08-16T06:11:11","modified_gmt":"2025-08-16T06:11:11","slug":"politique-gaza-ukraine-budget-lete-contrarie-demmanuel-macron","status":"publish","type":"post","link":"https:\/\/www.europesays.com\/fr\/322297\/","title":{"rendered":"Politique. Gaza, Ukraine, budget\u2026 l\u2019\u00e9t\u00e9 contrari\u00e9 d&rsquo;Emmanuel Macron"},"content":{"rendered":"<p>Il manquait une image \u00e0 la galerie politique estivale, elle est arriv\u00e9e l\u00e0 o\u00f9 on ne l\u2019attendait pas\u00a0: le <a href=\"https:\/\/www.tmz.com\/2025\/08\/14\/french-president-emmanuel-macron-abs-jet-ski\/\" target=\"_blank\" rel=\"noopener\">site people am\u00e9ricain TMZ<\/a> a publi\u00e9 jeudi les traditionnelles photos varoises du pr\u00e9sident de la R\u00e9publique en vacancier au fort de Br\u00e9gan\u00e7on, en short de bain, le muscle saillant et bronz\u00e9, mais aussi avec des lunettes de soleil sur un jet-ski. \u00c0 part ces clich\u00e9s pris au t\u00e9l\u00e9objectif, <a href=\"https:\/\/www.ledauphine.com\/p\/emmanuel-macron\" target=\"_blank\" rel=\"noopener\">Emmanuel Macron<\/a> appara\u00eet surtout en costume \u00e0 Br\u00e9gan\u00e7on, comme en compagnie du pr\u00e9sident de conseil europ\u00e9en Antonio Costa, apr\u00e8s une visioconf\u00e9rence sur l\u2019Ukraine.<\/p>\n<p>  Longue discr\u00e9tion<\/p>\n<p>C\u2019est l\u2019illustration d\u2019un \u00e9t\u00e9 pr\u00e9sidentiel domin\u00e9 par l\u2019actualit\u00e9 diplomatique la plus aigu\u00eb. \u00c0 Gaza, l\u2019offensive d\u2019Isra\u00ebl et la volont\u00e9 de Benjamin Netanyahou <a href=\"https:\/\/www.ledauphine.com\/defense-guerre-conflit\/2025\/08\/13\/le-chef-d-etat-major-de-tsahal-approuve-le-plan-d-occupation-de-gaza\" target=\"_blank\" rel=\"noopener\">d\u2019occuper le territoire palestinien<\/a>. En Ukraine, un <a href=\"https:\/\/www.ledauphine.com\/defense-guerre-conflit\/2025\/08\/15\/un-duel-a-haut-risque-ce-qu-il-faut-attendre-du-sommet-trump-poutine-ce-vendredi\" target=\"_blank\" rel=\"noopener\">sommet surprise des \u00c9tats-Unis et de la Russie<\/a> afin de discuter des suites de la guerre. Dans les deux cas, une Europe mise \u00e0 l\u2019\u00e9cart et un pr\u00e9sident fran\u00e7ais s\u2019agitant pour qu\u2019il en soit autrement.<\/p>\n<p>Sa traditionnelle sortie \u00e0 Bormes, ce dimanche, n\u2019en sera que mieux observ\u00e9e. Car cela fait des semaines que le pr\u00e9sident n\u2019est pas intervenu en d\u00e9tail sur la politique int\u00e9rieure \u2013 depuis exactement le 13\u00a0mai sur TF1\u00a0: un long, tr\u00e8s long entretien (deux heures et demie) qui <a href=\"https:\/\/www.ledauphine.com\/politique\/2025\/05\/13\/gaza-retraites-fin-de-vie-referendums-ce-qu-il-faut-retenir-du-grand-oral-d-emmanuel-macron-sur-tf1\" target=\"_blank\" rel=\"noopener\">n\u2019avait accouch\u00e9 d\u2019aucune annonce<\/a>. Rien, par exemple, sur des r\u00e9f\u00e9rendums dont l\u2019\u00c9lys\u00e9e avait pourtant entretenu l\u2019attente.<\/p>\n<p>  \u00ab\u00a0Pas assez craints\u00a0\u00bb<\/p>\n<p>Dans le Var l\u2019an dernier, sur les d\u00e9combres de la dissolution, Emmanuel Macron avait appel\u00e9 \u00e0 ne pas \u00ab\u00a0c\u00e9der \u00e0 la division\u00a0\u00bb. Un an plus tard, la division est plus mena\u00e7ante que jamais, avec un objet de taille\u00a0: <a href=\"https:\/\/www.ledauphine.com\/politique\/2025\/07\/15\/nous-sommes-en-danger-gravissime-francois-bayrou-presente-la-douloureuse-aux-francais\" target=\"_blank\" rel=\"noopener\">les mesures budg\u00e9taires pr\u00e9sent\u00e9es le 15 juillet par son Premier ministre<\/a>. Il est rest\u00e9 discret sur le sujet, se contentant de saluer en conseil des ministres la \u00ab\u00a0vertu du courage, de l\u2019audace et de la lucidit\u00e9\u00a0\u00bb de ces propositions.<\/p>\n<p>Le dernier conseil des ministres de la saison, le 30\u00a0juillet, a d\u2019ailleurs soulign\u00e9 la fragilit\u00e9 de sa position. En Europe, avec sa critique de l\u2019accord conclu par son alli\u00e9e <a href=\"https:\/\/www.ledauphine.com\/p\/ursula-von-der-leyen\" target=\"_blank\" rel=\"noopener\">Ursula von der Leyen<\/a> sur les droits de douane am\u00e9ricains (\u00ab\u00a0Nous n\u2019avons pas \u00e9t\u00e9 assez craints\u00a0\u00bb). Et en France, avec un propos sur l\u2019universalisme oubli\u00e9 de la communaut\u00e9 juive (que l\u2019\u00c9lys\u00e9e d\u00e9ment) lui ayant valu une vive r\u00e9action du pr\u00e9sident du Crif.<\/p>\n<p>  Un budget, deux mobilisations<\/p>\n<p>La rentr\u00e9e pr\u00e9sidentielle ne s\u2019annonce gu\u00e8re ensoleill\u00e9e. Le projet de budget de son Premier ministre para\u00eet condamn\u00e9 \u00e0 la censure quand le Parti socialiste r\u00e9clame par la voix du d\u00e9put\u00e9 Philippe Brun de \u00ab\u00a0r\u00e9duire de moiti\u00e9\u00a0\u00bb l\u2019effort annonc\u00e9 de 43\u00a0milliards d\u2019euros. Et la contestation se met d\u00e9j\u00e0 en place. D\u2019un c\u00f4t\u00e9 <a href=\"https:\/\/www.ledauphine.com\/politique\/2025\/08\/09\/bloquons-tout-quel-est-ce-mouvement-citoyen-qui-appelle-a-la-paralysie-le-10-septembre\" target=\"_blank\" rel=\"noopener\">le mot d\u2019ordre \u00ab Tout bloquer \u00bb le 10 septembre,<\/a> d\u2019autant plus craint que le flou demeure sur ses instigateurs. De l\u2019autre, la mobilisation plus classique des organisations syndicales contre le \u00ab\u00a0mus\u00e9e des horreurs\u00a0\u00bb, pour citer <a href=\"https:\/\/www.ledauphine.com\/p\/marylise-leon\" target=\"_blank\" rel=\"noopener\">Marylise L\u00e9on<\/a> (CFDT).<\/p>\n<p>N\u2019oublions pas, enfin, le constat de d\u00e9c\u00e8s anthume de l\u2019aventure politique pr\u00e9sidentielle dress\u00e9 \u00e0 la veille des vacances par son ministre de l\u2019Int\u00e9rieur <a href=\"https:\/\/www.ledauphine.com\/p\/bruno-retailleau\" target=\"_blank\" rel=\"noopener\">Bruno Retailleau<\/a>\u00a0: \u00ab\u00a0le macronisme s\u2019ach\u00e8vera avec Emmanuel Macron\u00a0\u00bb. L\u2019ann\u00e9e derni\u00e8re, c\u2019est le ministre de la Justice <a href=\"https:\/\/www.ledauphine.com\/p\/gerald-darmanin\" target=\"_blank\" rel=\"noopener\">G\u00e9rald Darmanin<\/a> qui faisait savoir qu\u2019il s\u2019inqui\u00e9tait de \u00ab\u00a0ce qu\u2019il se passera en 2027\u00a0\u00bb. Ils sont nombreux \u00e0 r\u00eaver pour eux-m\u00eames de vacances estivales au fort de Br\u00e9gan\u00e7on.<\/p>\n","protected":false},"excerpt":{"rendered":"Il manquait une image \u00e0 la galerie politique estivale, elle est arriv\u00e9e l\u00e0 o\u00f9 on ne l\u2019attendait pas\u00a0:&hellip;\n","protected":false},"author":2,"featured_media":322298,"comment_status":"","ping_status":"","sticky":false,"template":"","format":"standard","meta":{"footnotes":""},"categories":[1590],"tags":[11,3206,1777,674,107,329,12,316,220],"class_list":{"0":"post-322297","1":"post","2":"type-post","3":"status-publish","4":"format-standard","5":"has-post-thumbnail","7":"category-ukraine","8":"tag-actualites","9":"tag-defense-guerre-conflit","10":"tag-eu","11":"tag-europe","12":"tag-fil-info","13":"tag-france-monde","14":"tag-news","15":"tag-politique","16":"tag-ukraine"},"share_on_mastodon":{"url":"https:\/\/pubeurope.com\/@fr\/115036965003471011","error":""},"_links":{"self":[{"href":"https:\/\/www.europesays.com\/fr\/wp-json\/wp\/v2\/posts\/322297","targetHints":{"allow":["GET"]}}],"collection":[{"href":"https:\/\/www.europesays.com\/fr\/wp-json\/wp\/v2\/posts"}],"about":[{"href":"https:\/\/www.europesays.com\/fr\/wp-json\/wp\/v2\/types\/post"}],"author":[{"embeddable":true,"href":"https:\/\/www.europesays.com\/fr\/wp-json\/wp\/v2\/users\/2"}],"replies":[{"embeddable":true,"href":"https:\/\/www.europesays.com\/fr\/wp-json\/wp\/v2\/comments?post=322297"}],"version-history":[{"count":0,"href":"https:\/\/www.europesays.com\/fr\/wp-json\/wp\/v2\/posts\/322297\/revisions"}],"wp:featuredmedia":[{"embeddable":true,"href":"https:\/\/www.europesays.com\/fr\/wp-json\/wp\/v2\/media\/322298"}],"wp:attachment":[{"href":"https:\/\/www.europesays.com\/fr\/wp-json\/wp\/v2\/media?parent=322297"}],"wp:term":[{"taxonomy":"category","embeddable":true,"href":"https:\/\/www.europesays.com\/fr\/wp-json\/wp\/v2\/categories?post=322297"},{"taxonomy":"post_tag","embeddable":true,"href":"https:\/\/www.europesays.com\/fr\/wp-json\/wp\/v2\/tags?post=322297"}],"curies":[{"name":"wp","href":"https:\/\/api.w.org\/{rel}","templated":true}]}}