{"id":322303,"date":"2025-08-16T06:14:35","date_gmt":"2025-08-16T06:14:35","guid":{"rendered":"https:\/\/www.europesays.com\/fr\/322303\/"},"modified":"2025-08-16T06:14:35","modified_gmt":"2025-08-16T06:14:35","slug":"le-vice-president-du-bundestag-allemand-suggere-une-adhesion-de-la-suisse-a-lue","status":"publish","type":"post","link":"https:\/\/www.europesays.com\/fr\/322303\/","title":{"rendered":"Le vice-pr\u00e9sident du Bundestag allemand sugg\u00e8re une adh\u00e9sion de la Suisse \u00e0 l\u2019UE"},"content":{"rendered":"<p>Le vice-pr\u00e9sident du Bundestag allemand, Omid Nouripour, \u00e9voque une adh\u00e9sion de la Suisse \u00e0 l\u2019Union europ\u00e9enne, dans le contexte du conflit douanier avec les Etats-Unis. Le repr\u00e9sentant des Verts s\u2019est ainsi exprim\u00e9 aupr\u00e8s de l\u2019agence de presse allemande (DPA): \u00abLe gouvernement f\u00e9d\u00e9ral devrait maintenant proposer \u00e0 la Suisse d\u2019approfondir rapidement la coop\u00e9ration, jusqu\u2019\u00e0 une turbo-adh\u00e9sion de la Suisse \u00e0 l\u2019UE\u00bb.<\/p>\n<p>M.Nouripour a ajout\u00e9: \u00abSi, sous le signe des temps nouveaux, nos amis suisses souhaitent se rapprocher davantage de l\u2019Union europ\u00e9enne, l\u2019Allemagne devrait soutenir activement cette d\u00e9marche\u00bb. \u00abPendant des si\u00e8cles, les Suisses ont cultiv\u00e9 une tradition de stricte neutralit\u00e9\u00bb, a d\u00e9clar\u00e9 M.Nouripour, \u00abmais le r\u00e9cent conflit douanier avec Donald Trump montre douloureusement \u00e0 quel point les petits Etats sont vuln\u00e9rables lorsqu\u2019ils sont livr\u00e9s \u00e0 eux-m\u00eames. Politiquement neutre, \u00e9conomiquement global \u2013 ce n\u2019est plus possible dans la nouvelle \u00e8re\u00bb, pas dans un monde o\u00f9 les r\u00e8gles \u00e9tablies sont de plus en plus menac\u00e9es par la loi du plus fort.<\/p>\n<p>\u00abLa Suisse a beau \u00eatre riche, elle n\u2019en est pas moins livr\u00e9e au jeu arbitraire des grands. Dans ce contexte, l\u2019UE n\u2019est peut-\u00eatre pas le meilleur choix du point de vue suisse, mais elle est de loin le plus fiable.\u00bb La Suisse serait sans aucun doute un atout pour l\u2019UE, mais l\u2019UE a aussi beaucoup \u00e0 offrir \u00e0 la Conf\u00e9d\u00e9ration en ces temps de n\u00e9cessaire coh\u00e9sion.<\/p>\n<p>Sociaux-d\u00e9mocrates ouverts<\/p>\n<p>Avant lui, Markus T\u00f6ns, porte-parole du groupe parlementaire social-d\u00e9mocrate au Bundestag pour les questions europ\u00e9ennes, s\u2019\u00e9tait d\u00e9j\u00e0 montr\u00e9 ouvert \u00e0 l\u2019id\u00e9e d\u2019accueillir la Suisse en tant que 28e membre de l\u2019Union europ\u00e9enne. \u00abSi la Suisse fait une demande d\u2019adh\u00e9sion \u00e0 l\u2019UE, elle sera la bienvenue\u00bb, a d\u00e9clar\u00e9 M.T\u00f6ns au Spiegel.<\/p>\n<p>Le pr\u00e9sident am\u00e9ricain Donald Trump a impos\u00e9 un droit de douane de 39% sur les importations en provenance de Suisse, en vigueur depuis le 7\u00a0ao\u00fbt. Pour la plupart des produits issus de l\u2019Union europ\u00e9enne, le taux est fix\u00e9 \u00e0 15%. En r\u00e9action \u00e0 ces droits de douane am\u00e9ricains, une coop\u00e9ration plus \u00e9troite avec l\u2019Union europ\u00e9enne a \u00e9t\u00e9 demand\u00e9e en Suisse. Toutefois, une adh\u00e9sion \u00e0 l\u2019UE n\u2019est pas envisag\u00e9e. C\u2019est plut\u00f4t le paquet d\u2019accords avec l\u2019UE qui est au centre des d\u00e9bats.<\/p>\n","protected":false},"excerpt":{"rendered":"Le vice-pr\u00e9sident du Bundestag allemand, Omid Nouripour, \u00e9voque une adh\u00e9sion de la Suisse \u00e0 l\u2019Union europ\u00e9enne, dans le&hellip;\n","protected":false},"author":2,"featured_media":322304,"comment_status":"","ping_status":"","sticky":false,"template":"","format":"standard","meta":{"footnotes":""},"categories":[1587],"tags":[11,672,1804,1805,1803,1777,674,4438,1801,12,1802,364],"class_list":{"0":"post-322303","1":"post","2":"type-post","3":"status-publish","4":"format-standard","5":"has-post-thumbnail","7":"category-allemagne","8":"tag-actualites","9":"tag-allemagne","10":"tag-bundesrepublik-deutschland","11":"tag-de","12":"tag-deutschland","13":"tag-eu","14":"tag-europe","15":"tag-free","16":"tag-germany","17":"tag-news","18":"tag-republique-federale-dallemagne","19":"tag-union-europeenne"},"share_on_mastodon":{"url":"https:\/\/pubeurope.com\/@fr\/115036976816064315","error":""},"_links":{"self":[{"href":"https:\/\/www.europesays.com\/fr\/wp-json\/wp\/v2\/posts\/322303","targetHints":{"allow":["GET"]}}],"collection":[{"href":"https:\/\/www.europesays.com\/fr\/wp-json\/wp\/v2\/posts"}],"about":[{"href":"https:\/\/www.europesays.com\/fr\/wp-json\/wp\/v2\/types\/post"}],"author":[{"embeddable":true,"href":"https:\/\/www.europesays.com\/fr\/wp-json\/wp\/v2\/users\/2"}],"replies":[{"embeddable":true,"href":"https:\/\/www.europesays.com\/fr\/wp-json\/wp\/v2\/comments?post=322303"}],"version-history":[{"count":0,"href":"https:\/\/www.europesays.com\/fr\/wp-json\/wp\/v2\/posts\/322303\/revisions"}],"wp:featuredmedia":[{"embeddable":true,"href":"https:\/\/www.europesays.com\/fr\/wp-json\/wp\/v2\/media\/322304"}],"wp:attachment":[{"href":"https:\/\/www.europesays.com\/fr\/wp-json\/wp\/v2\/media?parent=322303"}],"wp:term":[{"taxonomy":"category","embeddable":true,"href":"https:\/\/www.europesays.com\/fr\/wp-json\/wp\/v2\/categories?post=322303"},{"taxonomy":"post_tag","embeddable":true,"href":"https:\/\/www.europesays.com\/fr\/wp-json\/wp\/v2\/tags?post=322303"}],"curies":[{"name":"wp","href":"https:\/\/api.w.org\/{rel}","templated":true}]}}