{"id":322311,"date":"2025-08-16T06:18:13","date_gmt":"2025-08-16T06:18:13","guid":{"rendered":"https:\/\/www.europesays.com\/fr\/322311\/"},"modified":"2025-08-16T06:18:13","modified_gmt":"2025-08-16T06:18:13","slug":"un-jeune-homme-tue-de-plusieurs-coups-de-couteau-en-pleine-rue","status":"publish","type":"post","link":"https:\/\/www.europesays.com\/fr\/322311\/","title":{"rendered":"Un jeune homme tu\u00e9 de plusieurs coups de couteau en pleine rue"},"content":{"rendered":"<p>Un homme de 25 ans est d\u00e9c\u00e9d\u00e9 ce vendredi matin \u00e0 <a href=\"https:\/\/www.20minutes.fr\/societe\/4165016-20250725-rennes-0-reussite-toute-classe-quoi-probleme-resultats-bts\" target=\"_blank\" class=\"c-link c-link--is-underlined\" rel=\"noopener\">Rennes<\/a> (Ille-et-Vilaine) apr\u00e8s avoir \u00e9t\u00e9 agress\u00e9 \u00e0 l\u2019arme blanche dans un r\u00e8glement de compte. Gri\u00e8vement bless\u00e9e de plusieurs coups, la victime a tent\u00e9 de se diriger vers la station de m\u00e9tro la plus proche, laissant derri\u00e8re elle, d\u2019impressionnantes traces de sang.<\/p>\n<p>Malgr\u00e9<a href=\"https:\/\/www.20minutes.fr\/societe\/4165846-20250730-incendies-certaines-casernes-appel-secours-pourquoi-manque-pompiers-volontaires\" target=\"_blank\" class=\"c-link c-link--is-underlined\" rel=\"noopener\"> l\u2019intervention des pompiers<\/a> \u00e0 5 heures du matin dans le quartier de Maurepas, connu pour le trafic de stup\u00e9fiants, l\u2019individu a succomb\u00e9 des suites d\u2019un arr\u00eat cardiorespiratoire rapporte <a href=\"https:\/\/www.letelegramme.fr\/ille-et-vilaine\/rennes-35000\/a-rennes-un-homme-de-25-ans-succombe-a-une-blessure-par-balle-dans-le-quartier-de-maurepas-6871557.php\" target=\"_blank\" class=\"c-link c-link--is-underlined\" rel=\"noopener\">Le T\u00e9l\u00e9gramme<\/a>.<\/p>\n<p>Une enqu\u00eate ouverte<\/p>\n<p>\u00ab\u00a0Les faits sont cons\u00e9cutifs \u00e0 un <a href=\"https:\/\/www.20minutes.fr\/dossier\/reglement-compte\" target=\"_blank\" class=\"c-link c-link--is-underlined\" rel=\"noopener\">r\u00e8glement de compte<\/a> qui a eu lieu quelques heures plus t\u00f4t\u00a0\u00bb, indique le quotidien r\u00e9gional qui rappelle que deux personnes avaient \u00e9t\u00e9 tu\u00e9es pour les m\u00eames raisons dans ce quartier en mars\u00a02023.<\/p>\n<\/p>\n<p>Une enqu\u00eate polici\u00e8re a \u00e9t\u00e9 ouverte par la Division de la criminalit\u00e9 organis\u00e9e et sp\u00e9cialis\u00e9e (DCOS, ex-PJ).<\/p>\n","protected":false},"excerpt":{"rendered":"Un homme de 25 ans est d\u00e9c\u00e9d\u00e9 ce vendredi matin \u00e0 Rennes (Ille-et-Vilaine) apr\u00e8s avoir \u00e9t\u00e9 agress\u00e9 \u00e0&hellip;\n","protected":false},"author":2,"featured_media":322312,"comment_status":"","ping_status":"","sticky":false,"template":"","format":"standard","meta":{"footnotes":""},"categories":[2],"tags":[47,11,829,118,7641,1011,27,848,12,1311,584,25,887],"class_list":{"0":"post-322311","1":"post","2":"type-post","3":"status-publish","4":"format-standard","5":"has-post-thumbnail","7":"category-actualites","8":"tag-actualite","9":"tag-actualites","10":"tag-bretagne","11":"tag-faits-divers","12":"tag-faits-divers-rennes","13":"tag-fr","14":"tag-france","15":"tag-ille-et-vilaine","16":"tag-news","17":"tag-pompiers","18":"tag-rennes","19":"tag-republique-francaise","20":"tag-trafic-de-drogue"},"share_on_mastodon":{"url":"https:\/\/pubeurope.com\/@fr\/115036992566750257","error":""},"_links":{"self":[{"href":"https:\/\/www.europesays.com\/fr\/wp-json\/wp\/v2\/posts\/322311","targetHints":{"allow":["GET"]}}],"collection":[{"href":"https:\/\/www.europesays.com\/fr\/wp-json\/wp\/v2\/posts"}],"about":[{"href":"https:\/\/www.europesays.com\/fr\/wp-json\/wp\/v2\/types\/post"}],"author":[{"embeddable":true,"href":"https:\/\/www.europesays.com\/fr\/wp-json\/wp\/v2\/users\/2"}],"replies":[{"embeddable":true,"href":"https:\/\/www.europesays.com\/fr\/wp-json\/wp\/v2\/comments?post=322311"}],"version-history":[{"count":0,"href":"https:\/\/www.europesays.com\/fr\/wp-json\/wp\/v2\/posts\/322311\/revisions"}],"wp:featuredmedia":[{"embeddable":true,"href":"https:\/\/www.europesays.com\/fr\/wp-json\/wp\/v2\/media\/322312"}],"wp:attachment":[{"href":"https:\/\/www.europesays.com\/fr\/wp-json\/wp\/v2\/media?parent=322311"}],"wp:term":[{"taxonomy":"category","embeddable":true,"href":"https:\/\/www.europesays.com\/fr\/wp-json\/wp\/v2\/categories?post=322311"},{"taxonomy":"post_tag","embeddable":true,"href":"https:\/\/www.europesays.com\/fr\/wp-json\/wp\/v2\/tags?post=322311"}],"curies":[{"name":"wp","href":"https:\/\/api.w.org\/{rel}","templated":true}]}}