{"id":322317,"date":"2025-08-16T06:22:10","date_gmt":"2025-08-16T06:22:10","guid":{"rendered":"https:\/\/www.europesays.com\/fr\/322317\/"},"modified":"2025-08-16T06:22:10","modified_gmt":"2025-08-16T06:22:10","slug":"un-titre-a-conserver-pour-les-springboks","status":"publish","type":"post","link":"https:\/\/www.europesays.com\/fr\/322317\/","title":{"rendered":"un titre \u00e0 conserver pour les Springboks"},"content":{"rendered":"<p>Valleau\u00a0: \u00ab\u00a0Les All Blacks d\u00e9butentun nouveau cycle\u00a0\u00bb<\/p>\n<p>Ancien joueur de l&rsquo;\u00e9quipe de France \u00e0 7, puis de Vannes, le Toulousain Sacha Valleau (28\u00a0ans), consultant Canal+\u00a0pour le Rugby Championship, d\u00e9crypte l&rsquo;\u00e9dition 2025.<br \/>\u00ab\u00a0L&rsquo;Afrique du Sud et la Nouvelle-Z\u00e9lande sortent du lot et il faudra attendre d\u00e9but septembre pour savoir qui terminera \u00e0 la premi\u00e8re place. Leur duel, en terre kiwi, sera riche d&rsquo;enseignements. Devant, les Springboks s&rsquo;appuient sur leur ADN. On les annonce vieillissant, avec une moyenne d&rsquo;\u00e2ge de 32\/33\u00a0ans, mais leur jeu ne baisse pas en intensit\u00e9 et leur troisi\u00e8me rideau offensif (arri\u00e8re et ailiers) reste tr\u00e8s tranchant.<br \/>Leur s\u00e9lection \u00e0 7 et leurs U20 sont champions du monde, ce qui en dit long sur la qualit\u00e9 de leur r\u00e9servoir. Les All Blacks, eux, d\u00e9butent un nouveau cycle, initi\u00e9 par trois victoires face au quinze de France. Ils seront priv\u00e9s de leur ma\u00eetre \u00e0 jouer, le demi de m\u00eal\u00e9e des Hurricanes, Cameron Roignard, bless\u00e9 (fracture de fatigue au pied). Mais de jeunes talents \u00e9mergent et ils r\u00e9ussiront sans aucun doute \u00e0 compenser l&rsquo;absence du demi de m\u00eal\u00e9e des Hurricanes.<br \/>De leur c\u00f4t\u00e9, les Australiens, qui organisent la Coupe du monde 2027, vont vouloir chercher des victoires fondatrices. Quant aux Pumas, qui ont battu les Lions britanniques et irlandais \u00e0 Dublin (24-28) et perdu deux fois contre l&rsquo;Angleterre en tourn\u00e9e chez eux, ils restent impr\u00e9visibles, et on peut s&rsquo;attendre \u00e0 ce qu&rsquo;ils montent en puissance gr\u00e2ce \u00e0 des individualit\u00e9s comme Chocobares et Mallia, qui bonifient leur collectif.\u00a0\u00bb<\/p>\n","protected":false},"excerpt":{"rendered":"Valleau\u00a0: \u00ab\u00a0Les All Blacks d\u00e9butentun nouveau cycle\u00a0\u00bb Ancien joueur de l&rsquo;\u00e9quipe de France \u00e0 7, puis de Vannes,&hellip;\n","protected":false},"author":2,"featured_media":322318,"comment_status":"","ping_status":"","sticky":false,"template":"","format":"standard","meta":{"footnotes":""},"categories":[1416],"tags":[1011,27,479,1468,60],"class_list":{"0":"post-322317","1":"post","2":"type-post","3":"status-publish","4":"format-standard","5":"has-post-thumbnail","7":"category-rugby","8":"tag-fr","9":"tag-france","10":"tag-rugby","11":"tag-rugby-football","12":"tag-sports"},"share_on_mastodon":{"url":"https:\/\/pubeurope.com\/@fr\/115037008306923487","error":""},"_links":{"self":[{"href":"https:\/\/www.europesays.com\/fr\/wp-json\/wp\/v2\/posts\/322317","targetHints":{"allow":["GET"]}}],"collection":[{"href":"https:\/\/www.europesays.com\/fr\/wp-json\/wp\/v2\/posts"}],"about":[{"href":"https:\/\/www.europesays.com\/fr\/wp-json\/wp\/v2\/types\/post"}],"author":[{"embeddable":true,"href":"https:\/\/www.europesays.com\/fr\/wp-json\/wp\/v2\/users\/2"}],"replies":[{"embeddable":true,"href":"https:\/\/www.europesays.com\/fr\/wp-json\/wp\/v2\/comments?post=322317"}],"version-history":[{"count":0,"href":"https:\/\/www.europesays.com\/fr\/wp-json\/wp\/v2\/posts\/322317\/revisions"}],"wp:featuredmedia":[{"embeddable":true,"href":"https:\/\/www.europesays.com\/fr\/wp-json\/wp\/v2\/media\/322318"}],"wp:attachment":[{"href":"https:\/\/www.europesays.com\/fr\/wp-json\/wp\/v2\/media?parent=322317"}],"wp:term":[{"taxonomy":"category","embeddable":true,"href":"https:\/\/www.europesays.com\/fr\/wp-json\/wp\/v2\/categories?post=322317"},{"taxonomy":"post_tag","embeddable":true,"href":"https:\/\/www.europesays.com\/fr\/wp-json\/wp\/v2\/tags?post=322317"}],"curies":[{"name":"wp","href":"https:\/\/api.w.org\/{rel}","templated":true}]}}