{"id":322323,"date":"2025-08-16T06:26:09","date_gmt":"2025-08-16T06:26:09","guid":{"rendered":"https:\/\/www.europesays.com\/fr\/322323\/"},"modified":"2025-08-16T06:26:09","modified_gmt":"2025-08-16T06:26:09","slug":"je-veux-partir-lannonce-choc-dans-le-vestiaire-de-lom","status":"publish","type":"post","link":"https:\/\/www.europesays.com\/fr\/322323\/","title":{"rendered":"\u00abJe veux partir\u00bb : L&rsquo;annonce choc dans le vestiaire de l&rsquo;OM !"},"content":{"rendered":"<p>                    Arthur Montagne<br \/>\n                        &#8211;<\/p>\n<p>Journaliste<\/p>\n<p>Affam\u00e9 de sport, il a grandi au son des moteurs de Formule 1 et des exploits de Ronaldinho. Aujourd\u2019hui, diplom\u00e9 d&rsquo;un Master de journalisme de sport, il ne rate plus un Grand Prix de F1 ni un match du PSG, ses deux passions et sp\u00e9cialit\u00e9s<\/p>\n<p class=\"heading\">Longtemps annonc\u00e9 sur le d\u00e9part, Leonardo Balerdi portera cependant toujours le brassard de capitaine de l&rsquo;OM cette saison. Cependant, l&rsquo;Argentin a \u00e9galement pr\u00e9cis\u00e9 que son objectif \u00e9tait de \u00abpartir par la grande porte\u00bb. Reste d\u00e9sormais \u00e0 savoir quand ce d\u00e9part aura lieu. <\/p>\n<p>Auteur d&rsquo;une solide saison derni\u00e8re, <strong>Leonardo Balerdi<\/strong> \u00e9tait suivi par plusieurs clubs, notamment la Juventus, tr\u00e8s int\u00e9ress\u00e9e par son transfert. Mais le capitaine de l&rsquo;<strong>OM<\/strong> a d\u00e9cid\u00e9 de rester, tout en affirmant que son objectif est de \u00absortir par la grande porte\u00bb.<\/p>\n<p>                                            Balerdi confirme qu&rsquo;il reste, mais&#8230;<\/p>\n<p>\u00ab Quand la saison derni\u00e8re s\u2019est termin\u00e9e, je ne savais pas. J\u2019aime vivre le moment pr\u00e9sent ; cela fait six saisons que je suis \u00e0 l\u2019OM. Quand j\u2019y ai pens\u00e9, je me suis dit qu\u2019il y avait beaucoup de choses que j\u2019aime ici. J\u2019aime beaucoup le club. Et je me suis aussi dit : je veux sortir par la grande porte \u00bb, l\u00e2che-t-il devant les m\u00e9dias, avant de poursuivre. <\/p>\n<p>                                            \u00abJe veux sortir par la grande porte\u00bb<\/p>\n<p>\u00ab C\u2019est tout. Quand j\u2019ai vu que le coach voulait continuer et que le club allait bien, je me suis dit que j\u2019aimais \u00e7a et que je voulais rester. Cette ann\u00e9e, nos ambitions sont grandes, autant en club qu\u2019en \u00e9quipe (&#8230;) Oui, je suis fier d\u2019\u00eatre encore ici et de jouer au V\u00e9lodrome l\u2019ann\u00e9e prochaine \u00bb, ajoute <strong>Leonardo Balerdi<\/strong>.<\/p>\n","protected":false},"excerpt":{"rendered":"Arthur Montagne &#8211; Journaliste Affam\u00e9 de sport, il a grandi au son des moteurs de Formule 1 et&hellip;\n","protected":false},"author":2,"featured_media":322324,"comment_status":"","ping_status":"","sticky":false,"template":"","format":"standard","meta":{"footnotes":""},"categories":[1412],"tags":[1451,1452,1453,1454,1455,1011,27,60],"class_list":{"0":"post-322323","1":"post","2":"type-post","3":"status-publish","4":"format-standard","5":"has-post-thumbnail","7":"category-f1","8":"tag-f1","9":"tag-formula-1","10":"tag-formula1","11":"tag-formule-1","12":"tag-formule1","13":"tag-fr","14":"tag-france","15":"tag-sports"},"share_on_mastodon":{"url":"https:\/\/pubeurope.com\/@fr\/115037023973409316","error":""},"_links":{"self":[{"href":"https:\/\/www.europesays.com\/fr\/wp-json\/wp\/v2\/posts\/322323","targetHints":{"allow":["GET"]}}],"collection":[{"href":"https:\/\/www.europesays.com\/fr\/wp-json\/wp\/v2\/posts"}],"about":[{"href":"https:\/\/www.europesays.com\/fr\/wp-json\/wp\/v2\/types\/post"}],"author":[{"embeddable":true,"href":"https:\/\/www.europesays.com\/fr\/wp-json\/wp\/v2\/users\/2"}],"replies":[{"embeddable":true,"href":"https:\/\/www.europesays.com\/fr\/wp-json\/wp\/v2\/comments?post=322323"}],"version-history":[{"count":0,"href":"https:\/\/www.europesays.com\/fr\/wp-json\/wp\/v2\/posts\/322323\/revisions"}],"wp:featuredmedia":[{"embeddable":true,"href":"https:\/\/www.europesays.com\/fr\/wp-json\/wp\/v2\/media\/322324"}],"wp:attachment":[{"href":"https:\/\/www.europesays.com\/fr\/wp-json\/wp\/v2\/media?parent=322323"}],"wp:term":[{"taxonomy":"category","embeddable":true,"href":"https:\/\/www.europesays.com\/fr\/wp-json\/wp\/v2\/categories?post=322323"},{"taxonomy":"post_tag","embeddable":true,"href":"https:\/\/www.europesays.com\/fr\/wp-json\/wp\/v2\/tags?post=322323"}],"curies":[{"name":"wp","href":"https:\/\/api.w.org\/{rel}","templated":true}]}}