{"id":322333,"date":"2025-08-16T06:32:22","date_gmt":"2025-08-16T06:32:22","guid":{"rendered":"https:\/\/www.europesays.com\/fr\/322333\/"},"modified":"2025-08-16T06:32:22","modified_gmt":"2025-08-16T06:32:22","slug":"elsa-bois-ici-tout-commence-le-premier-jour-dune-nouvelle-vie-est-assez-stressant","status":"publish","type":"post","link":"https:\/\/www.europesays.com\/fr\/322333\/","title":{"rendered":"Elsa Bois (Ici tout commence) : \u00ab\u00a0Le premier jour d\u2019une nouvelle vie est assez stressant !\u00a0\u00bb"},"content":{"rendered":"<p><strong>Ninon, votre personnage, est d\u00e9crite comme \u00ab\u00a0gentille, solidaire, un peu premi\u00e8re de la classe et fleur bleue\u00a0\u00bb. Elle vous ressemble\u00a0?<\/strong><\/p>\n<p><strong>Elsa Bois<\/strong> : A la Elsa du lyc\u00e9e, oui\u00a0! J\u2019\u00e9tais un peu une t\u00eate \u00e0 l\u2019\u00e9cole et j\u2019avais de super notes\u00a0! Avec le recul, je pense que j\u2019avais un c\u00f4t\u00e9 je-sais-tout. Ninon id\u00e9alise aussi beaucoup la romance \u00e0 cause de ce qu\u2019elle voit dans les films ou les livres. Moi, j\u2019ai toujours beaucoup lu donc on va dire que j\u2019id\u00e9alisais un peu \u00e7a fa\u00e7on conte de f\u00e9es&#8230;<\/p>\n<p><strong>Comment vous sentez-vous dans la peau de Ninon\u00a0?<\/strong>\u00a0<\/p>\n<p>Lors de mes premiers essayages \u00e0 Paris, la premi\u00e8re chose que la costumi\u00e8re m\u2019a montr\u00e9 ce sont les bijoux choisis pour Ninon\u00a0: un petit collier, un bracelet, deux bagues et des petites cr\u00e9oles. Ce qui est marrant, c\u2019est que ce sont quasiment les m\u00eames que ceux que je porte moi-m\u00eame au quotidien. C\u2019\u00e9tait \u00e9trange mais je me suis du coup reconnue en elle.\u00a0<\/p>\n<p><strong>La relation entre P\u00e9n\u00e9lope et Ninon ressemble-t-elle \u00e0 celle que vous avez avec vos propres s\u0153urs Aliz\u00e9e et Lilou\u00a0?<\/strong>\u00a0<\/p>\n<p>C\u2019est diff\u00e9rent. Dans ITC, je suis la cadette alors que dans la vie, je suis l\u2019a\u00een\u00e9e. P\u00e9n\u00e9lope est tr\u00e8s protectrice avec Ninon. Elle surveille ce qui se passe dans sa vie pour s\u2019assurer que tout va bien \u00e0 l\u2019institut. Je suis moins protectrice au quotidien avec mes s\u0153urs mais nous avons le m\u00eame c\u00f4t\u00e9 fusionnel que P\u00e9n\u00e9lope et Ninon qui discutent beaucoup.<\/p>\n<p><a id=\"eztoc103266399_1\"\/>Elsa Bois se confie sur sa nouvelle vie de com\u00e9dienne dans Ici tout commence<\/p>\n<p><strong>Vous avez commenc\u00e9 \u00e0 tourner en juin dernier. Comment vous sentiez-vous avant d\u2019arriver sur le plateau\u00a0?<\/strong>\u00a0<\/p>\n<p>C\u2019\u00e9tait un peu particulier car je repartais presque \u00e0 z\u00e9ro avec un nouveau m\u00e9tier. C\u2019\u00e9tait assez stressant de me dire que c\u2019\u00e9tait le premier jour d\u2019une nouvelle aventure et d\u2019une nouvelle vie. J\u2019ai rencontr\u00e9 Laurence Facelina (qui joue P\u00e9n\u00e9lope Becker, la grande s\u0153ur de Ninon, ndlr). Elle est avec moi sur quasiment toutes les sc\u00e8nes donc c\u2019est un bon rep\u00e8re. Je sais que je peux vraiment m\u2019appuyer sur elle, d\u2019autant plus qu\u2019il y a encore des choses que je ne maitrise pas et des codes que je n\u2019ai pas dans ce domaine qu\u2019est la com\u00e9die. Je me pose plein de questions car c\u2019est un milieu tr\u00e8s complexe. Tout retenir en un jour, c\u2019est compliqu\u00e9.\u00a0<\/p>\n<p><strong>Quelles questions vous posez-vous\u00a0?<\/strong>\u00a0<\/p>\n<p>Ici tout commence, c\u2019est une \u00e9norme machine. On produit un \u00e9pisode par jour donc beaucoup de choses se passent en m\u00eame temps. Quand on arrive dans une telle machine et qu\u2019on ne connait pas le milieu de la fiction, il y a beaucoup d\u2019infos \u00e0 apprendre. J\u2019ai mis du temps \u00e0 comprendre comment tout fonctionnait donc il a fallu s\u2019habituer \u00e0 tout \u00e7a. J\u2019ai h\u00e2te de voir le rendu\u00a0!<\/p>\n<p><strong>Danse avec les stars requiert aussi d\u2019avoir un rythme intense. \u00c7a vous a aid\u00e9e pour Ici tout commence\u00a0?<\/strong><\/p>\n<p>C\u2019est justement pour \u00e7a que j\u2019ai dit : \u00ab\u00a0Presque revenir \u00e0 z\u00e9ro\u00a0\u00bb. Je ne pars pas non plus de rien. Gr\u00e2ce \u00e0 DALS, j\u2019ai l\u2019habitude des tournages et des cam\u00e9ras m\u00eame si c\u2019est diff\u00e9rent. Dans l\u2019\u00e9mission, on \u00ab\u00a0met en sc\u00e8ne\u00a0\u00bb la vraie vie sans apprendre de textes. L\u00e0, c\u2019est diff\u00e9rent. Mais je suis contente d\u2019avoir eu cette exp\u00e9rience en t\u00e9l\u00e9vision car j\u2019ai compris plus rapidement comment tout allait fonctionner.<\/p>\n<p><strong>Si vous devriez comparer la s\u00e9rie \u00e0 une danse, ce serait quoi\u00a0?<\/strong><\/p>\n<p>Une seule\u00a0? C\u2019est compliqu\u00e9 (rires)\u00a0! Je dirais un quickstep car \u00e7a va tr\u00e8s vite et il faut \u00eatre tr\u00e8s efficace\u00a0! Il ne faut pas perdre de temps et donner l\u2019impression que tout est facile. Et il faut, en m\u00eame temps, que ce soit qualitatif. Les pieds courent, courent, courent dans un quickstep alors que le haut du corps est tr\u00e8s calme, tr\u00e8s tenu. La comparaison fonctionne bien.\u00a0<\/p>\n<p><strong>Jouer la com\u00e9die \u00e9tait une envie de longue date pour vous\u00a0?<\/strong>\u00a0<\/p>\n<p>Moi, j\u2019aime bien toucher \u00e0 tout et essayer des choses diff\u00e9rentes, tant en danse que dans la vie.\u00a0 C\u2019est comme \u00e7a que j\u2019ai rejoint DALS. Je me suis dit que j\u2019allais essayer et voir ce que \u00e7a allait donner, et au final j\u2019y suis depuis 4 saisons. Ici tout commence, c\u2019est la m\u00eame chose. On m\u2019a propos\u00e9 de faire de la fiction sur TF1 et de passer des essais. Cet exercice m\u2019a plu. Et de fil en aiguille, je suis arriv\u00e9e dans Ici tout commence.\u00a0<\/p>\n<p><strong>Vous n\u2019aviez jamais cherch\u00e9 \u00e0 jouer avant\u00a0?<\/strong><\/p>\n<p>Mon programme de l\u2019ann\u00e9e \u00e9tant tellement charg\u00e9, je ne m\u2019\u00e9tais en r\u00e9alit\u00e9 jamais pos\u00e9 la question de faire de la com\u00e9die.   <a href=\"https:\/\/www.programme-television.org\/news\/series\/series-quotidiennes\/le-precieux-conseil-d-anthony-colette-a-elsa-bois-pour-ici-tout-commence-me-servir-de-ce-que-j-ai-l-habitude-de-faire-avec-mon-corps-4744076\" target=\"_blank\" rel=\"noopener nofollow\">Mais j\u2019en avais d\u00e9j\u00e0 discut\u00e9 avec d\u2019autres danseurs de l\u2019\u00e9mission, comme Fauve Hautot et Anthony Colette<\/a>, qui ont d\u00e9i\u00e0 tourn\u00e9. Je m\u2019\u00e9tais dit \u00ab\u00a0Pourquoi pas\u00a0?\u00a0\u00bb sans que \u00e7a aille plus loin. L\u00e0, c\u2019\u00e9tait le moment id\u00e9al.\u00a0\u00a0<\/p>\n<p><a id=\"eztoc103266399_2\"\/>Elsa Bois va-t-elle quitter Danse avec les stars pour la com\u00e9die ?<\/p>\n<p><strong>Comment vous \u00eates-vous pr\u00e9par\u00e9e pour ce r\u00f4le\u00a0?<\/strong>\u00a0<\/p>\n<p>Je travaille presque chaque semaine avec Pascal Barraud, le coach de la s\u00e9rie. On fait des s\u00e9ances autour des s\u00e9quences que je vais tourner ou des difficult\u00e9s que je peux avoir. On fait aussi des exercices de diction pour que je sois davantage \u00e0 l\u2019aise.\u00a0<\/p>\n<p><strong>Seriez-vous pr\u00eate \u00e0 abandonner la danse pour devenir com\u00e9dienne \u00e0 plein temps\u00a0?<\/strong>\u00a0<\/p>\n<p>La vie me permet pour l\u2019instant de faire les deux. La question ne se pose donc pas pour le moment. On verra dans le futur. Mais j\u2019aime ne pas me donner de limites. Je ne ferme la porte \u00e0 rien.<\/p>\n<p><strong>Quelles actrices vous inspirent\u00a0?<\/strong><\/p>\n<p>C\u2019est dr\u00f4le, mais lorsque ma maman a su que j\u2019allais jouer dans Ici tout commence, elle \u00e9tait tr\u00e8s heureuse car il y a Elsa Lunghini (Clotilde Armand) dans la s\u00e9rie. Je m\u2019appelle Elsa car ma m\u00e8re adorait ses chansons\u00a0! Elle aime son parcours et elle la trouve tr\u00e8s inspirante. C\u2019est un peu improbable de me dire que je joue maintenant \u00e0 ses c\u00f4t\u00e9s (rires)\u00a0!\u00a0\u00a0<\/p>\n<p>Pauline Hohoadji\n            <\/p>\n","protected":false},"excerpt":{"rendered":"Ninon, votre personnage, est d\u00e9crite comme \u00ab\u00a0gentille, solidaire, un peu premi\u00e8re de la classe et fleur bleue\u00a0\u00bb. Elle&hellip;\n","protected":false},"author":2,"featured_media":322334,"comment_status":"","ping_status":"","sticky":false,"template":"","format":"standard","meta":{"footnotes":""},"categories":[1356],"tags":[58,59,1011,27,252,1364],"class_list":{"0":"post-322333","1":"post","2":"type-post","3":"status-publish","4":"format-standard","5":"has-post-thumbnail","7":"category-television","8":"tag-divertissement","9":"tag-entertainment","10":"tag-fr","11":"tag-france","12":"tag-television","13":"tag-tv"},"share_on_mastodon":{"url":"https:\/\/pubeurope.com\/@fr\/115037048143077567","error":""},"_links":{"self":[{"href":"https:\/\/www.europesays.com\/fr\/wp-json\/wp\/v2\/posts\/322333","targetHints":{"allow":["GET"]}}],"collection":[{"href":"https:\/\/www.europesays.com\/fr\/wp-json\/wp\/v2\/posts"}],"about":[{"href":"https:\/\/www.europesays.com\/fr\/wp-json\/wp\/v2\/types\/post"}],"author":[{"embeddable":true,"href":"https:\/\/www.europesays.com\/fr\/wp-json\/wp\/v2\/users\/2"}],"replies":[{"embeddable":true,"href":"https:\/\/www.europesays.com\/fr\/wp-json\/wp\/v2\/comments?post=322333"}],"version-history":[{"count":0,"href":"https:\/\/www.europesays.com\/fr\/wp-json\/wp\/v2\/posts\/322333\/revisions"}],"wp:featuredmedia":[{"embeddable":true,"href":"https:\/\/www.europesays.com\/fr\/wp-json\/wp\/v2\/media\/322334"}],"wp:attachment":[{"href":"https:\/\/www.europesays.com\/fr\/wp-json\/wp\/v2\/media?parent=322333"}],"wp:term":[{"taxonomy":"category","embeddable":true,"href":"https:\/\/www.europesays.com\/fr\/wp-json\/wp\/v2\/categories?post=322333"},{"taxonomy":"post_tag","embeddable":true,"href":"https:\/\/www.europesays.com\/fr\/wp-json\/wp\/v2\/tags?post=322333"}],"curies":[{"name":"wp","href":"https:\/\/api.w.org\/{rel}","templated":true}]}}