{"id":322335,"date":"2025-08-16T06:33:16","date_gmt":"2025-08-16T06:33:16","guid":{"rendered":"https:\/\/www.europesays.com\/fr\/322335\/"},"modified":"2025-08-16T06:33:16","modified_gmt":"2025-08-16T06:33:16","slug":"tommy-vext-affirme-que-bad-wolves-se-reforme-avec-de-nouveaux-membres","status":"publish","type":"post","link":"https:\/\/www.europesays.com\/fr\/322335\/","title":{"rendered":"Tommy Vext affirme que Bad Wolves se reforme avec de nouveaux membres"},"content":{"rendered":"<p><strong><a href=\"https:\/\/www.metalzone.fr\/bad-wolves\/\" rel=\"nofollow noopener\" target=\"_blank\">Bad Wolves<\/a> traverse un nouveau bouleversement : selon <a href=\"https:\/\/www.metalzone.fr\/tommy-vext\/\" rel=\"nofollow noopener\" target=\"_blank\">Tommy Vext<\/a>, le groupe se reformerait actuellement autour du batteur John Boecklin avec une formation enti\u00e8rement in\u00e9dite.<\/strong><\/p>\n<p>Une reformation en pr\u00e9paration selon Tommy Vext<\/p>\n<p>Dans un \u00e9change avec un fan sur Instagram, relay\u00e9 par <a href=\"https:\/\/www.theprp.com\/2025\/08\/14\/news\/bad-wolves-are-rebuilding-their-lineup-with-all-new-members-according-to-tommy-vext\/\" target=\"_blank\" rel=\"nofollow noopener\">The PRP<\/a>, l\u2019ex-chanteur Tommy Vext a donn\u00e9 des nouvelles inattendues de Bad Wolves. Il a affirm\u00e9 que tous les membres actuels avaient quitt\u00e9 le groupe, y compris le chanteur Daniel \u201cDL\u201d Laskiewicz, et que John Boecklin travaillait \u00e0 reconstruire la formation avec \u201cde nouveaux membres\u201d pour la troisi\u00e8me fois.<\/p>\n<p>Vext a \u00e9galement r\u00e9v\u00e9l\u00e9 qu\u2019il avait renou\u00e9 avec Boecklin en mars dernier et qu\u2019il collaborait actuellement avec Chris Cain, guitariste revenu au sein du groupe plus t\u00f4t cette ann\u00e9e. Il a pr\u00e9cis\u00e9 ne pas vouloir de lien avec l\u2019ex-bassiste Kyle Konkiel et que Doc Coyle, guitariste historique, ne souhaitait pas se r\u00e9concilier malgr\u00e9 ses tentatives.<\/p>\n<p>Un contexte marqu\u00e9 par des changements r\u00e9p\u00e9t\u00e9s<\/p>\n<p>Ce rebondissement intervient quelques mois seulement apr\u00e8s les d\u00e9parts de Doc Coyle et Kyle Konkiel, remplac\u00e9s respectivement par Chris Cain et Kevin Creekman, comme nous l\u2019avions rapport\u00e9 <a href=\"https:\/\/www.metalzone.fr\/news\/212789-bad-wolves-doc-coyle-kyle-konkiel-quittent-groupe-remplacants-annonces\/\" target=\"_blank\" rel=\"noopener nofollow\">dans cet article<\/a>. Plus r\u00e9cemment, Daniel \u201cDL\u201d Laskiewicz a \u00e9t\u00e9 aper\u00e7u \u00e0 la basse avec <a href=\"https:\/\/www.metalzone.fr\/falling-in-reverse\/\" rel=\"nofollow noopener\" target=\"_blank\">Falling In Reverse<\/a>, un changement document\u00e9 <a href=\"https:\/\/www.metalzone.fr\/news\/215775-deviner-nouveau-bassiste-live-falling-in-reverse\/\" target=\"_blank\" rel=\"noopener nofollow\">ici<\/a>, renfor\u00e7ant les interrogations sur son avenir au sein de Bad Wolves.<\/p>\n<p>Le groupe, certifi\u00e9 multi-platine, est d\u00e9j\u00e0 pass\u00e9 par plusieurs remaniements majeurs depuis sa s\u00e9paration avec Vext en 2021, marqu\u00e9e par des tensions publiques et des proc\u00e9dures judiciaires. Malgr\u00e9 ces turbulences, il a poursuivi sa carri\u00e8re avec la sortie de Die About It en 2023, suivi r\u00e9cemment d\u2019une \u00e9dition deluxe comprenant neuf titres bonus, comme d\u00e9taill\u00e9 <a href=\"https:\/\/www.metalzone.fr\/news\/218903-bad-wolves-edition-deluxe-die-about-it\/\" target=\"_blank\" rel=\"noopener nofollow\">dans cet article<\/a>.<\/p>\n<p>Un avenir incertain mais plein d\u2019espoir<\/p>\n<p>Si Tommy Vext n\u2019a pas pr\u00e9cis\u00e9 l\u2019identit\u00e9 des musiciens appel\u00e9s \u00e0 rejoindre Boecklin, ses d\u00e9clarations confirment que Bad Wolves s\u2019appr\u00eate \u00e0 entamer un nouveau chapitre. Reste \u00e0 savoir si cette \u00e9ni\u00e8me reformation permettra au groupe de retrouver la stabilit\u00e9 et l\u2019\u00e9lan cr\u00e9atif qui avaient marqu\u00e9 ses d\u00e9buts avec des succ\u00e8s comme Zombie, Hear Me Now ou Remember When.<\/p>\n","protected":false},"excerpt":{"rendered":"Bad Wolves traverse un nouveau bouleversement : selon Tommy Vext, le groupe se reformerait actuellement autour du batteur&hellip;\n","protected":false},"author":2,"featured_media":322336,"comment_status":"","ping_status":"","sticky":false,"template":"","format":"standard","meta":{"footnotes":""},"categories":[1355],"tags":[58,59,1011,27,1361,873],"class_list":{"0":"post-322335","1":"post","2":"type-post","3":"status-publish","4":"format-standard","5":"has-post-thumbnail","7":"category-musique","8":"tag-divertissement","9":"tag-entertainment","10":"tag-fr","11":"tag-france","12":"tag-music","13":"tag-musique"},"share_on_mastodon":{"url":"https:\/\/pubeurope.com\/@fr\/115037051724205208","error":""},"_links":{"self":[{"href":"https:\/\/www.europesays.com\/fr\/wp-json\/wp\/v2\/posts\/322335","targetHints":{"allow":["GET"]}}],"collection":[{"href":"https:\/\/www.europesays.com\/fr\/wp-json\/wp\/v2\/posts"}],"about":[{"href":"https:\/\/www.europesays.com\/fr\/wp-json\/wp\/v2\/types\/post"}],"author":[{"embeddable":true,"href":"https:\/\/www.europesays.com\/fr\/wp-json\/wp\/v2\/users\/2"}],"replies":[{"embeddable":true,"href":"https:\/\/www.europesays.com\/fr\/wp-json\/wp\/v2\/comments?post=322335"}],"version-history":[{"count":0,"href":"https:\/\/www.europesays.com\/fr\/wp-json\/wp\/v2\/posts\/322335\/revisions"}],"wp:featuredmedia":[{"embeddable":true,"href":"https:\/\/www.europesays.com\/fr\/wp-json\/wp\/v2\/media\/322336"}],"wp:attachment":[{"href":"https:\/\/www.europesays.com\/fr\/wp-json\/wp\/v2\/media?parent=322335"}],"wp:term":[{"taxonomy":"category","embeddable":true,"href":"https:\/\/www.europesays.com\/fr\/wp-json\/wp\/v2\/categories?post=322335"},{"taxonomy":"post_tag","embeddable":true,"href":"https:\/\/www.europesays.com\/fr\/wp-json\/wp\/v2\/tags?post=322335"}],"curies":[{"name":"wp","href":"https:\/\/api.w.org\/{rel}","templated":true}]}}