{"id":322357,"date":"2025-08-16T06:46:14","date_gmt":"2025-08-16T06:46:14","guid":{"rendered":"https:\/\/www.europesays.com\/fr\/322357\/"},"modified":"2025-08-16T06:46:14","modified_gmt":"2025-08-16T06:46:14","slug":"football-ligue-2-as-nancy-lorraine","status":"publish","type":"post","link":"https:\/\/www.europesays.com\/fr\/322357\/","title":{"rendered":"Football &#8211; Ligue 2. AS Nancy Lorraine"},"content":{"rendered":"<p> ASNL &#8211; Boulogne 1-0 <\/p>\n<p>Apr\u00e8s ce Nancy-Boulogne, il reste encore trois matches \u00e0 huis clos au stade Marcel-Picot, sauf si le CNOSF venait \u00e0 demander un all\u00e9gement de la sanction. En tout cas, on ne s\u2019habituera jamais \u00e0 ces matches \u00e0 huis clos, sans supporters, o\u00f9 l\u2019on entend les joueurs parler sur le terrain et les coaches donner leurs consignes depuis le banc de touche. Comme lors d\u2019un vulgaire match de pr\u00e9paration ou une simple rencontre de District\u2026<\/p>\n<p>Est-ce pour cette raison, \u00e0 cause de cette atmosph\u00e8re bien tristounette, que l\u2019ASNL a commenc\u00e9 timidement son premier match de la saison \u00e0 domicile\u00a0? Difficile \u00e0 dire, mais peu importe quand on sait que la bande \u00e0 Pablo Correa,&#8230;<\/p>\n","protected":false},"excerpt":{"rendered":"ASNL &#8211; Boulogne 1-0 Apr\u00e8s ce Nancy-Boulogne, il reste encore trois matches \u00e0 huis clos au stade Marcel-Picot,&hellip;\n","protected":false},"author":2,"featured_media":322358,"comment_status":"","ping_status":"","sticky":false,"template":"","format":"standard","meta":{"footnotes":""},"categories":[9635],"tags":[1111,11,3703,1777,674,107,1701,1795,63,1011,27,775,1702,12,25,517,1700],"class_list":{"0":"post-322357","1":"post","2":"type-post","3":"status-publish","4":"format-standard","5":"has-post-thumbnail","7":"category-nancy","8":"tag-actu","9":"tag-actualites","10":"tag-asnl","11":"tag-eu","12":"tag-europe","13":"tag-fil-info","14":"tag-fil-info-sport","15":"tag-fil-web","16":"tag-football","17":"tag-fr","18":"tag-france","19":"tag-grand-est","20":"tag-nancy","21":"tag-news","22":"tag-republique-francaise","23":"tag-sport","24":"tag-sport-lorrain"},"share_on_mastodon":{"url":"https:\/\/pubeurope.com\/@fr\/115037102615421618","error":""},"_links":{"self":[{"href":"https:\/\/www.europesays.com\/fr\/wp-json\/wp\/v2\/posts\/322357","targetHints":{"allow":["GET"]}}],"collection":[{"href":"https:\/\/www.europesays.com\/fr\/wp-json\/wp\/v2\/posts"}],"about":[{"href":"https:\/\/www.europesays.com\/fr\/wp-json\/wp\/v2\/types\/post"}],"author":[{"embeddable":true,"href":"https:\/\/www.europesays.com\/fr\/wp-json\/wp\/v2\/users\/2"}],"replies":[{"embeddable":true,"href":"https:\/\/www.europesays.com\/fr\/wp-json\/wp\/v2\/comments?post=322357"}],"version-history":[{"count":0,"href":"https:\/\/www.europesays.com\/fr\/wp-json\/wp\/v2\/posts\/322357\/revisions"}],"wp:featuredmedia":[{"embeddable":true,"href":"https:\/\/www.europesays.com\/fr\/wp-json\/wp\/v2\/media\/322358"}],"wp:attachment":[{"href":"https:\/\/www.europesays.com\/fr\/wp-json\/wp\/v2\/media?parent=322357"}],"wp:term":[{"taxonomy":"category","embeddable":true,"href":"https:\/\/www.europesays.com\/fr\/wp-json\/wp\/v2\/categories?post=322357"},{"taxonomy":"post_tag","embeddable":true,"href":"https:\/\/www.europesays.com\/fr\/wp-json\/wp\/v2\/tags?post=322357"}],"curies":[{"name":"wp","href":"https:\/\/api.w.org\/{rel}","templated":true}]}}