{"id":322365,"date":"2025-08-16T06:55:11","date_gmt":"2025-08-16T06:55:11","guid":{"rendered":"https:\/\/www.europesays.com\/fr\/322365\/"},"modified":"2025-08-16T06:55:11","modified_gmt":"2025-08-16T06:55:11","slug":"une-adolescente-se-jette-dans-le-drac-les-pompiers-parviennent-a-la-sauver","status":"publish","type":"post","link":"https:\/\/www.europesays.com\/fr\/322365\/","title":{"rendered":"une adolescente se jette dans le Drac, les pompiers parviennent \u00e0 la sauver"},"content":{"rendered":"<p>\t\t\t\t\t\t\t\t\t\t\t<img loading=\"lazy\" decoding=\"async\" width=\"1110\" title=\"Grenoble : une adolescente se jette dans le Drac, les pompiers parviennent \u00e0 la sauver\" class=\"img-fluid  mb-3\" src=\"https:\/\/grandgrenoble.alpes1.com\/media\/news\/thumb\/1110x624_grenoble-une-adolescente-se-jette-dans-le-drac-les-pompiers-parviennent-a-la-sauver_68a01ea5863f1.webp\" alt=\"Grenoble : une adolescente se jette dans le Drac, les pompiers parviennent \u00e0 la sauver\" itemprop=\"image\" height=\"624\"\/>\t\t\t\t\t\t\t\t\t\t\t\t<\/p>\n<p>Grenoble : une adolescente se jette dans le Drac, les pompiers parviennent \u00e0 la sauver &#8211; DR<\/p>\n<p itemprop=\"description\"><strong>Ce jeudi soir vers 23h, une adolescente de 16 ans s&rsquo;est jet\u00e9e du pont du Drac.<\/strong><\/p>\n<p>Une tentative de suicide \u00e0 laquelle ont assist\u00e9 des t\u00e9moins, qui ont imm\u00e9diatement pr\u00e9venu les secours.<\/p>\n<p>Rapidement sur place, des pompiers sont parvenus \u00e0 localiser la victime dans les eaux du Drac, \u00e0 se rapprocher d&rsquo;elle et \u00e0 la ramener saine et sauve sur la berge.<\/p>\n<p>Souffrant d&rsquo;une l\u00e9g\u00e8re hypothermie, elle a \u00e9t\u00e9 hospitalis\u00e9e au CHU Grenoble Alpes o\u00f9 un accompagnement psychologique l&rsquo;attend \u00e9galement.<\/p>\n","protected":false},"excerpt":{"rendered":"Grenoble : une adolescente se jette dans le Drac, les pompiers parviennent \u00e0 la sauver &#8211; DR Ce&hellip;\n","protected":false},"author":2,"featured_media":322366,"comment_status":"","ping_status":"","sticky":false,"template":"","format":"standard","meta":{"footnotes":""},"categories":[9566],"tags":[1111,11,7733,8279,2430,7736,650,7734,2889,2263,1777,674,1011,27,2731,8280,6417,1114,108,4662,12,3725,1825,25,7737],"class_list":{"0":"post-322365","1":"post","2":"type-post","3":"status-publish","4":"format-standard","5":"has-post-thumbnail","7":"category-grenoble","8":"tag-actu","9":"tag-actualites","10":"tag-alpes","11":"tag-alpes1","12":"tag-auvergne-rhone-alpes","13":"tag-cds","14":"tag-cinema","15":"tag-ecoute","16":"tag-emission","17":"tag-equipe","18":"tag-eu","19":"tag-europe","20":"tag-fr","21":"tag-france","22":"tag-grenoble","23":"tag-haute","24":"tag-information","25":"tag-infos","26":"tag-isere","27":"tag-journal","28":"tag-news","29":"tag-podcast","30":"tag-radio","31":"tag-republique-francaise","32":"tag-winamp"},"share_on_mastodon":{"url":"https:\/\/pubeurope.com\/@fr\/115037138148091900","error":""},"_links":{"self":[{"href":"https:\/\/www.europesays.com\/fr\/wp-json\/wp\/v2\/posts\/322365","targetHints":{"allow":["GET"]}}],"collection":[{"href":"https:\/\/www.europesays.com\/fr\/wp-json\/wp\/v2\/posts"}],"about":[{"href":"https:\/\/www.europesays.com\/fr\/wp-json\/wp\/v2\/types\/post"}],"author":[{"embeddable":true,"href":"https:\/\/www.europesays.com\/fr\/wp-json\/wp\/v2\/users\/2"}],"replies":[{"embeddable":true,"href":"https:\/\/www.europesays.com\/fr\/wp-json\/wp\/v2\/comments?post=322365"}],"version-history":[{"count":0,"href":"https:\/\/www.europesays.com\/fr\/wp-json\/wp\/v2\/posts\/322365\/revisions"}],"wp:featuredmedia":[{"embeddable":true,"href":"https:\/\/www.europesays.com\/fr\/wp-json\/wp\/v2\/media\/322366"}],"wp:attachment":[{"href":"https:\/\/www.europesays.com\/fr\/wp-json\/wp\/v2\/media?parent=322365"}],"wp:term":[{"taxonomy":"category","embeddable":true,"href":"https:\/\/www.europesays.com\/fr\/wp-json\/wp\/v2\/categories?post=322365"},{"taxonomy":"post_tag","embeddable":true,"href":"https:\/\/www.europesays.com\/fr\/wp-json\/wp\/v2\/tags?post=322365"}],"curies":[{"name":"wp","href":"https:\/\/api.w.org\/{rel}","templated":true}]}}