{"id":322371,"date":"2025-08-16T06:58:12","date_gmt":"2025-08-16T06:58:12","guid":{"rendered":"https:\/\/www.europesays.com\/fr\/322371\/"},"modified":"2025-08-16T06:58:12","modified_gmt":"2025-08-16T06:58:12","slug":"oberhausbergen-un-financement-participatif-pour-planter-des-arbres-dans-le-jardin-du-wasserloch","status":"publish","type":"post","link":"https:\/\/www.europesays.com\/fr\/322371\/","title":{"rendered":"Oberhausbergen. Un financement participatif pour planter des arbres dans le jardin du Wasserloch"},"content":{"rendered":"<p>Pour financer la plantation de 40 arbres <a href=\"https:\/\/www.dna.fr\/environnement\/2024\/11\/28\/le-jardin-du-wasserloch-a-ete-inaugure-le-25-novembre\" target=\"_blank\" rel=\"noopener\">dans le jardin du Wasserloch<\/a> , la commune d\u2019Oberhausbergen, \u00e9paul\u00e9e par <a href=\"https:\/\/www.dna.fr\/environnement\/2025\/06\/14\/zfe-en-rade-aides-suspendues-l-agence-du-climat-resiste\" target=\"_blank\" rel=\"noopener\">l\u2019Agence du climat de l\u2019Eurom\u00e9tropole de Strasbourg<\/a> , lance un appel \u00e0 contribution. Inaugur\u00e9 en novembre\u00a02024, le jardin du Wasserloch est une parcelle de 1 hectare, sanctuaris\u00e9e en c\u0153ur de village pour y cr\u00e9er un \u00eelot de fra\u00eecheur. Il constituera \u00e9galement pour les habitants un espace de partage et de p\u00e9dagogie.<\/p>\n<p>  Une cagnotte en ligne<\/p>\n<p>Une cagnotte en ligne a \u00e9t\u00e9 lanc\u00e9e <a href=\"https:\/\/www.helloasso.com\/associations\/agence-du-climat\/collectes\/jardin-du-wasserloch-plantons-des-arbres-en-coeur-de-ville\" target=\"_blank\" rel=\"noopener\">sur HelloAsso<\/a> par l\u2019Agence du climat. Si l\u2019int\u00e9gralit\u00e9 du projet (plantation des arbres et entretien du parc pendant cinq ans) repr\u00e9sente un montant de 78\u00a0400\u00a0euros, cette premi\u00e8re collecte a un objectif de 5\u00a0000\u00a0euros. \u00ab\u00a0Nous pensons faire plusieurs sessions d\u2019appels aux contributions\u00a0\u00bb, indique Claire Huber, conseill\u00e8re municipale. \u00ab\u00a0Cette contribution au projet est possible gr\u00e2ce \u00e0 l\u2019accompagnement par le guichet carbone de l\u2019Agence du climat, qui nous a accompagn\u00e9s dans la labellisation bas carbone du jardin\u00a0\u00bb, pr\u00e9cise-t-elle. En effet, c\u2019est cette labellisation qui donne la possibilit\u00e9 \u00e0 la collectivit\u00e9 d\u2019appeler les entreprises et les citoyens \u00e0 participer au financement.<\/p>\n<p>On pourra prendre part au projet de deux mani\u00e8res\u00a0: le soutien financier direct via la plateforme HelloAsso, accessible \u00e0 toutes et tous, mais \u00e9galement la contribution carbone volontaire, r\u00e9serv\u00e9e aux organisations engag\u00e9es dans une d\u00e9marche de d\u00e9carbonation, en prenant contact avec l\u2019Agence du climat. 40 tonnes de CO 2 potentielles seront s\u00e9questr\u00e9es sur 25 ans.<\/p>\n<p>  40 arbres plant\u00e9s en novembre<\/p>\n<p>La contribution \u00e0 cette premi\u00e8re cagnotte permettra la plantation de 40 arbres, pr\u00e9vue \u00e0 la Sainte-Catherine cette ann\u00e9e. 23 essences ont \u00e9t\u00e9 choisies, pour leur adaptation au climat actuel et futur (ch\u00eane chevelu, \u00e9rable champ\u00eatre, fr\u00eane \u00e0 feuilles \u00e9troites,\u00a0etc.). Des arbres fruitiers (pommiers, poiriers et pruniers) seront \u00e9galement plant\u00e9s.<\/p>\n<p class=\"note\">Pour contribuer au projet, les habitants peuvent se connecter avant le 30\u00a0septembre sur https:\/\/www.helloasso.com\/associations\/agence-du-climat\/collectes\/jardin-du-wasserloch-plantons-des-arbres-en-coeur-de-ville. Dans le cadre de la compensation carbone volontaire, les entreprises sont appel\u00e9es \u00e0 se mettre en relation avec Bel\u00e9n Gagliardi (belen.gagliardi@agenceduclimat-strasbourg.eu)<\/p>\n","protected":false},"excerpt":{"rendered":"Pour financer la plantation de 40 arbres dans le jardin du Wasserloch , la commune d\u2019Oberhausbergen, \u00e9paul\u00e9e par&hellip;\n","protected":false},"author":2,"featured_media":322372,"comment_status":"","ping_status":"","sticky":false,"template":"","format":"standard","meta":{"footnotes":""},"categories":[2820],"tags":[1111,11,2880,436,1777,674,107,1011,27,775,12,17351,25,640,3265],"class_list":{"0":"post-322371","1":"post","2":"type-post","3":"status-publish","4":"format-standard","5":"has-post-thumbnail","7":"category-strasbourg","8":"tag-actu","9":"tag-actualites","10":"tag-edition-strasbourg","11":"tag-environnement","12":"tag-eu","13":"tag-europe","14":"tag-fil-info","15":"tag-fr","16":"tag-france","17":"tag-grand-est","18":"tag-news","19":"tag-oberhausbergen","20":"tag-republique-francaise","21":"tag-strasbourg","22":"tag-strasbourg-nord"},"share_on_mastodon":{"url":"https:\/\/pubeurope.com\/@fr\/115037149825283796","error":""},"_links":{"self":[{"href":"https:\/\/www.europesays.com\/fr\/wp-json\/wp\/v2\/posts\/322371","targetHints":{"allow":["GET"]}}],"collection":[{"href":"https:\/\/www.europesays.com\/fr\/wp-json\/wp\/v2\/posts"}],"about":[{"href":"https:\/\/www.europesays.com\/fr\/wp-json\/wp\/v2\/types\/post"}],"author":[{"embeddable":true,"href":"https:\/\/www.europesays.com\/fr\/wp-json\/wp\/v2\/users\/2"}],"replies":[{"embeddable":true,"href":"https:\/\/www.europesays.com\/fr\/wp-json\/wp\/v2\/comments?post=322371"}],"version-history":[{"count":0,"href":"https:\/\/www.europesays.com\/fr\/wp-json\/wp\/v2\/posts\/322371\/revisions"}],"wp:featuredmedia":[{"embeddable":true,"href":"https:\/\/www.europesays.com\/fr\/wp-json\/wp\/v2\/media\/322372"}],"wp:attachment":[{"href":"https:\/\/www.europesays.com\/fr\/wp-json\/wp\/v2\/media?parent=322371"}],"wp:term":[{"taxonomy":"category","embeddable":true,"href":"https:\/\/www.europesays.com\/fr\/wp-json\/wp\/v2\/categories?post=322371"},{"taxonomy":"post_tag","embeddable":true,"href":"https:\/\/www.europesays.com\/fr\/wp-json\/wp\/v2\/tags?post=322371"}],"curies":[{"name":"wp","href":"https:\/\/api.w.org\/{rel}","templated":true}]}}