{"id":322373,"date":"2025-08-16T06:59:14","date_gmt":"2025-08-16T06:59:14","guid":{"rendered":"https:\/\/www.europesays.com\/fr\/322373\/"},"modified":"2025-08-16T06:59:14","modified_gmt":"2025-08-16T06:59:14","slug":"strasbourg-la-cigogne-blanche-un-embleme-alsacien-fidele-mais-pas-trop","status":"publish","type":"post","link":"https:\/\/www.europesays.com\/fr\/322373\/","title":{"rendered":"Strasbourg. La cigogne blanche, un embl\u00e8me alsacien fid\u00e8le mais pas trop"},"content":{"rendered":"<p>                            Un oiseau attach\u00e9 \u00e0 l\u2019Orangerie<\/p>\n<p>L\u2019Orangerie est li\u00e9e \u00e0 l\u2019histoire de <a href=\"https:\/\/www.dna.fr\/environnement\/2024\/10\/16\/petit-a-petit-la-cigogne-blanche-a-refait-son-nid\" target=\"_blank\" rel=\"noopener\">la cigogne blanche<\/a> \u00e0 Strasbourg depuis la mise en place d\u2019enclos de repeuplement dans les ann\u00e9es 70. Ils ont permis \u00e0 l\u2019oiseau d\u2019y revenir largement. Et la cigogne lui rend bien\u00a0: \u00ab\u00a0Les couples retrouvent leur nid \u00e0 l\u2019Orangerie au retour de migration, explique Yves Muller, pr\u00e9sident de la LPO Alsace. Ils sont tr\u00e8s attach\u00e9s \u00e0 leur lieu de naissance, transmis avec les g\u00e9n\u00e9rations malgr\u00e9 la fermeture des enclos de repeuplement il y a des dizaines d\u2019ann\u00e9es.\u00a0\u00bb Une fid\u00e9lit\u00e9 qui, comme pour l\u2019homme, peut avoir des failles.<\/p>\n<p>Le m\u00e2le est le premier \u00e0 retrouver d\u00e8s f\u00e9vrier le nid de l\u2019ann\u00e9e pass\u00e9e et \u00e0 attendre sa dulcin\u00e9e. Toutefois, en bon gentleman, il ne rejette pas une femelle qui lui fait la cour, m\u00eame si \u00e7a n\u2019est pas celle de l\u2019ann\u00e9e pr\u00e9c\u00e9dente. \u00ab\u00a0Lorsque la titulaire arrive au nid, \u00e7a peut vite partir en bagarre avec la pr\u00e9tendante\u00a0\u00bb, raconte Yves Muller. Comme quoi les sc\u00e8nes de m\u00e9nage ne sont pas r\u00e9serv\u00e9es qu\u2019aux hommes,&#8230;<\/p>\n","protected":false},"excerpt":{"rendered":"Un oiseau attach\u00e9 \u00e0 l\u2019Orangerie L\u2019Orangerie est li\u00e9e \u00e0 l\u2019histoire de la cigogne blanche \u00e0 Strasbourg depuis la&hellip;\n","protected":false},"author":2,"featured_media":322374,"comment_status":"","ping_status":"","sticky":false,"template":"","format":"standard","meta":{"footnotes":""},"categories":[2820],"tags":[1111,11,1867,2880,436,1777,674,107,1011,27,775,3035,12,5140,25,104,640,2879],"class_list":{"0":"post-322373","1":"post","2":"type-post","3":"status-publish","4":"format-standard","5":"has-post-thumbnail","7":"category-strasbourg","8":"tag-actu","9":"tag-actualites","10":"tag-animaux","11":"tag-edition-strasbourg","12":"tag-environnement","13":"tag-eu","14":"tag-europe","15":"tag-fil-info","16":"tag-fr","17":"tag-france","18":"tag-grand-est","19":"tag-la-matinale-strasbourg","20":"tag-news","21":"tag-rechauffement-climatique","22":"tag-republique-francaise","23":"tag-societe","24":"tag-strasbourg","25":"tag-strasbourg-ville"},"share_on_mastodon":{"url":"https:\/\/pubeurope.com\/@fr\/115037153720312587","error":""},"_links":{"self":[{"href":"https:\/\/www.europesays.com\/fr\/wp-json\/wp\/v2\/posts\/322373","targetHints":{"allow":["GET"]}}],"collection":[{"href":"https:\/\/www.europesays.com\/fr\/wp-json\/wp\/v2\/posts"}],"about":[{"href":"https:\/\/www.europesays.com\/fr\/wp-json\/wp\/v2\/types\/post"}],"author":[{"embeddable":true,"href":"https:\/\/www.europesays.com\/fr\/wp-json\/wp\/v2\/users\/2"}],"replies":[{"embeddable":true,"href":"https:\/\/www.europesays.com\/fr\/wp-json\/wp\/v2\/comments?post=322373"}],"version-history":[{"count":0,"href":"https:\/\/www.europesays.com\/fr\/wp-json\/wp\/v2\/posts\/322373\/revisions"}],"wp:featuredmedia":[{"embeddable":true,"href":"https:\/\/www.europesays.com\/fr\/wp-json\/wp\/v2\/media\/322374"}],"wp:attachment":[{"href":"https:\/\/www.europesays.com\/fr\/wp-json\/wp\/v2\/media?parent=322373"}],"wp:term":[{"taxonomy":"category","embeddable":true,"href":"https:\/\/www.europesays.com\/fr\/wp-json\/wp\/v2\/categories?post=322373"},{"taxonomy":"post_tag","embeddable":true,"href":"https:\/\/www.europesays.com\/fr\/wp-json\/wp\/v2\/tags?post=322373"}],"curies":[{"name":"wp","href":"https:\/\/api.w.org\/{rel}","templated":true}]}}