{"id":322375,"date":"2025-08-16T07:00:10","date_gmt":"2025-08-16T07:00:10","guid":{"rendered":"https:\/\/www.europesays.com\/fr\/322375\/"},"modified":"2025-08-16T07:00:10","modified_gmt":"2025-08-16T07:00:10","slug":"pourquoi-le-chateau-de-cagnes-sur-mer-nest-il-plus-eclaire-la-nuit","status":"publish","type":"post","link":"https:\/\/www.europesays.com\/fr\/322375\/","title":{"rendered":"Pourquoi le ch\u00e2teau de Cagnes-sur-Mer n\u2019est-il plus \u00e9clair\u00e9 la nuit?"},"content":{"rendered":"<p>Depuis plus d\u2019un an, habitants et touristes de Cagnes-sur-Mer se plaignent de l\u2019\u00e9clairage nocturne, ou plut\u00f4t du non-\u00e9clairage du ch\u00e2teau-mus\u00e9e de la ville. Des travaux de r\u00e9novation avaient \u00e9t\u00e9 engag\u00e9s en 2024 et les lumi\u00e8res s\u2019\u00e9taient \u00e9teintes.<\/p>\n<p>Mais depuis, \u00ab\u00a0plus rien: certains soirs, on ne le voit carr\u00e9ment pas alors qu\u2019avant, le b\u00e2timent brillait dans la nuit. C\u2019est vraiment dommage, il faisait la fiert\u00e9 de tous\u00a0\u00bb, s\u2019attriste un habitant.<\/p>\n<p>Endommag\u00e9s par la foudre ou simplement trop vieux, les spots doivent \u00eatre chang\u00e9s. Mais pour l\u2019instant, priorit\u00e9 \u00e0 \u00ab\u00a0l\u2019\u00e9clairage des \u00e9quipements sportifs de la ville, en pleine transition vers le LED pour davantage d\u2019\u00e9conomies.\u00a0\u00bb La Municipalit\u00e9 esp\u00e8re r\u00e9soudre le probl\u00e8me dans l\u2019ann\u00e9e.<\/p>\n<p>Une absence pr\u00e9judiciable<\/p>\n<p>\u00ab\u00a0Une faible lumi\u00e8re, un petit point au loin, c\u2019est tout ce que l\u2019on voit!\u00a0\u00bb L\u2019agacement gagne les r\u00e9sidents, mais aussi les touristes, d\u00e9\u00e7us. Certains veillent tard, esp\u00e9rant assister \u00e0 l\u2019illumination du monument m\u00e9di\u00e9val, en vain.<\/p>\n<p>En vacances, Paul, passionn\u00e9 d\u2019histoire, tenait \u00e0 visiter le ch\u00e2teau. Pour ce Belge, le b\u00e2timent est \u00ab\u00a0un atout, un bijou de Cagnes-sur-Mer. C\u2019est incompr\u00e9hensible, il devrait \u00eatre allum\u00e9, surtout l\u2019\u00e9t\u00e9. En pleine saison touristique, c\u2019est le moment ou jamais\u00a0\u00bb.<\/p>\n<p>\u00ab\u00a0L\u2019installation actuelle du ch\u00e2teau-mus\u00e9e n\u2019est effectivement pas compl\u00e8te\u00a0\u00bb, s\u2019excuse la Ville. Une op\u00e9ration de remplacement de l\u2019ensemble des projecteurs est pr\u00e9vue d\u2019ici la fin de l\u2019ann\u00e9e, avec un budget de 150.000 euros. Si les directives restent floues \u2013 \u00ab\u00a0\u00e0 pr\u00e9ciser \u00e0 la rentr\u00e9e\u00a0\u00bb \u2013, la Ville promet \u00e0 ses citoyens qu\u2019une fois le chantier achev\u00e9, \u00ab\u00a0les quatre faces du ch\u00e2teau seront bel et bien \u00e9clair\u00e9es. La mise en route se fera automatiquement \u00e0 la tomb\u00e9e de la nuit, gr\u00e2ce \u00e0 une horloge.\u00a0\u00bb<\/p>\n<p>Des normes d\u2019\u00e9clairage contr\u00f4l\u00e9es<\/p>\n<p>La mairie rappelle que \u00ab\u00a0les normes d\u2019\u00e9clairage d\u2019un monument historique ne sont pas les m\u00eames que pour un stade de football ou un court de tennis. Il se veut d\u00e9coratif et harmonieux.\u00a0\u00bb<\/p>\n<p>Cagnes-sur-Mer met un point d\u2019honneur \u00e0 ma\u00eetriser les \u00e9clairages de la ville. Elle poss\u00e8de notamment une politique de lutte contre la pollution lumineuse: pas d\u2019\u00e9clairage dans les parcs et jardins le long de la Cagne pour cr\u00e9er un corridor noir destin\u00e9 \u00e0 la pr\u00e9servation de la biodiversit\u00e9.<\/p>\n","protected":false},"excerpt":{"rendered":"Depuis plus d\u2019un an, habitants et touristes de Cagnes-sur-Mer se plaignent de l\u2019\u00e9clairage nocturne, ou plut\u00f4t du non-\u00e9clairage&hellip;\n","protected":false},"author":2,"featured_media":322376,"comment_status":"","ping_status":"","sticky":false,"template":"","format":"standard","meta":{"footnotes":""},"categories":[2819],"tags":[1111,11,1777,674,1011,27,12,2401,882,25,3366],"class_list":{"0":"post-322375","1":"post","2":"type-post","3":"status-publish","4":"format-standard","5":"has-post-thumbnail","7":"category-nice","8":"tag-actu","9":"tag-actualites","10":"tag-eu","11":"tag-europe","12":"tag-fr","13":"tag-france","14":"tag-news","15":"tag-nice","16":"tag-provence-alpes-cote-dazur","17":"tag-republique-francaise","18":"tag-vie-locale"},"share_on_mastodon":{"url":"https:\/\/pubeurope.com\/@fr\/115037157690545298","error":""},"_links":{"self":[{"href":"https:\/\/www.europesays.com\/fr\/wp-json\/wp\/v2\/posts\/322375","targetHints":{"allow":["GET"]}}],"collection":[{"href":"https:\/\/www.europesays.com\/fr\/wp-json\/wp\/v2\/posts"}],"about":[{"href":"https:\/\/www.europesays.com\/fr\/wp-json\/wp\/v2\/types\/post"}],"author":[{"embeddable":true,"href":"https:\/\/www.europesays.com\/fr\/wp-json\/wp\/v2\/users\/2"}],"replies":[{"embeddable":true,"href":"https:\/\/www.europesays.com\/fr\/wp-json\/wp\/v2\/comments?post=322375"}],"version-history":[{"count":0,"href":"https:\/\/www.europesays.com\/fr\/wp-json\/wp\/v2\/posts\/322375\/revisions"}],"wp:featuredmedia":[{"embeddable":true,"href":"https:\/\/www.europesays.com\/fr\/wp-json\/wp\/v2\/media\/322376"}],"wp:attachment":[{"href":"https:\/\/www.europesays.com\/fr\/wp-json\/wp\/v2\/media?parent=322375"}],"wp:term":[{"taxonomy":"category","embeddable":true,"href":"https:\/\/www.europesays.com\/fr\/wp-json\/wp\/v2\/categories?post=322375"},{"taxonomy":"post_tag","embeddable":true,"href":"https:\/\/www.europesays.com\/fr\/wp-json\/wp\/v2\/tags?post=322375"}],"curies":[{"name":"wp","href":"https:\/\/api.w.org\/{rel}","templated":true}]}}