{"id":322377,"date":"2025-08-16T07:01:14","date_gmt":"2025-08-16T07:01:14","guid":{"rendered":"https:\/\/www.europesays.com\/fr\/322377\/"},"modified":"2025-08-16T07:01:14","modified_gmt":"2025-08-16T07:01:14","slug":"diffusion-nice-toulouse-a-quelle-heure-et-sur-quelle-chaine-voir-le-match-en-direct","status":"publish","type":"post","link":"https:\/\/www.europesays.com\/fr\/322377\/","title":{"rendered":"Diffusion Nice \u2013 Toulouse : \u00e0 quelle heure et sur quelle cha\u00eene voir le match en direct ?"},"content":{"rendered":"<p class=\"paragraph text_align_left lp-f-body-02\">Les Aiglons ont disput\u00e9 le troisi\u00e8me tour des qualifications de l\u2019UEFA Champions League contre le Benfica Lisbonne. La Gym a \u00e9t\u00e9 \u00e9limin\u00e9e au terme du match retour, sur un score de quatre buts \u00e0 z\u00e9ro. \u00c0 l\u2019heure de retrouver le championnat, les Ni\u00e7ois n\u2019ont pas d\u2019autre choix que de s\u2019imposer pour renouer avec le succ\u00e8s. De son c\u00f4t\u00e9, le Toulouse FC a particip\u00e9 \u00e0 cinq matchs de pr\u00e9paration. Apr\u00e8s avoir conc\u00e9d\u00e9 un nul au Pau FC (0-0), les Violets ont encha\u00een\u00e9 avec trois d\u00e9faites (QPR, RB Leipzig et Al-Nassr) et un nul (S\u00e9ville). C\u00f4t\u00e9 effectif, le mercato a permis au TFC de recruter Mario Sauer, Santiago Hidalgo et Abu Francis. La titularisation des nouvelles recrues face \u00e0 Nice reste incertaine. Ce week-end, les Violets ont l\u2019occasion de battre l\u2019OGC Nice pour la premi\u00e8re fois depuis mars 2024. Dans ces lignes, on vous dit \u00e0 quelle heure et sur quelle cha\u00eene regarder le face-\u00e0-face entre l\u2019OGC Nice et le Toulouse FC en direct ce samedi soir.<\/p>\n<p class=\"paragraph text_align_left lp-f-body-02\"><b>D\u00e9couvrez les bons plans pour vous abonner \u00e0 Ligue 1+ au meilleur prix :<\/b><\/p>\n<p class=\"paragraph text_align_left lp-f-body-02\"><a href=\"https:\/\/dazn.prf.hn\/click\/camref:1011lSfUI\" rel=\"sponsored nofollow noopener\" target=\"_blank\">Offre DAZN +Ligue 1+<\/a> \u00e0 partir de 9,99 euros par mois<\/p>\n<p class=\"paragraph text_align_left lp-f-body-02\"><a href=\"https:\/\/www.awin1.com\/awclick.php?gid=448180&amp;mid=33125&amp;awinaffid=467845&amp;linkid=3247029&amp;clickref=\" rel=\"sponsored nofollow noopener\" target=\"_blank\">Offre RMC Sport + Ligue 1+<\/a> \u00e0 partir de 15,99 euros par mois<\/p>\n<p class=\"paragraph text_align_left lp-f-body-02\"><a href=\"https:\/\/www.tkqlhce.com\/click-100434109-17139035\" target=\"_blank\" rel=\"sponsored nofollow noopener\">Offre Ligue 1+<\/a> en direct \u00e0 partir de 9,99 euros par mois<\/p>\n<p class=\"paragraph text_align_left lp-f-body-02\"><a href=\"https:\/\/www.primevideo.com\/offers\/?benefitId=ligueonefr&amp;?tag=lepar03-21\" rel=\"sponsored nofollow noopener\" target=\"_blank\">Offre Ligue 1+ via Prime Video<\/a> \u00e0 partir de 12,99 euros par mois<\/p>\n<p><b>Diffusion OGC Nice \u2013 Toulouse FC en direct : sur quelle cha\u00eene regarder le match ?<\/b><\/p>\n<p class=\"paragraph text_align_left lp-f-body-02\"><b>Le match qui oppose l\u2019OGC Nice et Toulouse est diffus\u00e9 ce samedi 16 ao\u00fbt en direct sur <\/b><a href=\"https:\/\/www.tkqlhce.com\/click-100434109-17139035\" target=\"_blank\" rel=\"sponsored nofollow noopener\"><b>Ligue 1+<\/b><\/a><b>. La rencontre est pr\u00e9vue \u00e0 21 heures 05<\/b>, \u00e0 l\u2019Allianz Riviera. L\u2019arbitre Thomas L\u00e9onard a \u00e9t\u00e9 d\u00e9sign\u00e9 pour diriger la confrontation. Il sera assist\u00e9 de Yannick Boutry et de C\u00e9dric Favre. Les commentateurs, dont font partie S\u00e9bastien Dupuis et Hamza Rahmani, vous font vivre l\u2019action au plus pr\u00e8s du terrain, d\u00e9cryptent les prestations des clubs et analysent les temps forts de la soir\u00e9e.<\/p>\n","protected":false},"excerpt":{"rendered":"Les Aiglons ont disput\u00e9 le troisi\u00e8me tour des qualifications de l\u2019UEFA Champions League contre le Benfica Lisbonne. La&hellip;\n","protected":false},"author":2,"featured_media":322378,"comment_status":"","ping_status":"","sticky":false,"template":"","format":"standard","meta":{"footnotes":""},"categories":[2819],"tags":[1111,11,45992,1777,674,1011,27,749,12,2401,45993,882,25,6718],"class_list":{"0":"post-322377","1":"post","2":"type-post","3":"status-publish","4":"format-standard","5":"has-post-thumbnail","7":"category-nice","8":"tag-actu","9":"tag-actualites","10":"tag-diffusion-nice-toulouse","11":"tag-eu","12":"tag-europe","13":"tag-fr","14":"tag-france","15":"tag-guide-shopping","16":"tag-news","17":"tag-nice","18":"tag-nice-toulouse","19":"tag-provence-alpes-cote-dazur","20":"tag-republique-francaise","21":"tag-tv-streaming"},"share_on_mastodon":{"url":"https:\/\/pubeurope.com\/@fr\/115037161572024132","error":""},"_links":{"self":[{"href":"https:\/\/www.europesays.com\/fr\/wp-json\/wp\/v2\/posts\/322377","targetHints":{"allow":["GET"]}}],"collection":[{"href":"https:\/\/www.europesays.com\/fr\/wp-json\/wp\/v2\/posts"}],"about":[{"href":"https:\/\/www.europesays.com\/fr\/wp-json\/wp\/v2\/types\/post"}],"author":[{"embeddable":true,"href":"https:\/\/www.europesays.com\/fr\/wp-json\/wp\/v2\/users\/2"}],"replies":[{"embeddable":true,"href":"https:\/\/www.europesays.com\/fr\/wp-json\/wp\/v2\/comments?post=322377"}],"version-history":[{"count":0,"href":"https:\/\/www.europesays.com\/fr\/wp-json\/wp\/v2\/posts\/322377\/revisions"}],"wp:featuredmedia":[{"embeddable":true,"href":"https:\/\/www.europesays.com\/fr\/wp-json\/wp\/v2\/media\/322378"}],"wp:attachment":[{"href":"https:\/\/www.europesays.com\/fr\/wp-json\/wp\/v2\/media?parent=322377"}],"wp:term":[{"taxonomy":"category","embeddable":true,"href":"https:\/\/www.europesays.com\/fr\/wp-json\/wp\/v2\/categories?post=322377"},{"taxonomy":"post_tag","embeddable":true,"href":"https:\/\/www.europesays.com\/fr\/wp-json\/wp\/v2\/tags?post=322377"}],"curies":[{"name":"wp","href":"https:\/\/api.w.org\/{rel}","templated":true}]}}