{"id":322379,"date":"2025-08-16T07:04:43","date_gmt":"2025-08-16T07:04:43","guid":{"rendered":"https:\/\/www.europesays.com\/fr\/322379\/"},"modified":"2025-08-16T07:04:43","modified_gmt":"2025-08-16T07:04:43","slug":"quatre-personnes-relogees-apres-un-feu-de-lave-vaisselle-dans-un-appartement-a-nantes","status":"publish","type":"post","link":"https:\/\/www.europesays.com\/fr\/322379\/","title":{"rendered":"Quatre personnes relog\u00e9es apr\u00e8s un feu de lave-vaisselle dans un appartement \u00e0 Nantes"},"content":{"rendered":"<p>Les faits se sont d\u00e9roul\u00e9s mardi 12\u00a0ao\u00fbt, rue des Friches, \u00e0 Nantes (Loire-Atlantique). Il est environ 21\u00a0h\u00a045 quand les pompiers interviennent pour un feu de lave-vaisselle dans un appartement situ\u00e9 au deuxi\u00e8me \u00e9tage d\u2019un immeuble d\u2019habitation, <a href=\"https:\/\/nantes.maville.com\/info\/info-locale\/\" target=\"_self\" rel=\"noopener\">dans le quartier du Breil<\/a>. Sur place, les secours constatent que les parties communes du b\u00e2timent sont totalement enfum\u00e9es. Ils parviennent rapidement \u00e0 \u00e9teindre le feu \u00e0 l\u2019aide d\u2019une lance \u00e0 incendie.<\/p>\n<p>Selon le bulletin matinal du service d\u00e9partemental d\u2019incendie et de secours de Loire-Atlantique, les deux occupants du logement sinistr\u00e9 ont \u00e9t\u00e9 relog\u00e9s par des proches et deux autres personnes par le CRAIOL de Nantes M\u00e9tropole (Centre de r\u00e9ception des appels institutionnels et organisation de la logistique).<\/p>\n<p>L\u2019op\u00e9ration a n\u00e9cessit\u00e9 l\u2019engagement de dix-neuf sapeurs-pompiers et cinq engins, avec le soutien de la police nationale, d\u2019Enedis et GRDF ainsi que du CRAIOL.<\/p>\n<p>\u00a0<\/p>\n","protected":false},"excerpt":{"rendered":"Les faits se sont d\u00e9roul\u00e9s mardi 12\u00a0ao\u00fbt, rue des Friches, \u00e0 Nantes (Loire-Atlantique). Il est environ 21\u00a0h\u00a045 quand&hellip;\n","protected":false},"author":2,"featured_media":322380,"comment_status":"","ping_status":"","sticky":false,"template":"","format":"standard","meta":{"footnotes":""},"categories":[2818],"tags":[1111,11,1438,9071,1777,674,1312,1011,27,45994,766,12,2636,3744,41889,25],"class_list":{"0":"post-322379","1":"post","2":"type-post","3":"status-publish","4":"format-standard","5":"has-post-thumbnail","7":"category-nantes","8":"tag-actu","9":"tag-actualites","10":"tag-angers","11":"tag-appartement","12":"tag-eu","13":"tag-europe","14":"tag-feu","15":"tag-fr","16":"tag-france","17":"tag-lave-vaisselle","18":"tag-nantes","19":"tag-news","20":"tag-pays-de-la-loire","21":"tag-personnes","22":"tag-relogees","23":"tag-republique-francaise"},"share_on_mastodon":{"url":"https:\/\/pubeurope.com\/@fr\/115037173442423174","error":""},"_links":{"self":[{"href":"https:\/\/www.europesays.com\/fr\/wp-json\/wp\/v2\/posts\/322379","targetHints":{"allow":["GET"]}}],"collection":[{"href":"https:\/\/www.europesays.com\/fr\/wp-json\/wp\/v2\/posts"}],"about":[{"href":"https:\/\/www.europesays.com\/fr\/wp-json\/wp\/v2\/types\/post"}],"author":[{"embeddable":true,"href":"https:\/\/www.europesays.com\/fr\/wp-json\/wp\/v2\/users\/2"}],"replies":[{"embeddable":true,"href":"https:\/\/www.europesays.com\/fr\/wp-json\/wp\/v2\/comments?post=322379"}],"version-history":[{"count":0,"href":"https:\/\/www.europesays.com\/fr\/wp-json\/wp\/v2\/posts\/322379\/revisions"}],"wp:featuredmedia":[{"embeddable":true,"href":"https:\/\/www.europesays.com\/fr\/wp-json\/wp\/v2\/media\/322380"}],"wp:attachment":[{"href":"https:\/\/www.europesays.com\/fr\/wp-json\/wp\/v2\/media?parent=322379"}],"wp:term":[{"taxonomy":"category","embeddable":true,"href":"https:\/\/www.europesays.com\/fr\/wp-json\/wp\/v2\/categories?post=322379"},{"taxonomy":"post_tag","embeddable":true,"href":"https:\/\/www.europesays.com\/fr\/wp-json\/wp\/v2\/tags?post=322379"}],"curies":[{"name":"wp","href":"https:\/\/api.w.org\/{rel}","templated":true}]}}