{"id":322391,"date":"2025-08-16T07:11:24","date_gmt":"2025-08-16T07:11:24","guid":{"rendered":"https:\/\/www.europesays.com\/fr\/322391\/"},"modified":"2025-08-16T07:11:24","modified_gmt":"2025-08-16T07:11:24","slug":"lille-veut-faire-revenir-pavard","status":"publish","type":"post","link":"https:\/\/www.europesays.com\/fr\/322391\/","title":{"rendered":"Lille veut faire revenir Pavard"},"content":{"rendered":"<p class=\"date\">\n                                                            Axel Allag, Media365, publi\u00e9 le vendredi 15 ao\u00fbt 2025 \u00e0 16h00\n                                                    <\/p>\n<p>D\u00e9sireux de se renforcer en d\u00e9fense centrale d&rsquo;ici la cl\u00f4ture du mercato estival, les Dogues auraient cibl\u00e9 leur ancien joueur, Benjamin Pavard, comme leur priorit\u00e9 d\u00e9fensive selon Foot Mercato.<\/p>\n<p>Le LOSC aspire \u00e0 compter sur un deuxi\u00e8me champion du monde 2018 dans ses rangs pour la saison 2025-2026. Apr\u00e8s avoir recrut\u00e9 Olivier Giroud, le club nordiste a visiblement une autre id\u00e9e en t\u00eate, \u00e0 savoir celle de ramener Benjamin Pavard, form\u00e9 au club et qui n&rsquo;a jou\u00e9 qu&rsquo;une saison au LOSC (en 2015-2016), \u00e0 la maison. Pavard, apr\u00e8s son d\u00e9part du LOSC a continu\u00e9 sa carri\u00e8re \u00e0 l&rsquo;\u00e9tranger, sous les maillots de Stuttgart, le Bayern Munich, puis l&rsquo;Inter Milan, club auquel le d\u00e9fenseur international fran\u00e7ais est li\u00e9 jusqu&rsquo;en juin 2028.<\/p>\n<p>Pavard, un dossier jug\u00e9 compliqu\u00e9 mais prioritaire pour le LOSC<\/p>\n<p>Comme rapport\u00e9 par L&rsquo;Equipe il y a quelques jours, l&rsquo;Inter pourrait ouvrir la porte \u00e0 un d\u00e9part de Benjamin Pavard pour un montant compris entre 15 et 25 millions d&rsquo;euros. Plusieurs fois contact\u00e9 par des interm\u00e9diaires pour rejoindre le lucratif Championnat saoudien, le d\u00e9fenseur a ferm\u00e9 la porte, focalis\u00e9 sur la Coupe du monde 2026, et si le dossier ne semble pas \u00e9vident pour le LOSC, car Galatasaray et NEOM ont d\u00e9j\u00e0 pris des renseignements, le club nordiste est bien d\u00e9cid\u00e9 \u00e0 tenter sa chance pour convaincre son ancien joueur de revenir \u00e0 la maison cet \u00e9t\u00e9, selon nos confr\u00e8res de Foot Mercato.<\/p>\n<p>Dans ce dossier, le LOSC consid\u00e8re qu&rsquo;il ne sera pas ais\u00e9 de faire revenir Benjamin Pavard, et aurait d\u00e9j\u00e0 un plan B menant \u00e0 Diego Carlos (Fenerbah\u00e7e), qui n&rsquo;entre plus dans les plans de Jos\u00e9 Mourinho en Turquie. Pass\u00e9 par le FC Nantes entre 2016 et 2019, le d\u00e9fenseur central br\u00e9silien se serait presque accord\u00e9 avec le LOSC concernant son futur, et Fenerbah\u00e7e ne devrait pas lui bloquer une porte de sortie. Mais la priorit\u00e9 du LOSC, est donc bien Benjamin Pavard, dont l&rsquo;avenir pourrait \u00eatre chamboul\u00e9 lors des prochains jours. La valeur marchande du champion du monde 2018 est estim\u00e9e \u00e0 25 millions d&rsquo;euros par le site sp\u00e9cialis\u00e9 Transfermarkt.<\/p>\n","protected":false},"excerpt":{"rendered":"Axel Allag, Media365, publi\u00e9 le vendredi 15 ao\u00fbt 2025 \u00e0 16h00 D\u00e9sireux de se renforcer en d\u00e9fense centrale&hellip;\n","protected":false},"author":2,"featured_media":322392,"comment_status":"","ping_status":"","sticky":false,"template":"","format":"standard","meta":{"footnotes":""},"categories":[2815],"tags":[1111,11,1777,674,1011,27,811,1307,12,25],"class_list":{"0":"post-322391","1":"post","2":"type-post","3":"status-publish","4":"format-standard","5":"has-post-thumbnail","7":"category-lille","8":"tag-actu","9":"tag-actualites","10":"tag-eu","11":"tag-europe","12":"tag-fr","13":"tag-france","14":"tag-hauts-de-france","15":"tag-lille","16":"tag-news","17":"tag-republique-francaise"},"share_on_mastodon":{"url":"https:\/\/pubeurope.com\/@fr\/115037201195875668","error":""},"_links":{"self":[{"href":"https:\/\/www.europesays.com\/fr\/wp-json\/wp\/v2\/posts\/322391","targetHints":{"allow":["GET"]}}],"collection":[{"href":"https:\/\/www.europesays.com\/fr\/wp-json\/wp\/v2\/posts"}],"about":[{"href":"https:\/\/www.europesays.com\/fr\/wp-json\/wp\/v2\/types\/post"}],"author":[{"embeddable":true,"href":"https:\/\/www.europesays.com\/fr\/wp-json\/wp\/v2\/users\/2"}],"replies":[{"embeddable":true,"href":"https:\/\/www.europesays.com\/fr\/wp-json\/wp\/v2\/comments?post=322391"}],"version-history":[{"count":0,"href":"https:\/\/www.europesays.com\/fr\/wp-json\/wp\/v2\/posts\/322391\/revisions"}],"wp:featuredmedia":[{"embeddable":true,"href":"https:\/\/www.europesays.com\/fr\/wp-json\/wp\/v2\/media\/322392"}],"wp:attachment":[{"href":"https:\/\/www.europesays.com\/fr\/wp-json\/wp\/v2\/media?parent=322391"}],"wp:term":[{"taxonomy":"category","embeddable":true,"href":"https:\/\/www.europesays.com\/fr\/wp-json\/wp\/v2\/categories?post=322391"},{"taxonomy":"post_tag","embeddable":true,"href":"https:\/\/www.europesays.com\/fr\/wp-json\/wp\/v2\/tags?post=322391"}],"curies":[{"name":"wp","href":"https:\/\/api.w.org\/{rel}","templated":true}]}}