{"id":322399,"date":"2025-08-16T07:15:13","date_gmt":"2025-08-16T07:15:13","guid":{"rendered":"https:\/\/www.europesays.com\/fr\/322399\/"},"modified":"2025-08-16T07:15:13","modified_gmt":"2025-08-16T07:15:13","slug":"la-meteo-du-samedi-16-aout-a-lyon","status":"publish","type":"post","link":"https:\/\/www.europesays.com\/fr\/322399\/","title":{"rendered":"la m\u00e9t\u00e9o du samedi 16 ao\u00fbt \u00e0 Lyon"},"content":{"rendered":"<p>                            <img loading=\"lazy\" width=\"1080\" height=\"675\" class=\"attachment-article size-article wp-post-image lazyload\" alt=\"Canicule \/ Place des Terreaux\" decoding=\"async\" src=\"https:\/\/www.europesays.com\/fr\/wp-content\/uploads\/2025\/06\/Place-des-Terreaux-Romane-Thevenot-2-scaled-e1691991198751.jpg\" data-eio-rwidth=\"1080\" data-eio-rheight=\"675\"\/><\/p>\n<p>Photo d\u2019illustration. \u00a9Romane Thevenot<\/p>\n<p class=\"content\" style=\"font-size:1.2em;font-weight:700\">La canicule se poursuit ce samedi \u00e0 Lyon avec un grand soleil et des temp\u00e9ratures maximales attendues \u00e0 36 \u00b0C en fin d\u2019apr\u00e8s-midi.<\/p>\n<p>La chaleur persiste ce samedi 16 ao\u00fbt \u00e0 Lyon, avec un grand soleil du matin jusqu\u2019\u00e0 la nuit prochaine. Selon les pr\u00e9visions, le thermom\u00e8tre d\u00e9passera les 30 \u00b0C d\u00e8s 10 heures et ne redescendra pas en dessous avant 23 heures.<\/p>\n<p>\u00c0 8 heures, il faisait d\u00e9j\u00e0 25 \u00b0C sous abri, sous un ciel parfaitement d\u00e9gag\u00e9. Le soleil brillera sans interruption tout au long de la journ\u00e9e. Le pic de chaleur est attendu entre 17 h et 18 h, puis \u00e0 nouveau entre 19 h et 20 h, avec une maximale de 36 \u00b0C, identique \u00e0 celle <a href=\"https:\/\/www.lyoncapitale.fr\/actualite\/meteo-nouvelle-journee-caniculaire-a-lyon-jusqu-a-36c-attendus\" target=\"_blank\" rel=\"noreferrer noopener\">relev\u00e9e la veille<\/a>.<\/p>\n<p>En soir\u00e9e, la temp\u00e9rature restera \u00e9lev\u00e9e avec encore 33 \u00b0C vers 20 h. La nuit s\u2019annonce claire, avec 25 \u00b0C attendus vers 2 h du matin. Vent faible \u00e0 mod\u00e9r\u00e9 sur l\u2019ensemble de la journ\u00e9e. Les conditions restent donc caniculaires : il est recommand\u00e9 de limiter les efforts aux heures les plus chaudes, de s\u2019hydrater r\u00e9guli\u00e8rement et de privil\u00e9gier les lieux frais.<\/p>\n","protected":false},"excerpt":{"rendered":"Photo d\u2019illustration. \u00a9Romane Thevenot La canicule se poursuit ce samedi \u00e0 Lyon avec un grand soleil et des&hellip;\n","protected":false},"author":2,"featured_media":191932,"comment_status":"","ping_status":"","sticky":false,"template":"","format":"standard","meta":{"footnotes":""},"categories":[1889],"tags":[1111,11,2430,6698,1777,674,1011,27,2428,2487,12,25],"class_list":{"0":"post-322399","1":"post","2":"type-post","3":"status-publish","4":"format-standard","5":"has-post-thumbnail","7":"category-lyon","8":"tag-actu","9":"tag-actualites","10":"tag-auvergne-rhone-alpes","11":"tag-canicule","12":"tag-eu","13":"tag-europe","14":"tag-fr","15":"tag-france","16":"tag-lyon","17":"tag-meteo","18":"tag-news","19":"tag-republique-francaise"},"share_on_mastodon":{"url":"https:\/\/pubeurope.com\/@fr\/115037216822258837","error":""},"_links":{"self":[{"href":"https:\/\/www.europesays.com\/fr\/wp-json\/wp\/v2\/posts\/322399","targetHints":{"allow":["GET"]}}],"collection":[{"href":"https:\/\/www.europesays.com\/fr\/wp-json\/wp\/v2\/posts"}],"about":[{"href":"https:\/\/www.europesays.com\/fr\/wp-json\/wp\/v2\/types\/post"}],"author":[{"embeddable":true,"href":"https:\/\/www.europesays.com\/fr\/wp-json\/wp\/v2\/users\/2"}],"replies":[{"embeddable":true,"href":"https:\/\/www.europesays.com\/fr\/wp-json\/wp\/v2\/comments?post=322399"}],"version-history":[{"count":0,"href":"https:\/\/www.europesays.com\/fr\/wp-json\/wp\/v2\/posts\/322399\/revisions"}],"wp:featuredmedia":[{"embeddable":true,"href":"https:\/\/www.europesays.com\/fr\/wp-json\/wp\/v2\/media\/191932"}],"wp:attachment":[{"href":"https:\/\/www.europesays.com\/fr\/wp-json\/wp\/v2\/media?parent=322399"}],"wp:term":[{"taxonomy":"category","embeddable":true,"href":"https:\/\/www.europesays.com\/fr\/wp-json\/wp\/v2\/categories?post=322399"},{"taxonomy":"post_tag","embeddable":true,"href":"https:\/\/www.europesays.com\/fr\/wp-json\/wp\/v2\/tags?post=322399"}],"curies":[{"name":"wp","href":"https:\/\/api.w.org\/{rel}","templated":true}]}}