{"id":322410,"date":"2025-08-16T07:22:13","date_gmt":"2025-08-16T07:22:13","guid":{"rendered":"https:\/\/www.europesays.com\/fr\/322410\/"},"modified":"2025-08-16T07:22:13","modified_gmt":"2025-08-16T07:22:13","slug":"la-russie-a-lance-85-drones-et-un-missile-sur-lukraine-dans-la-nuit-de-vendredi-a-samedi","status":"publish","type":"post","link":"https:\/\/www.europesays.com\/fr\/322410\/","title":{"rendered":"La Russie a lanc\u00e9 85 drones et un missile sur l&rsquo;Ukraine dans la nuit de vendredi \u00e0 samedi"},"content":{"rendered":"<p>Nouvel envoi de drones par la Russie sur <a href=\"https:\/\/www.laprovence.com\/article\/france-monde\/43902401302800\/lukraine-compte-sur-trump-pour-convaincre-la-russie-de-mettre-fin-a-la-guerre\" target=\"_blank\" rel=\"noopener\">l&rsquo;Ukraine<\/a>.\u00a0L&rsquo;arm\u00e9e russe en a lanc\u00e9 85, en plus d&rsquo;un missile, durant la nuit de vendredi \u00e0 samedi 16 ao\u00fbt, affirme Kiev ce samedi matin. L&rsquo;attaque a eu lieu alors que se tenait en Alaska la <a href=\"https:\/\/www.laprovence.com\/article\/france-monde\/47368274165696\/trump-accueille-chaleureusement-poutine-sur-le-tarmac-debut-dune-rencontre-historique-en-alaska\" target=\"_blank\" rel=\"noopener\">rencontre entre Vladimir Poutine et Donald Trump <\/a>qui avait pour objectif de trouver un accord de paix avec l&rsquo;Ukraine.\u00a0<\/p>\n<p>Les forces a\u00e9riennes ukrainiennes, dans un communiqu\u00e9 sur Telegram, ont affirm\u00e9 avoir abattu 61 de ces drones, dont des drones de type \u00ab\u00a0Shahed\u00a0\u00bb (de conception iranienne) et des drones leurres. Selon cette source, les r\u00e9gions de Soumy (nord-est), Donetsk (est), Tcherniguiv (nord) et Dnipropetrovsk (centre-est) ont \u00e9t\u00e9 attaqu\u00e9es.<\/p>\n<p>Des bombardements de drones et de missiles russes touchent l&rsquo;Ukraine quasiment toutes les nuits, faisant r\u00e9guli\u00e8rement des morts et des bless\u00e9s.\u00a0Kiev demande \u00e0 ses alli\u00e9s de lui fournir plus de syst\u00e8mes de d\u00e9fense anti-a\u00e9riens pour repousser ces attaques permanentes.<\/p>\n<p>Des bombardements en plein sommet pour la paix<\/p>\n<p>Ces frappes ont eu lieu en Ukraine alors que se d\u00e9roulait la rencontre, en Alaska, entre les pr\u00e9sidents russe Vladimir Poutine et am\u00e9ricain Donald Trump, tr\u00e8s attendue, mais qui n&rsquo;a pas abouti \u00e0 un cessez-le-feu comme l&rsquo;esp\u00e9raient Kiev et ses alli\u00e9s europ\u00e9ens.<\/p>\n<p>Le pr\u00e9sident am\u00e9ricain avait indiqu\u00e9 avant cette rencontre souhaiter organiser rapidement un sommet tripartite avec le chef d&rsquo;Etat russe et son homologue ukrainien Volodymyr Zelensky, pour d\u00e9crocher une tr\u00eave.<\/p>\n<p>La guerre d\u00e9clench\u00e9e par l&rsquo;invasion russe \u00e0 grande \u00e9chelle de l&rsquo;Ukraine en f\u00e9vrier 2022 est le conflit le plus sanglant en Europe depuis la Seconde guerre mondiale. Elle a fait a minima des dizaines de milliers de morts, voire des centaines de milliers.<\/p>\n","protected":false},"excerpt":{"rendered":"Nouvel envoi de drones par la Russie sur l&rsquo;Ukraine.\u00a0L&rsquo;arm\u00e9e russe en a lanc\u00e9 85, en plus d&rsquo;un missile,&hellip;\n","protected":false},"author":2,"featured_media":322411,"comment_status":"","ping_status":"","sticky":false,"template":"","format":"standard","meta":{"footnotes":""},"categories":[1591],"tags":[17,11,1446,2024,1887,329,5493,9447,3343,12,1885,1886,132,3356],"class_list":{"0":"post-322410","1":"post","2":"type-post","3":"status-publish","4":"format-standard","5":"has-post-thumbnail","7":"category-russie","8":"tag-17","9":"tag-actualites","10":"tag-dans","11":"tag-drones","12":"tag-federation-de-russie","13":"tag-france-monde","14":"tag-lukraine","15":"tag-lance","16":"tag-missile","17":"tag-news","18":"tag-russia","19":"tag-russian-federation","20":"tag-russie","21":"tag-sur"},"share_on_mastodon":{"url":"https:\/\/pubeurope.com\/@fr\/115037244239068874","error":""},"_links":{"self":[{"href":"https:\/\/www.europesays.com\/fr\/wp-json\/wp\/v2\/posts\/322410","targetHints":{"allow":["GET"]}}],"collection":[{"href":"https:\/\/www.europesays.com\/fr\/wp-json\/wp\/v2\/posts"}],"about":[{"href":"https:\/\/www.europesays.com\/fr\/wp-json\/wp\/v2\/types\/post"}],"author":[{"embeddable":true,"href":"https:\/\/www.europesays.com\/fr\/wp-json\/wp\/v2\/users\/2"}],"replies":[{"embeddable":true,"href":"https:\/\/www.europesays.com\/fr\/wp-json\/wp\/v2\/comments?post=322410"}],"version-history":[{"count":0,"href":"https:\/\/www.europesays.com\/fr\/wp-json\/wp\/v2\/posts\/322410\/revisions"}],"wp:featuredmedia":[{"embeddable":true,"href":"https:\/\/www.europesays.com\/fr\/wp-json\/wp\/v2\/media\/322411"}],"wp:attachment":[{"href":"https:\/\/www.europesays.com\/fr\/wp-json\/wp\/v2\/media?parent=322410"}],"wp:term":[{"taxonomy":"category","embeddable":true,"href":"https:\/\/www.europesays.com\/fr\/wp-json\/wp\/v2\/categories?post=322410"},{"taxonomy":"post_tag","embeddable":true,"href":"https:\/\/www.europesays.com\/fr\/wp-json\/wp\/v2\/tags?post=322410"}],"curies":[{"name":"wp","href":"https:\/\/api.w.org\/{rel}","templated":true}]}}