{"id":322414,"date":"2025-08-16T07:24:14","date_gmt":"2025-08-16T07:24:14","guid":{"rendered":"https:\/\/www.europesays.com\/fr\/322414\/"},"modified":"2025-08-16T07:24:14","modified_gmt":"2025-08-16T07:24:14","slug":"usa-la-ville-de-washington-porte-plainte-contre-la-mise-sous-tutelle-de-sa-police-15-08-2025-a-1834","status":"publish","type":"post","link":"https:\/\/www.europesays.com\/fr\/322414\/","title":{"rendered":"USA-La ville de Washington porte plainte contre la mise sous tutelle de sa police &#8211; 15\/08\/2025 \u00e0 18:34"},"content":{"rendered":"<p>\n par Sarah N. Lynch et Tim Reid\n<\/p>\n<p>\n La capitale am\u00e9ricaine,<br \/>\nWashington, a d\u00e9pos\u00e9 plainte contre l&rsquo;administration am\u00e9ricaine<br \/>\nvendredi pour la mise sous tutelle f\u00e9d\u00e9rale de la police locale,<br \/>\nintensifiant ainsi la lutte entre le pr\u00e9sident des \u00c9tats-Unis et<br \/>\nles dirigeants de la capitale.\n<\/p>\n<p>\n Le pr\u00e9sident am\u00e9ricain Donald Trump a annonc\u00e9 lundi avoir<br \/>\nplac\u00e9 sous contr\u00f4le f\u00e9d\u00e9ral la police de Washington DC et<br \/>\nordonn\u00e9 le d\u00e9ploiement de 800 membres de la Garde nationale dans<br \/>\nla capitale des Etats-Unis, pour faire face selon lui \u00e0 une<br \/>\nflamb\u00e9e de criminalit\u00e9.\n<\/p>\n<p>\n Le procureur g\u00e9n\u00e9ral de Washington, Brian Schwalb, a intent\u00e9<br \/>\nune action en justice pour contester cette mise sous tutelle,<br \/>\nquelques heures apr\u00e8s que l&rsquo;administration de Donald Trump a<br \/>\nnomm\u00e9 le chef de la Drug Enforcement Administration (DEA), Terry<br \/>\nCole, au poste de \u00ab\u00a0commissaire de police d&rsquo;urgence\u00a0\u00bb \u00e0<br \/>\nWashington, lui conf\u00e9rant tous les pouvoirs d&rsquo;un chef de police.\n<\/p>\n<p>\n Une audience est pr\u00e9vue \u00e0 14h00 heure locale (18h00 GMT).\n<\/p>\n<p>\n La procureure g\u00e9n\u00e9rale des \u00c9tats-Unis, Pam Bondi, a publi\u00e9<br \/>\njeudi soir un arr\u00eat\u00e9 transf\u00e9rant le contr\u00f4le de la police<br \/>\nmunicipale \u00e0 Terry Cole, chef de la DEA.\n<\/p>\n<p>\n L&rsquo;arr\u00eat\u00e9 de Pam Bondi stipule que la ville doit recevoir<br \/>\nl&rsquo;approbation de Terry Cole avant de pouvoir \u00e9mettre des<br \/>\ndirectives \u00e0 l&rsquo;intention des quelque 3.500 membres de la police.<br \/>\nElle vise \u00e9galement \u00e0 annuler plusieurs directives ant\u00e9rieures<br \/>\ndu service de police, notamment sur son niveau d&rsquo;implication<br \/>\ndans le contr\u00f4le f\u00e9d\u00e9ral de l&rsquo;immigration.\n<\/p>\n<p>\n Le District de Columbia, cr\u00e9\u00e9 en 1790, est r\u00e9gi par la loi<br \/>\nsur l&rsquo;autonomie locale (Home Rule Act). Elle comprend une<br \/>\ndisposition qui donne au pr\u00e9sident des \u00c9tats-Unis le pouvoir de<br \/>\ncontr\u00f4ler la police locale en cas des \u00ab\u00a0conditions<br \/>\nexceptionnelles d&rsquo;urgence\u00a0\u00bb pour une dur\u00e9e maximale de 30 jours.<br \/>\nCette p\u00e9riode de 30 jours ne peut \u00eatre prolong\u00e9e que par une<br \/>\nr\u00e9solution conjointe des deux chambres du Congr\u00e8s am\u00e9ricain.\n<\/p>\n<p>\n \u00ab\u00a0C&rsquo;est la menace la plus grave \u00e0 laquelle le Home Rule DC<br \/>\nait jamais \u00e9t\u00e9 confront\u00e9, et nous nous battons pour y mettre<br \/>\nfin\u00a0\u00bb, a d\u00e9clar\u00e9 Brian Schwalb sur les r\u00e9seaux sociaux.\n<\/p>\n<p>\n Certains experts juridiques estiment que Donald Trump a<br \/>\noutrepass\u00e9 les pouvoirs que lui conf\u00e8re la loi sur l&rsquo;autonomie<br \/>\ncar le texte ne l&rsquo;autorise pas \u00e0 une prise de contr\u00f4le totale de<br \/>\nla police municipale.\n<\/p>\n<p>\n \u00ab\u00a0L&rsquo;administration Trump dispose de l&rsquo;autorit\u00e9 l\u00e9gale pour<br \/>\nexercer un contr\u00f4le sur la police de Washington, ce qui est<br \/>\nn\u00e9cessaire en raison de la situation d&rsquo;urgence qui s&rsquo;est<br \/>\nd\u00e9clar\u00e9e dans la capitale de notre nation \u00e0 la suite d&rsquo;un \u00e9chec<br \/>\nde la direction\u00a0\u00bb, a d\u00e9clar\u00e9 la porte-parole de la Maison<br \/>\nblanche, Abigail Jackson, dans un communiqu\u00e9.\n<\/p>\n<p>\n (Reportage Andy Sullivan, version fran\u00e7aise Elena Smirnova,<br \/>\n\u00e9dit\u00e9 par Kate Entringer)<\/p>\n","protected":false},"excerpt":{"rendered":"par Sarah N. Lynch et Tim Reid La capitale am\u00e9ricaine, Washington, a d\u00e9pos\u00e9 plainte contre l&rsquo;administration am\u00e9ricaine vendredi&hellip;\n","protected":false},"author":2,"featured_media":2486,"comment_status":"","ping_status":"","sticky":false,"template":"","format":"standard","meta":{"footnotes":""},"categories":[1589],"tags":[400,11,398,408,405,73,1866,403,402,399,404,12,401,406,1864,1865,1863,308,407],"class_list":{"0":"post-322414","1":"post","2":"type-post","3":"status-publish","4":"format-standard","5":"has-post-thumbnail","7":"category-etats-unis","8":"tag-action-cac-40","9":"tag-actualites","10":"tag-bourse-de-paris","11":"tag-boursorama","12":"tag-cotations","13":"tag-etats-unis","14":"tag-etats-unis-damerique","15":"tag-indices-devises","16":"tag-investir","17":"tag-investissement","18":"tag-marche-boursier","19":"tag-news","20":"tag-sicav","21":"tag-trackers","22":"tag-united-states","23":"tag-united-states-of-america","24":"tag-us","25":"tag-usa","26":"tag-warrants"},"share_on_mastodon":{"url":"https:\/\/pubeurope.com\/@fr\/115037252059413568","error":""},"_links":{"self":[{"href":"https:\/\/www.europesays.com\/fr\/wp-json\/wp\/v2\/posts\/322414","targetHints":{"allow":["GET"]}}],"collection":[{"href":"https:\/\/www.europesays.com\/fr\/wp-json\/wp\/v2\/posts"}],"about":[{"href":"https:\/\/www.europesays.com\/fr\/wp-json\/wp\/v2\/types\/post"}],"author":[{"embeddable":true,"href":"https:\/\/www.europesays.com\/fr\/wp-json\/wp\/v2\/users\/2"}],"replies":[{"embeddable":true,"href":"https:\/\/www.europesays.com\/fr\/wp-json\/wp\/v2\/comments?post=322414"}],"version-history":[{"count":0,"href":"https:\/\/www.europesays.com\/fr\/wp-json\/wp\/v2\/posts\/322414\/revisions"}],"wp:featuredmedia":[{"embeddable":true,"href":"https:\/\/www.europesays.com\/fr\/wp-json\/wp\/v2\/media\/2486"}],"wp:attachment":[{"href":"https:\/\/www.europesays.com\/fr\/wp-json\/wp\/v2\/media?parent=322414"}],"wp:term":[{"taxonomy":"category","embeddable":true,"href":"https:\/\/www.europesays.com\/fr\/wp-json\/wp\/v2\/categories?post=322414"},{"taxonomy":"post_tag","embeddable":true,"href":"https:\/\/www.europesays.com\/fr\/wp-json\/wp\/v2\/tags?post=322414"}],"curies":[{"name":"wp","href":"https:\/\/api.w.org\/{rel}","templated":true}]}}