{"id":322415,"date":"2025-08-16T07:25:11","date_gmt":"2025-08-16T07:25:11","guid":{"rendered":"https:\/\/www.europesays.com\/fr\/322415\/"},"modified":"2025-08-16T07:25:11","modified_gmt":"2025-08-16T07:25:11","slug":"les-migrants-inquiets-de-laccord-franco-britannique-mais-les-traversees-continuent-2","status":"publish","type":"post","link":"https:\/\/www.europesays.com\/fr\/322415\/","title":{"rendered":"Les migrants inquiets de l&rsquo;accord franco-britannique, mais les travers\u00e9es continuent"},"content":{"rendered":"<p>Une semaine apr\u00e8s son entr\u00e9e en vigueur, l&rsquo;accord migratoire franco-britannique tourmente les candidats \u00e0 l&rsquo;exil amass\u00e9s sur les c\u00f4tes du nord de la France, mais sans enrayer pour l&rsquo;heure les travers\u00e9es clandestines de la Manche.<\/p>\n<p>Trentenaire \u00e9gyptien arriv\u00e9 \u00e0 Calais il y a deux jours, Adnan (pr\u00e9nom modifi\u00e9) pianote sur son t\u00e9l\u00e9phone, \u00e0 quelques m\u00e8tres du campement de quelques tentes o\u00f9 il dort en plein centre-ville. Il essaie de contacter un passeur, explique-t-il, concentr\u00e9.<\/p>\n<p>\u00ab\u00a0Moi, je vais tenter\u00a0\u00bb la travers\u00e9e, \u00ab\u00a0le plus vite possible!\u00a0\u00bb, dit-il dans un sourire blanc immacul\u00e9. \u00ab\u00a0Avant qu&rsquo;ils commencent \u00e0 arr\u00eater et renvoyer des gens\u00a0\u00bb.<\/p>\n<p>L&rsquo;accord franco-britannique pr\u00e9voit le renvoi en France de migrants arriv\u00e9s au Royaume-Uni en traversant la Manche par \u00ab\u00a0small boats\u00a0\u00bb, ces embarcations de fortune qu&rsquo;ils utilisent.<\/p>\n<p>Pour chaque migrant renvoy\u00e9 en France, Londres s&rsquo;est engag\u00e9 \u00e0 accepter une personne se trouvant dans l&rsquo;Hexagone et ayant fait une demande sur une plateforme en ligne.<\/p>\n<p>Les d\u00e9tails sont encore flous, y compris pour les associations qui servent de relais avec les migrants: \u00ab\u00a0C&rsquo;est une nouvelle politique absurde, une bureaucratie vraiment compliqu\u00e9e qu&rsquo;on essaie encore de comprendre\u00a0\u00bb, d\u00e9nonce Gloria Ciaccio, coordinatrice pour Channel Info Project, un projet de L&rsquo;Auberge des migrants \u00e0 Calais.<\/p>\n<p>A chaque nouveau texte de ce type, \u00ab\u00a0les gens entrent dans un \u00e9tat de panique\u00a0\u00bb, assure-t-elle.<\/p>\n<p>&#8211; \u00ab\u00a0Pas d&rsquo;autre choix\u00a0\u00bb &#8211;<\/p>\n<p>Londres a annonc\u00e9 la semaine derni\u00e8re avoir commenc\u00e9 \u00e0 placer en d\u00e9tention des migrants arriv\u00e9s par \u00ab\u00a0small boats\u00a0\u00bb.<\/p>\n<p>\u00ab\u00a0Je connais quelqu&rsquo;un qui est arriv\u00e9 en Angleterre il y a deux jours\u00a0\u00bb et qui a \u00e9t\u00e9 plac\u00e9 en h\u00f4tel, de ceux o\u00f9 sont accueillis les demandeurs d&rsquo;asile \u00e0 leur arriv\u00e9e au Royaume-Uni, affirme pourtant Adnan.<\/p>\n<p>S&rsquo;il apprenait que des gens sont renvoy\u00e9s du Royaume-Uni vers la France, il h\u00e9siterait \u00e0 d\u00e9penser une grosse somme d&rsquo;argent pour la travers\u00e9e et demanderait peut-\u00eatre l&rsquo;asile en France, admet-il.<\/p>\n<p>Un ami \u00e0 lui, Walid (pr\u00e9nom modifi\u00e9), a quant \u00e0 lui \u00ab\u00a0chang\u00e9 d&rsquo;avis\u00a0\u00bb apr\u00e8s une semaine en France: il veut rentrer en Egypte. \u00ab\u00a0C&rsquo;est trop dur, vivre ici, dans la rue, est trop dur\u00a0\u00bb, dit-il.<\/p>\n<p>Leur voisin de tente, Mohammad Jawwad, 45 ans, aimerait profiter de l&rsquo;accord pour rejoindre le Royaume-Uni l\u00e9galement. Mais le processus \u00ab\u00a0va \u00eatre long\u00a0\u00bb, craint-il. Et sans l&rsquo;aide d&rsquo;un avocat, il se fait peu d&rsquo;espoir.<\/p>\n<p>Parti de Syrie en raison de probl\u00e8mes de sant\u00e9, il n&rsquo;a qu&rsquo;une chose en t\u00eate: se faire soigner, ce qu&rsquo;il aimerait faire en France. Mais s&rsquo;il demande l&rsquo;asile, il risque d&rsquo;\u00eatre renvoy\u00e9 en Slov\u00e9nie, le pays par lequel il est entr\u00e9 dans l&rsquo;Union europ\u00e9enne.<\/p>\n<p>\u00ab\u00a0Les gens continuent de pr\u00e9voir de traverser parce que, pour certains, il n&rsquo;y a vraiment pas d&rsquo;autre choix\u00a0\u00bb, r\u00e9sume Gloria Ciaccio.<\/p>\n<p>&#8211; Flux ininterrompu &#8211;<\/p>\n<p>\u00ab\u00a0Tous les migrants arrivant par +small boats+, \u00e0 l&rsquo;exception des mineurs non accompagn\u00e9s demandeurs d&rsquo;asile, risquent d&rsquo;\u00eatre plac\u00e9s en d\u00e9tention\u00a0\u00bb, souligne l&rsquo;association britannique Refugee Action. \u00ab\u00a0Mais en pratique, cela d\u00e9pend de facteurs op\u00e9rationnels dont les capacit\u00e9s des centres de r\u00e9tention, les places pour \u00eatre renvoy\u00e9 (en France, NDLR), et la vitesse du processus\u00a0\u00bb.<\/p>\n<p>Mercredi \u00e0 l&rsquo;aube, un buggy de la gendarmerie remonte \u00e0 pleine vitesse la plage de Hardelot (Pas-de-Calais). En mer, un canot de la gendarmerie maritime et une vedette de la Marine nationale s&rsquo;activent. Un \u00ab\u00a0small boat\u00a0\u00bb vient de partir, avec une cinquantaine de passagers, dont moins de la moiti\u00e9 portent des gilets de sauvetage.<\/p>\n<p>Durant pr\u00e8s de deux heures, l&#8217;embarcation longe la plage au ralenti, ballott\u00e9e par les vagues et le vent. Apr\u00e8s avoir d\u00e9pos\u00e9 quatre migrants ayant jet\u00e9 l&rsquo;\u00e9ponge, le bateau finit par prendre la direction de l&rsquo;Angleterre, dans une brume \u00e9paisse.<\/p>\n<p>Ces tentatives sont tr\u00e8s dangereuses: entre lundi et mardi, pr\u00e8s de 300 migrants au total ont \u00e9t\u00e9 secourus dans les eaux fran\u00e7aises. Et une Somalienne est morte pr\u00e8s de Dunkerque (Nord) en tentant de rejoindre l&rsquo;Anglerre en d\u00e9but de semaine, le 19e d\u00e9c\u00e8s de ce type \u00e0 la fronti\u00e8re franco-britannique depuis le d\u00e9but de l&rsquo;ann\u00e9e.<\/p>\n<p>Mais beaucoup d&rsquo;autres parviennent \u00e0 leurs fins. Depuis l&rsquo;entr\u00e9e en vigueur de l&rsquo;accord entre Paris et Londres, plus de 2.000 migrants ont franchi la Manche \u00e0 bord de \u00ab\u00a0small boats\u00a0\u00bb, selon les derniers chiffres officiels britanniques.<\/p>\n<p>jwp-kau\/etb\/cbn<\/p>\n","protected":false},"excerpt":{"rendered":"Une semaine apr\u00e8s son entr\u00e9e en vigueur, l&rsquo;accord migratoire franco-britannique tourmente les candidats \u00e0 l&rsquo;exil amass\u00e9s sur les&hellip;\n","protected":false},"author":2,"featured_media":322416,"comment_status":"","ping_status":"","sticky":false,"template":"","format":"standard","meta":{"footnotes":""},"categories":[1588],"tags":[11,1777,674,44449,45996,1251,12,473,1853,45995,1851,1850,1852],"class_list":{"0":"post-322415","1":"post","2":"type-post","3":"status-publish","4":"format-standard","5":"has-post-thumbnail","7":"category-royaume-uni","8":"tag-actualites","9":"tag-eu","10":"tag-europe","11":"tag-franco-britannique","12":"tag-gloria-ciaccio","13":"tag-migrants","14":"tag-news","15":"tag-royaume-uni","16":"tag-royaume-uni-de-grande-bretagne-et-dirlande-du-nord","17":"tag-traversee-de-la-manche","18":"tag-uk","19":"tag-united-kingdom","20":"tag-united-kingdom-of-great-britain-and-northern-ireland"},"share_on_mastodon":{"url":"https:\/\/pubeurope.com\/@fr\/115037256066818921","error":""},"_links":{"self":[{"href":"https:\/\/www.europesays.com\/fr\/wp-json\/wp\/v2\/posts\/322415","targetHints":{"allow":["GET"]}}],"collection":[{"href":"https:\/\/www.europesays.com\/fr\/wp-json\/wp\/v2\/posts"}],"about":[{"href":"https:\/\/www.europesays.com\/fr\/wp-json\/wp\/v2\/types\/post"}],"author":[{"embeddable":true,"href":"https:\/\/www.europesays.com\/fr\/wp-json\/wp\/v2\/users\/2"}],"replies":[{"embeddable":true,"href":"https:\/\/www.europesays.com\/fr\/wp-json\/wp\/v2\/comments?post=322415"}],"version-history":[{"count":0,"href":"https:\/\/www.europesays.com\/fr\/wp-json\/wp\/v2\/posts\/322415\/revisions"}],"wp:featuredmedia":[{"embeddable":true,"href":"https:\/\/www.europesays.com\/fr\/wp-json\/wp\/v2\/media\/322416"}],"wp:attachment":[{"href":"https:\/\/www.europesays.com\/fr\/wp-json\/wp\/v2\/media?parent=322415"}],"wp:term":[{"taxonomy":"category","embeddable":true,"href":"https:\/\/www.europesays.com\/fr\/wp-json\/wp\/v2\/categories?post=322415"},{"taxonomy":"post_tag","embeddable":true,"href":"https:\/\/www.europesays.com\/fr\/wp-json\/wp\/v2\/tags?post=322415"}],"curies":[{"name":"wp","href":"https:\/\/api.w.org\/{rel}","templated":true}]}}