{"id":322417,"date":"2025-08-16T07:26:14","date_gmt":"2025-08-16T07:26:14","guid":{"rendered":"https:\/\/www.europesays.com\/fr\/322417\/"},"modified":"2025-08-16T07:26:14","modified_gmt":"2025-08-16T07:26:14","slug":"le-tres-bon-match-de-maza-en-coupe-video","status":"publish","type":"post","link":"https:\/\/www.europesays.com\/fr\/322417\/","title":{"rendered":"Le tr\u00e8s bon match de Maza en coupe (vid\u00e9o)"},"content":{"rendered":"<p><strong\/><\/p>\n<p><strong>Ibrahim Maza disputait hier son premier match officiel<br \/>\navec le Bayer Leverkusen en coupe d&rsquo;Allemagne. Il aura \u00e9t\u00e9 tr\u00e8s<br \/>\ninteressant avec la qualification au bout.<\/strong><\/p>\n<p>Le Bayer se d\u00e9pla\u00e7ait en 1\/32e de finale chez le club de<br \/>\nquatri\u00e8me division Grosaspach et Erik ten Hag a align\u00e9 ses<br \/>\ntitulaires, une semaine apr\u00e8s <a href=\"https:\/\/www.dzfoot.com\/verts-deurope\/amical-match-complique-pour-maza-et-les-siens-face-a-chelsea-video-282401.html\" rel=\"nofollow noopener\" target=\"_blank\"><br \/>\nson dernier match amical de pr\u00e9paration face \u00e0 Chelsea<\/a>.<\/p>\n<p>Pour l\u00a0\u00bboccasion, Ibrahim <strong>Maza titulaire, jouait en bleu<br \/>\ncomme au Hertha Berlin<\/strong> et il faut croire que \u00e7a lui a<br \/>\nr\u00e9ussi. Sans \u00eatre buteur ou passeur comme Patrik Schick, Arthur<br \/>\nGarcia ou Amine Adli, <strong>l&rsquo;alg\u00e9rien de 19 ans a montr\u00e9 qu&rsquo;il<br \/>\navait du ballon.<\/strong><\/p>\n<p>Il a \u00e9t\u00e9 <strong>tr\u00e8s bon dans les duels, fort physiquement,<br \/>\nrapide dans l&rsquo;execution et toujours pr\u00e9t \u00e0 jouer dans la<br \/>\nprofondeur<\/strong>. Leverkusen <strong>s&rsquo;est impos\u00e9 facilement<br \/>\n4-0<\/strong> et recevra dans une semaine Hoffenheim en<br \/>\nBundesliga.<\/p>\n<blockquote class=\"twitter-tweet\"><p><a class=\"twitter-link\" rel=\"noindex, nofollow noopener\" href=\"https:\/\/twitter.com\/compsmercu\/status\/1956425076305223919#038;t=jznM_F3lnpIufzHAy8Nigw\" target=\"_blank\"><br \/>\n<\/a><\/p><\/blockquote>\n<p style=\"text-align: right;\">DZfoot<\/p>\n<p><script async src=\"https:\/\/platform.twitter.com\/widgets.js\" charset=\"utf-8\"><\/script><\/p>\n","protected":false},"excerpt":{"rendered":"Ibrahim Maza disputait hier son premier match officiel avec le Bayer Leverkusen en coupe d&rsquo;Allemagne. Il aura \u00e9t\u00e9&hellip;\n","protected":false},"author":2,"featured_media":322418,"comment_status":"","ping_status":"","sticky":false,"template":"","format":"standard","meta":{"footnotes":""},"categories":[1587],"tags":[11,672,1804,1805,1803,1777,674,1801,12,1802],"class_list":{"0":"post-322417","1":"post","2":"type-post","3":"status-publish","4":"format-standard","5":"has-post-thumbnail","7":"category-allemagne","8":"tag-actualites","9":"tag-allemagne","10":"tag-bundesrepublik-deutschland","11":"tag-de","12":"tag-deutschland","13":"tag-eu","14":"tag-europe","15":"tag-germany","16":"tag-news","17":"tag-republique-federale-dallemagne"},"share_on_mastodon":{"url":"https:\/\/pubeurope.com\/@fr\/115037259991581531","error":""},"_links":{"self":[{"href":"https:\/\/www.europesays.com\/fr\/wp-json\/wp\/v2\/posts\/322417","targetHints":{"allow":["GET"]}}],"collection":[{"href":"https:\/\/www.europesays.com\/fr\/wp-json\/wp\/v2\/posts"}],"about":[{"href":"https:\/\/www.europesays.com\/fr\/wp-json\/wp\/v2\/types\/post"}],"author":[{"embeddable":true,"href":"https:\/\/www.europesays.com\/fr\/wp-json\/wp\/v2\/users\/2"}],"replies":[{"embeddable":true,"href":"https:\/\/www.europesays.com\/fr\/wp-json\/wp\/v2\/comments?post=322417"}],"version-history":[{"count":0,"href":"https:\/\/www.europesays.com\/fr\/wp-json\/wp\/v2\/posts\/322417\/revisions"}],"wp:featuredmedia":[{"embeddable":true,"href":"https:\/\/www.europesays.com\/fr\/wp-json\/wp\/v2\/media\/322418"}],"wp:attachment":[{"href":"https:\/\/www.europesays.com\/fr\/wp-json\/wp\/v2\/media?parent=322417"}],"wp:term":[{"taxonomy":"category","embeddable":true,"href":"https:\/\/www.europesays.com\/fr\/wp-json\/wp\/v2\/categories?post=322417"},{"taxonomy":"post_tag","embeddable":true,"href":"https:\/\/www.europesays.com\/fr\/wp-json\/wp\/v2\/tags?post=322417"}],"curies":[{"name":"wp","href":"https:\/\/api.w.org\/{rel}","templated":true}]}}