{"id":322419,"date":"2025-08-16T07:27:11","date_gmt":"2025-08-16T07:27:11","guid":{"rendered":"https:\/\/www.europesays.com\/fr\/322419\/"},"modified":"2025-08-16T07:27:11","modified_gmt":"2025-08-16T07:27:11","slug":"incendies-en-europe-un-premier-mort-au-portugal-alerte-maximale-en-espagne","status":"publish","type":"post","link":"https:\/\/www.europesays.com\/fr\/322419\/","title":{"rendered":"Incendies en Europe: un premier mort au Portugal, alerte maximale en Espagne"},"content":{"rendered":"<p>Le Pr\u00e9sident du Portugal, Marcelo Rebelo de Sousa, a annonc\u00e9 \u00ab\u00a0le d\u00e9c\u00e8s de l&rsquo;ancien maire de Guarda (est) Carlos D\u00e2maso, victime d&rsquo;un incendie qu&rsquo;il combattait dans sa commune\u00a0\u00bb.<\/p>\n<p>Le <strong>Chef de l&rsquo;Etat a interrompu ses vacances<\/strong> et a particip\u00e9 \u00e0 une r\u00e9union \u00e0 l&rsquo;Autorit\u00e9 Nationale d&rsquo;Urgence et de Protection Civile pour suivre le front \u00ab\u00a0des incendies ruraux\u00a0\u00bb.<\/p>\n<p>Plusieurs milliers de pompiers sont \u00e0 pied d&rsquo;oeuvre depuis des jours pour combattre divers foyers dans le pays traumatis\u00e9 par la centaine de morts dans les incendies de 2017.<\/p>\n<p>Le gouvernement a sollicit\u00e9 l&rsquo;aide de l&rsquo;Union europ\u00e9enne, \u00e0 l&rsquo;instar de l&rsquo;Espagne, et demand\u00e9 l&rsquo;envoi de quatre avions Canadair \u00ab\u00a0pour rester sur le territoire national jusqu&rsquo;au 18 ao\u00fbt\u00a0\u00bb.<\/p>\n<p>L&rsquo;Espagne a enregistr\u00e9 trois d\u00e9c\u00e8s dans ces incendies, dont deux volontaires qui ont p\u00e9ri en tentant d&rsquo;\u00e9teindre le feu en Castille-et-Leon (nord-ouest).<\/p>\n<p>Une grande partie du pays a d\u00e9j\u00e0 endur\u00e9 pr\u00e8s de deux semaines de temp\u00e9ratures \u00e9lev\u00e9es, et vendredi, la chaleur accablante s&rsquo;est \u00e9tendue \u00e0 la Cantabrie (nord-ouest), jusqu&rsquo;\u00e0 pr\u00e9sent \u00e9pargn\u00e9e.<\/p>\n<p>L&rsquo;agence m\u00e9t\u00e9orologique nationale Aemet a par ailleurs mis en garde contre le risque d&rsquo;incendies \u00ab\u00a0tr\u00e8s \u00e9lev\u00e9 ou extr\u00eame dans la majeure partie du pays (&#8230;) jusqu&rsquo;\u00e0 lundi inclus\u00a0\u00bb.<\/p>\n<p> \u00ab\u00a0Plus rien \u00e0 br\u00fbler\u00a0\u00bb <\/p>\n<p>              <img ci-src=\"https:\/\/www.nicematin.com\/environnement\/afp\/f36c20470d11c6951312ab97b0f94f168c6e9480-GrSOaWLW.jpg?vh=a1796d&amp;ci_seal=cf37d9efab\" alt=\"\"\/><br \/>\n        Une femme tente d&rsquo;\u00e9teindre des flammes \u00e0 l&rsquo;aide d&rsquo;un seau d&rsquo;eau le 15 ao\u00fbt 2025, dans le village d&rsquo;Antas, au Portugal <strong>AFP \/ PATRICIA DE MELO MOREIRA.<\/strong> <\/p>\n<p>Le pays conna\u00eet une saison des incendies tr\u00e8s intense avec 157.501 hectares r\u00e9duits en cendres depuis le d\u00e9but de l&rsquo;ann\u00e9e, selon les donn\u00e9es du Syst\u00e8me europ\u00e9en d&rsquo;information sur les feux de for\u00eat (EFFIS).<\/p>\n<p>Pour autant, on est encore bien loin des 306.000 hectares de 2022.<\/p>\n<p>Marcos Rat\u00f3n travaille dans une ferme porcine \u00e0 Sesn\u00e1ndez de T\u00e1bara, pr\u00e8s de l&rsquo;un des feux ayant entra\u00een\u00e9 l&rsquo;\u00e9vacuation de plusieurs milliers d&rsquo;habitants.<\/p>\n<p>Quand lui et ses amis ont vu le feu arriver mardi, ils ont emport\u00e9 des sacs \u00e0 dos, battes \u00e0 feu, tuyaux d&rsquo;arrosage, ont mis \u00ab\u00a0des v\u00eatements appropri\u00e9s et (sont all\u00e9s) l\u00e0-bas pour donner un coup de main\u00a0\u00bb, raconte Marcos \u00e0 l&rsquo;AFP.<\/p>\n<p>\u00ab\u00a0\u00c0 peine arriv\u00e9s, nous avons commenc\u00e9 \u00e0 voir des gens br\u00fbl\u00e9s \u00eatre \u00e9vacu\u00e9s, une voiture en flammes, un tracteur br\u00fbl\u00e9, des entrep\u00f4ts, des garages&#8230;\u00a0\u00bb, explique le trentenaire qui a ressenti une grande \u00ab\u00a0impuissance\u00a0\u00bb.<\/p>\n<p>              <img ci-src=\"https:\/\/www.nicematin.com\/environnement\/afp\/c86c6e40d478dccf26f8a91f36a477cb7a67e524-pfEBNxz6.jpg?vh=989b60&amp;ci_seal=1b9b2f7b44\" alt=\"\"\/><br \/>\n        Une chapelle apparait entour\u00e9e de fum\u00e9e lors d&rsquo;un incendie dans le village d&rsquo;Antas, le 15 ao\u00fbt 2025, au Portugal <strong>AFP \/ PATRICIA DE MELO MOREIRA.<\/strong> <\/p>\n<p>Persuad\u00e9 qu&rsquo;il n&rsquo;y avait plus \u00ab\u00a0rien \u00e0 br\u00fbler\u00a0\u00bb apr\u00e8s les incendies d\u00e9vastateurs de 2022 dans la r\u00e9gion, il se dit d\u00e9sormais convaincu que \u00ab\u00a0cela va continuer \u00e0 nous arriver ann\u00e9e apr\u00e8s ann\u00e9e\u00a0\u00bb et trouve que la population est \u00ab\u00a0abandonn\u00e9e\u00a0\u00bb.<\/p>\n<p>\u00c1ngel Rom\u00e1n, maire de Ferreruela, estime qu&rsquo;il faudrait proc\u00e9der \u00e0 \u00ab\u00a0un nettoyage g\u00e9n\u00e9ral autour de tous les villages, pour former une bande de s\u00e9curit\u00e9\u00a0\u00bb, notamment \u00ab\u00a0d\u00e9broussailler et nettoyer autour des maisons\u00a0\u00bb. \u00ab\u00a0La campagne, si elle est propre, peut stopper le feu\u00a0\u00bb, pense-t-il.<\/p>\n<p>La France voit son d\u00e9partement de l&rsquo;Aude, o\u00f9 un incendie d\u00e9vastateur a d\u00e9j\u00e0 tu\u00e9 une personne et bless\u00e9 plusieurs autres, plac\u00e9 en alerte rouge.<\/p>\n<p>L&rsquo;incendie, qui a d\u00e9marr\u00e9 le 5 ao\u00fbt, n&rsquo;est toujours pas compl\u00e8tement ma\u00eetris\u00e9 et les temp\u00e9ratures devraient atteindre 40\u00b0C dans cette r\u00e9gion samedi.<\/p>\n<p>\u00ab\u00a0Nous sommes dans une situation de vigilance extr\u00eame,\u00a0\u00bb a d\u00e9clar\u00e9 Lucie Roesch, secr\u00e9taire g\u00e9n\u00e9rale de la pr\u00e9fecture locale.<\/p>\n<p>En Gr\u00e8ce et dans les Balkans, o\u00f9 des pluies \u00e9taient pr\u00e9vues dans de nombreuses r\u00e9gions, les temp\u00e9ratures plus basses et les vents moins forts contribuaient \u00e0 am\u00e9liorer la situation.<\/p>\n<p>Les pompiers sont rest\u00e9s \u00e0 Patras, la troisi\u00e8me plus grande ville de Gr\u00e8ce, surveillant des foyers \u00e9pars.<\/p>\n<p>L&rsquo;incendie le plus actif se trouve sur l&rsquo;\u00eele m\u00e9diterran\u00e9enne de Chios, en mer \u00c9g\u00e9e (nord-est), o\u00f9 huit avions ont \u00e9t\u00e9 d\u00e9ploy\u00e9s pour tenter d&rsquo;\u00e9teindre les flammes.<\/p>\n<p>Le risque d&rsquo;incendie restait \u00e9lev\u00e9 dans la r\u00e9gion de l&rsquo;Attique, qui comprend la capitale, Ath\u00e8nes, et la p\u00e9ninsule du P\u00e9loponn\u00e8se, a averti l&rsquo;agence de Protection Civile vendredi.<\/p>\n<p>En Albanie, les premi\u00e8res estimations du gouvernement indiquaient que des milliers de t\u00eates de b\u00e9tail avaient \u00e9t\u00e9 tu\u00e9es et 40 maisons d\u00e9truites en seulement trois jours.<\/p>\n","protected":false},"excerpt":{"rendered":"Le Pr\u00e9sident du Portugal, Marcelo Rebelo de Sousa, a annonc\u00e9 \u00ab\u00a0le d\u00e9c\u00e8s de l&rsquo;ancien maire de Guarda (est)&hellip;\n","protected":false},"author":2,"featured_media":322420,"comment_status":"","ping_status":"","sticky":false,"template":"","format":"standard","meta":{"footnotes":""},"categories":[1586],"tags":[11,436,1777,674,1011,27,12,25],"class_list":{"0":"post-322419","1":"post","2":"type-post","3":"status-publish","4":"format-standard","5":"has-post-thumbnail","7":"category-europe","8":"tag-actualites","9":"tag-environnement","10":"tag-eu","11":"tag-europe","12":"tag-fr","13":"tag-france","14":"tag-news","15":"tag-republique-francaise"},"share_on_mastodon":{"url":"https:\/\/pubeurope.com\/@fr\/115037263925333744","error":""},"_links":{"self":[{"href":"https:\/\/www.europesays.com\/fr\/wp-json\/wp\/v2\/posts\/322419","targetHints":{"allow":["GET"]}}],"collection":[{"href":"https:\/\/www.europesays.com\/fr\/wp-json\/wp\/v2\/posts"}],"about":[{"href":"https:\/\/www.europesays.com\/fr\/wp-json\/wp\/v2\/types\/post"}],"author":[{"embeddable":true,"href":"https:\/\/www.europesays.com\/fr\/wp-json\/wp\/v2\/users\/2"}],"replies":[{"embeddable":true,"href":"https:\/\/www.europesays.com\/fr\/wp-json\/wp\/v2\/comments?post=322419"}],"version-history":[{"count":0,"href":"https:\/\/www.europesays.com\/fr\/wp-json\/wp\/v2\/posts\/322419\/revisions"}],"wp:featuredmedia":[{"embeddable":true,"href":"https:\/\/www.europesays.com\/fr\/wp-json\/wp\/v2\/media\/322420"}],"wp:attachment":[{"href":"https:\/\/www.europesays.com\/fr\/wp-json\/wp\/v2\/media?parent=322419"}],"wp:term":[{"taxonomy":"category","embeddable":true,"href":"https:\/\/www.europesays.com\/fr\/wp-json\/wp\/v2\/categories?post=322419"},{"taxonomy":"post_tag","embeddable":true,"href":"https:\/\/www.europesays.com\/fr\/wp-json\/wp\/v2\/tags?post=322419"}],"curies":[{"name":"wp","href":"https:\/\/api.w.org\/{rel}","templated":true}]}}