{"id":322421,"date":"2025-08-16T07:28:10","date_gmt":"2025-08-16T07:28:10","guid":{"rendered":"https:\/\/www.europesays.com\/fr\/322421\/"},"modified":"2025-08-16T07:28:10","modified_gmt":"2025-08-16T07:28:10","slug":"accords-bilateraux-les-entreprises-vaudoises-sont-eurosceptiques-mais-realistes","status":"publish","type":"post","link":"https:\/\/www.europesays.com\/fr\/322421\/","title":{"rendered":"Accords bilat\u00e9raux: \u00abLes entreprises vaudoises sont eurosceptiques, mais r\u00e9alistes\u00bb"},"content":{"rendered":"<p>    R\u00e9sum\u00e9 en 20 secondes<\/p>\n<p>        En savoir plus sur ce type de contenu<\/p>\n<p>Ce r\u00e9sum\u00e9 peut avoir \u00e9t\u00e9 \u00e9crit avec l&rsquo;assistance d\u2019une IA g\u00e9n\u00e9rative. <a href=\"https:\/\/www.letemps.ch\/cyber\/l-usage-de-l-ia-generative-par-les-journalistes-du-temps\" target=\"_blank\" rel=\"noopener\">En savoir plus<\/a><\/p>\n<p class=\"article__abstract-call-to-action\" data-ariato=\"TrackableElement\" data-trackable-element-type=\"article_abstract_cta\" data-trackable-element-location=\"article_header\" data-trackable-element-id=\"503199\">\n        <a data-event=\"click-&gt;clicked\" href=\"https:\/\/www.letemps.ch\/abonnements\" target=\"_blank\" rel=\"noopener\">Abonnez-vous<\/a> pour acc\u00e9der au r\u00e9sum\u00e9 en 20 secondes.\n      <\/p>\n<p>Des milliers de pages d\u2019accords r\u00e9sum\u00e9es en six pages: c\u2019est la circulaire concise envoy\u00e9e \u00e0 l\u2019ensemble des membres du Centre patronal vaudois (CP), \u00abdont nous sommes assez fiers\u00bb, s\u2019est r\u00e9joui son directeur politique Olivier Rau. Elle \u00e9tait accompagn\u00e9e d\u2019un sondage d\u00e9taill\u00e9 sur les relations avec l\u2019Europe. Apr\u00e8s la conclusion du troisi\u00e8me paquet bilat\u00e9ral avec l\u2019UE, cet hiver, l\u2019organisation souhaitait \u00e0 la fois recueillir les avis des entreprises vaudoises et les informer dans le d\u00e9tail. \u00abIl y a un enjeu de p\u00e9dagogie important sur ce dossier, a rappel\u00e9 Christophe Reymond, directeur du CP. Certaines consid\u00e8rent leurs exportations, mais oublient leurs importations, notamment de main-d\u2019\u0153uvre, et leur pr\u00e9sence sur le march\u00e9 du travail.\u00bb<\/p>\n<p>Au travers des 551 r\u00e9ponses obtenues, qu\u2019il estime repr\u00e9sentatives, le Centre patronal vaudois a donc pr\u00e9sent\u00e9 vendredi un condens\u00e9 de la position de ce tissu \u00e9conomique vari\u00e9 face \u00e0 ses voisins europ\u00e9ens. En ressort un sentiment g\u00e9n\u00e9ralis\u00e9 de prise de conscience quant \u00e0 l\u2019importance d\u2019avoir une relation privil\u00e9gi\u00e9e avec l\u2019UE, et de garantir un acc\u00e8s stable \u00e0 son march\u00e9. Et ce, bien que beaucoup ne s\u2019estiment pas directement concern\u00e9es. 75% des entreprises disent \u00eatre attach\u00e9es \u00e0 la voie bilat\u00e9rale, et acceptent en majorit\u00e9 les contraintes que cela implique, mais elles sont 86% \u00e0 rejeter l\u2019id\u00e9e d\u2019une adh\u00e9sion \u00e0 l\u2019UE. \u00abLes entreprises vaudoises sont eurosceptiques, mais aussi euror\u00e9alistes\u00bb, r\u00e9sume Christophe Reymond.<\/p>\n","protected":false},"excerpt":{"rendered":"R\u00e9sum\u00e9 en 20 secondes En savoir plus sur ce type de contenu Ce r\u00e9sum\u00e9 peut avoir \u00e9t\u00e9 \u00e9crit&hellip;\n","protected":false},"author":2,"featured_media":322422,"comment_status":"","ping_status":"","sticky":false,"template":"","format":"standard","meta":{"footnotes":""},"categories":[1586],"tags":[11,1777,674,1779,1011,27,12,301,25,1778,364],"class_list":{"0":"post-322421","1":"post","2":"type-post","3":"status-publish","4":"format-standard","5":"has-post-thumbnail","7":"category-europe","8":"tag-actualites","9":"tag-eu","10":"tag-europe","11":"tag-european-union","12":"tag-fr","13":"tag-france","14":"tag-news","15":"tag-premium","16":"tag-republique-francaise","17":"tag-ue","18":"tag-union-europeenne"},"share_on_mastodon":{"url":"https:\/\/pubeurope.com\/@fr\/115037267844566168","error":""},"_links":{"self":[{"href":"https:\/\/www.europesays.com\/fr\/wp-json\/wp\/v2\/posts\/322421","targetHints":{"allow":["GET"]}}],"collection":[{"href":"https:\/\/www.europesays.com\/fr\/wp-json\/wp\/v2\/posts"}],"about":[{"href":"https:\/\/www.europesays.com\/fr\/wp-json\/wp\/v2\/types\/post"}],"author":[{"embeddable":true,"href":"https:\/\/www.europesays.com\/fr\/wp-json\/wp\/v2\/users\/2"}],"replies":[{"embeddable":true,"href":"https:\/\/www.europesays.com\/fr\/wp-json\/wp\/v2\/comments?post=322421"}],"version-history":[{"count":0,"href":"https:\/\/www.europesays.com\/fr\/wp-json\/wp\/v2\/posts\/322421\/revisions"}],"wp:featuredmedia":[{"embeddable":true,"href":"https:\/\/www.europesays.com\/fr\/wp-json\/wp\/v2\/media\/322422"}],"wp:attachment":[{"href":"https:\/\/www.europesays.com\/fr\/wp-json\/wp\/v2\/media?parent=322421"}],"wp:term":[{"taxonomy":"category","embeddable":true,"href":"https:\/\/www.europesays.com\/fr\/wp-json\/wp\/v2\/categories?post=322421"},{"taxonomy":"post_tag","embeddable":true,"href":"https:\/\/www.europesays.com\/fr\/wp-json\/wp\/v2\/tags?post=322421"}],"curies":[{"name":"wp","href":"https:\/\/api.w.org\/{rel}","templated":true}]}}