{"id":322427,"date":"2025-08-16T07:31:10","date_gmt":"2025-08-16T07:31:10","guid":{"rendered":"https:\/\/www.europesays.com\/fr\/322427\/"},"modified":"2025-08-16T07:31:10","modified_gmt":"2025-08-16T07:31:10","slug":"vice-championne-de-france-de-vtt-la-bretonne-valentine-roule-vers-lavenir","status":"publish","type":"post","link":"https:\/\/www.europesays.com\/fr\/322427\/","title":{"rendered":"Vice-championne de France de VTT, la bretonne Valentine roule vers l&rsquo;avenir"},"content":{"rendered":"<p>            Par<br \/>\n        <strong><br \/>\n            <a href=\"https:\/\/actu.fr\/auteur\/journaliste-lp\" title=\"Consulter tous les articles de R\u00e9daction Lamballe\" rel=\"nofollow noopener\" target=\"_blank\">R\u00e9daction Lamballe<\/a><br \/>\n        <\/strong><\/p>\n<p>        Publi\u00e9 le<\/p>\n<p>            16 ao\u00fbt 2025 \u00e0 9h20        <\/p>\n<p data-end=\"549\">Valentine Cheyrole-Faramus, pilote de l\u2019\u00e9cole de VTT du Li\u00e9, Ploeuc-l\u2019Hermitage <b>(C\u00f4tes-d\u2019Armor),<\/b> a v\u00e9cu une exp\u00e9rience exceptionnelle d\u00e9but ao\u00fbt lors du Troph\u00e9e de France des jeunes v\u00e9t\u00e9tistes (TFJV) \u00e0 Bagn\u00e8res-de-Bigorre.<\/p>\n<p data-end=\"549\" class=\" wall-content\">S\u00e9lectionn\u00e9e pour repr\u00e9senter l\u2019<b>\u00e9quipe de Bretagne<\/b>, elle revient avec des souvenirs pleins d\u2019\u00e9motions et une performance qui d\u00e9passe les attentes.<\/p>\n<p>Vice-championne de France<\/p>\n<p data-end=\"945\" class=\" wall-content\">Dans cette comp\u00e9tition exigeante, Valentine s\u2019est r\u00e9v\u00e9l\u00e9e une \u00e9quipi\u00e8re de premier plan.<\/p>\n<p data-end=\"945\" class=\" wall-content\">Elle a brillamment pris des points en <b>trial<\/b> (7\u00e8me place) et a su faire barrage sur le <b>cross<\/b> (13\u00e8me) et <b>l\u2019enduro<\/b> (11\u00e8me).<\/p>\n<p data-end=\"945\" class=\" wall-content\">Gr\u00e2ce \u00e0 cet engagement collectif, l\u2019\u00e9quipe U13 bretonne compos\u00e9e d\u2019Axel, Eloann, Jules, Louann, Maverick, les deux Noah et Valentine a d\u00e9croch\u00e9 le titre de vice-championne de France.<\/p>\n<p>Vid\u00e9os : en ce moment sur Actu\u00ab\u00a0C\u2019est magnifique\u00a0\u00bb\u00a0<\/p>\n<p data-end=\"1215\" class=\" wall-content\">\u00ab\u00a0Quand un sport individuel devient un sport en \u00e9quipe, c\u2019est magnifique !\u00a0\u00bb, souligne l\u2019entourage de Valentine, qui tient \u00e9galement \u00e0 remercier chaleureusement le staff du comit\u00e9 de Bretagne de cyclisme ainsi que l\u2019\u00e9cole de VTT du Li\u00e9 pour leur soutien ind\u00e9fectible.<\/p>\n<p data-end=\"1346\" class=\" wall-content\">Avec ces r\u00e9sultats prometteurs, Valentine Cheyrole-Faramus s\u2019impose d\u00e9j\u00e0 comme une athl\u00e8te \u00e0 suivre dans les prochaines ann\u00e9es.<\/p>\n<p class=\" wall-content\">Suivez toute l\u2019actualit\u00e9 de vos villes et m\u00e9dias favoris en vous inscrivant \u00e0 <a href=\"https:\/\/moncompte.actu.fr\" title=\"D\u00e9couvez Mon Actu\" rel=\"nofollow noopener\" data-trk=\"{&quot;cta&quot;:{&quot;action&quot;:&quot;https:\\\/\\\/moncompte.actu.fr&quot;,&quot;category&quot;:&quot;mon compte&quot;,&quot;from&quot;:&quot;article footer&quot;,&quot;name&quot;:&quot;Mon actu&quot;,&quot;type&quot;:&quot;cta&quot;}}\" target=\"_blank\">Mon Actu<\/a>.<\/p>\n","protected":false},"excerpt":{"rendered":"Par R\u00e9daction Lamballe Publi\u00e9 le 16 ao\u00fbt 2025 \u00e0 9h20 Valentine Cheyrole-Faramus, pilote de l\u2019\u00e9cole de VTT du&hellip;\n","protected":false},"author":2,"featured_media":322428,"comment_status":"","ping_status":"","sticky":false,"template":"","format":"standard","meta":{"footnotes":""},"categories":[4],"tags":[11,1011,27,12,25,517,60,208],"class_list":{"0":"post-322427","1":"post","2":"type-post","3":"status-publish","4":"format-standard","5":"has-post-thumbnail","7":"category-france","8":"tag-actualites","9":"tag-fr","10":"tag-france","11":"tag-news","12":"tag-republique-francaise","13":"tag-sport","14":"tag-sports","15":"tag-velo"},"share_on_mastodon":{"url":"https:\/\/pubeurope.com\/@fr\/115037279787358560","error":""},"_links":{"self":[{"href":"https:\/\/www.europesays.com\/fr\/wp-json\/wp\/v2\/posts\/322427","targetHints":{"allow":["GET"]}}],"collection":[{"href":"https:\/\/www.europesays.com\/fr\/wp-json\/wp\/v2\/posts"}],"about":[{"href":"https:\/\/www.europesays.com\/fr\/wp-json\/wp\/v2\/types\/post"}],"author":[{"embeddable":true,"href":"https:\/\/www.europesays.com\/fr\/wp-json\/wp\/v2\/users\/2"}],"replies":[{"embeddable":true,"href":"https:\/\/www.europesays.com\/fr\/wp-json\/wp\/v2\/comments?post=322427"}],"version-history":[{"count":0,"href":"https:\/\/www.europesays.com\/fr\/wp-json\/wp\/v2\/posts\/322427\/revisions"}],"wp:featuredmedia":[{"embeddable":true,"href":"https:\/\/www.europesays.com\/fr\/wp-json\/wp\/v2\/media\/322428"}],"wp:attachment":[{"href":"https:\/\/www.europesays.com\/fr\/wp-json\/wp\/v2\/media?parent=322427"}],"wp:term":[{"taxonomy":"category","embeddable":true,"href":"https:\/\/www.europesays.com\/fr\/wp-json\/wp\/v2\/categories?post=322427"},{"taxonomy":"post_tag","embeddable":true,"href":"https:\/\/www.europesays.com\/fr\/wp-json\/wp\/v2\/tags?post=322427"}],"curies":[{"name":"wp","href":"https:\/\/api.w.org\/{rel}","templated":true}]}}