{"id":322431,"date":"2025-08-16T07:34:13","date_gmt":"2025-08-16T07:34:13","guid":{"rendered":"https:\/\/www.europesays.com\/fr\/322431\/"},"modified":"2025-08-16T07:34:13","modified_gmt":"2025-08-16T07:34:13","slug":"super-league-mikey-lewis-piste-par-plusieurs-clubs-de-nrl-rugby-a-xiii","status":"publish","type":"post","link":"https:\/\/www.europesays.com\/fr\/322431\/","title":{"rendered":"Super League &#8211; Mikey Lewis pist\u00e9 par plusieurs clubs de NRL &#8211; Rugby \u00e0 XIII"},"content":{"rendered":"<p style=\"text-align: justify;\"><strong>V\u00e9ritable superstar de la Super League et \u00e9lu meilleur joueur de la saison derni\u00e8re, le demi d\u2019Hull KR pourrait poursuivre sa carri\u00e8re en NRL.<\/strong><\/p>\n<p style=\"text-align: justify;\">L\u2019international anglais de 24 ans n\u2019a jamais cach\u00e9 son souhait d\u2019\u00e9voluer dans le championnat australien et ses prestations ne passent pas inaper\u00e7ues \u00e0 l\u2019autre bout du monde.<\/p>\n<p style=\"text-align: justify;\">D\u00e9j\u00e0 Impliqu\u00e9 sur 45 essais cette saison pour son \u00e9quipe en Super League, 19 essais et 26 passes d\u00e9cisives, il a \u00e9t\u00e9 un grand artisan de la victoire en Challenge Cup un peu plus t\u00f4t cette saison, permettant aux Robins de ramener le troph\u00e9e derri\u00e8re lequel ils courraient depuis plus de 45 ans.<\/p>\n<p style=\"text-align: justify;\">La forme actuelle de Mikey Lewis ne laisse que peu de doutes sur sa future s\u00e9lection avec l\u2019Angleterre pour la triple confrontation face aux Australiens en fin de saison. Un test grandeur nature pour celui dont on murmure que son transfert pourrait avoir lieu pour la saison 2027. Il lui restera alors une ann\u00e9e de contrat avec son club actuel et un arrangement financier devra \u00eatre trouv\u00e9 avec sa future formation.<\/p>\n<p style=\"text-align: justify;\">Du c\u00f4t\u00e9 des m\u00e9dias australiens, on plaisante m\u00eame sur le fait que Mikey Lewis aurait d\u00e9j\u00e0 d\u00fb \u00e9voluer en NRL en lieu et place de Lewis Dodd. L\u2019ancien demi de m\u00eal\u00e9e de St Helens n\u2019a pas eu le temps de montrer son talent qu\u2019il est d\u00e9j\u00e0 <a href=\"https:\/\/treizemondial.fr\/lewis-dodd-pousse-vers-la-sortie-chez-les-rabbitohs\/\" target=\"_blank\" rel=\"noopener\">pouss\u00e9 \u00e0 la porte par les Rabbitohs<\/a>. Les plus mauvaises langues disent m\u00eame qu\u2019ils se sont tout simplement tromp\u00e9s de Lewis lors du recrutement.<\/p>\n<blockquote class=\"twitter-tweet\" data-width=\"500\" data-dnt=\"true\">\n<p lang=\"en\" dir=\"ltr\">\ud83d\udd34 Hull KR and England superstar Mikey Lewis&rsquo; name has once again been suggested as a possible transfer target for NRL clubs\u2026<a href=\"https:\/\/t.co\/amMDK5Sv1L\">https:\/\/t.co\/amMDK5Sv1L<\/a><\/p>\n<p>\u2014 Love Rugby League (@loverugbyleague) <a href=\"https:\/\/twitter.com\/loverugbyleague\/status\/1955613558420738289?ref_src=twsrc%5Etfw\" target=\"_blank\" rel=\"noopener\">August 13, 2025<\/a><\/p>\n<\/blockquote>\n<p>        <script async src=\"https:\/\/platform.twitter.com\/widgets.js\" charset=\"utf-8\"><\/script><\/p>\n","protected":false},"excerpt":{"rendered":"V\u00e9ritable superstar de la Super League et \u00e9lu meilleur joueur de la saison derni\u00e8re, le demi d\u2019Hull KR&hellip;\n","protected":false},"author":2,"featured_media":322432,"comment_status":"","ping_status":"","sticky":false,"template":"","format":"standard","meta":{"footnotes":""},"categories":[1416],"tags":[1011,27,9879,45997,4473,479,2228,1468,2229,60,4474,969],"class_list":{"0":"post-322431","1":"post","2":"type-post","3":"status-publish","4":"format-standard","5":"has-post-thumbnail","7":"category-rugby","8":"tag-fr","9":"tag-france","10":"tag-hull-kr","11":"tag-mikey-lewis","12":"tag-nrl","13":"tag-rugby","14":"tag-rugby-a-xiii","15":"tag-rugby-football","16":"tag-rugby-league","17":"tag-sports","18":"tag-super-league","19":"tag-transfert"},"share_on_mastodon":{"url":"https:\/\/pubeurope.com\/@fr\/115037291445817011","error":""},"_links":{"self":[{"href":"https:\/\/www.europesays.com\/fr\/wp-json\/wp\/v2\/posts\/322431","targetHints":{"allow":["GET"]}}],"collection":[{"href":"https:\/\/www.europesays.com\/fr\/wp-json\/wp\/v2\/posts"}],"about":[{"href":"https:\/\/www.europesays.com\/fr\/wp-json\/wp\/v2\/types\/post"}],"author":[{"embeddable":true,"href":"https:\/\/www.europesays.com\/fr\/wp-json\/wp\/v2\/users\/2"}],"replies":[{"embeddable":true,"href":"https:\/\/www.europesays.com\/fr\/wp-json\/wp\/v2\/comments?post=322431"}],"version-history":[{"count":0,"href":"https:\/\/www.europesays.com\/fr\/wp-json\/wp\/v2\/posts\/322431\/revisions"}],"wp:featuredmedia":[{"embeddable":true,"href":"https:\/\/www.europesays.com\/fr\/wp-json\/wp\/v2\/media\/322432"}],"wp:attachment":[{"href":"https:\/\/www.europesays.com\/fr\/wp-json\/wp\/v2\/media?parent=322431"}],"wp:term":[{"taxonomy":"category","embeddable":true,"href":"https:\/\/www.europesays.com\/fr\/wp-json\/wp\/v2\/categories?post=322431"},{"taxonomy":"post_tag","embeddable":true,"href":"https:\/\/www.europesays.com\/fr\/wp-json\/wp\/v2\/tags?post=322431"}],"curies":[{"name":"wp","href":"https:\/\/api.w.org\/{rel}","templated":true}]}}