{"id":322443,"date":"2025-08-16T07:41:10","date_gmt":"2025-08-16T07:41:10","guid":{"rendered":"https:\/\/www.europesays.com\/fr\/322443\/"},"modified":"2025-08-16T07:41:10","modified_gmt":"2025-08-16T07:41:10","slug":"oumy-fille-de-louis-garrel-et-valeria-bruni-tedeschi-partage-ses-instants-dans-le-chateau-familial-une-demeure-idyllique-a-flanc-de-falaise-2","status":"publish","type":"post","link":"https:\/\/www.europesays.com\/fr\/322443\/","title":{"rendered":"Oumy (fille de Louis Garrel et Valeria Bruni-Tedeschi) partage ses instants dans le ch\u00e2teau familial, une demeure idyllique \u00e0 flanc de falaise"},"content":{"rendered":"<p>Oumy Bruni Garrel profite pleinement de ses vacances dans le somptueux domaine familial du Cap N\u00e8gre. La jeune actrice, suivie par des milliers de fans sur TikTok, partage des moments de d\u00e9tente et de style dans ce cadre idyllique, entre jardin luxuriant et terrasse avec vue mer.<\/p>\n<p>Oumy Bruni Garrel profite de ses vacances dans le cadre somptueux du <a href=\"https:\/\/fr.news.yahoo.com\/nicolas-carla-sarkozy-demeure-au-200000741.html\" data-ylk=\"slk:domaine familial de sa grand-m\u00e8re Marisa Bruni-Tedeschi au Cap N\u00e8gre;elm:context_link;itc:0;sec:content-canvas;outcm:mb_qualified_link;_E:mb_qualified_link;ct:story;\" class=\"link  yahoo-link\" target=\"_blank\" rel=\"noopener\">domaine familial de sa grand-m\u00e8re Marisa Bruni-Tedeschi au Cap N\u00e8gre<\/a>, un v\u00e9ritable joyau sur la c\u00f4te varoise.<strong> La jeune actrice, adopt\u00e9e en 2008<\/strong> par <a href=\"https:\/\/www.purepeople.com\/people\/valeria-bruni-tedeschi_p1083\" rel=\"nofollow noopener\" target=\"_blank\" data-ylk=\"slk:Valeria Bruni-Tedeschi;elm:context_link;itc:0;sec:content-canvas\" class=\"link \">Valeria Bruni-Tedeschi<\/a> et<a href=\"https:\/\/www.purepeople.com\/people\/louis-garrel_p913\" rel=\"nofollow noopener\" target=\"_blank\" data-ylk=\"slk:Louis Garrel;elm:context_link;itc:0;sec:content-canvas\" class=\"link \"> Louis Garrel<\/a>, a bien grandi et <strong>s\u2019affirme aujourd\u2019hui comme une jeune femme p\u00e9tillante<\/strong>. Sur TikTok, elle partage ses moments de d\u00e9tente dans la propri\u00e9t\u00e9, accumulant plus de <strong>2 millions de likes et captivant plus de 37 000 abonn\u00e9s<\/strong> qui suivent chacun de ses pas avec enthousiasme.<\/p>\n<p>Dans les vid\u00e9os publi\u00e9es, <strong>Oumy appara\u00eet dans le jardin luxuriant, sur la terrasse avec vue sur la mer ou fl\u00e2nant dans l&rsquo;immense demeure<\/strong>. Elle s\u2019adonne aux tendances de l\u2019application avec plusieurs tenues de vacances. Le ch\u00e2teau, que la famille poss\u00e8de depuis de nombreuses ann\u00e9es, offre un cadre exceptionnel, entre pin\u00e8de et falaises surplombant une petite plage aux eaux claires .\u00a0\u00bbSur la c\u00f4te varoise et les terres du Lavandou, <strong>le Cap N\u00e8gre surplombe les eaux m\u00e9diterran\u00e9ennes entre pin\u00e8de et falaises rocheuses<\/strong>. \u00c0 son pied, une petite plage paisible est m\u00eame r\u00e9put\u00e9e pour son sable fin aux nuances ros\u00e9es\u00a0\u00bb, peut-on lire dans les pages du magazine AD.<\/p>\n<p>Oumy profite du refuge familial de la famille Bruni-Tedeschi<\/p>\n<p>Ce lieu charg\u00e9 d\u2019histoire, <strong>o\u00f9 l\u2019on retrouve une architecture datant des ann\u00e9es 1930 et des am\u00e9nagements m\u00e9diterran\u00e9ens typiques<\/strong>, a vu passer les plus grands noms de la photographie et du cin\u00e9ma. Les int\u00e9rieurs conservent leur charme d\u2019antan avec mobilier d\u2019origine, fa\u00efences et tomettes anciennes, tandis que chaque chambre s\u2019ouvre sur une terrasse donnant sur la mer. Le domaine a longtemps \u00e9t\u00e9 un refuge familial, prot\u00e9g\u00e9 et discret, offrant \u00e0 ses occupants un \u00e9crin de tranquillit\u00e9 loin des regards.<\/p>\n<p><strong>Pour Oumy,<\/strong><a href=\"https:\/\/fr.news.yahoo.com\/valeria-bruni-tedeschi-louis-garrel-082000907.html\" data-ylk=\"slk:qui excelle dans une discipline;elm:context_link;itc:0;sec:content-canvas;outcm:mb_qualified_link;_E:mb_qualified_link;ct:story;\" class=\"link  yahoo-link\" target=\"_blank\" rel=\"noopener\"><strong> qui excelle dans une discipline<\/strong><\/a><strong>, ces vacances au Cap N\u00e8gre sont avant tout un moment de libert\u00e9 et d\u2019insouciance<\/strong>. Entre cin\u00e9ma et danse, Oumy Bruni Garrel poursuit son propre chemin artistique, h\u00e9ritant de la passion pour les arts de ses parents tout en affirmant son style et sa personnalit\u00e9. Depuis ses d\u00e9buts \u00e0 l\u2019\u00e9cran dans The Summer House jusqu\u2019au r\u00f4le principal dans Neneh Superstar, elle d\u00e9montre maturit\u00e9 et d\u00e9termination.<strong> Sur les r\u00e9seaux sociaux, elle captive par sa spontan\u00e9it\u00e9 et sa joie de vivre<\/strong>, et ses vacances dans ce cadre idyllique r\u00e9v\u00e8lent parfaitement cette facette solaire de sa personnalit\u00e9.<\/p>\n<p>Ainsi, dans ce domaine familial charg\u00e9 d\u2019histoire,<strong> Oumu permet \u00e0 ses abonn\u00e9s de d\u00e9couvrir le splendide ch\u00e2teau m\u00e9dit\u00e9rann\u00e9e de la famille<\/strong>, un d\u00e9cor digne des plus beaux magazines de d\u00e9coration. Le Cap N\u00e8gre, avec son charme intemporel, continue de tisser des souvenirs pr\u00e9cieux pour la famille Bruni-Garrel et offre \u00e0 la jeune femme de 17 ans un cadre enchanteur pour s\u2019\u00e9panouir pleinement.<\/p>\n<p><a href=\"https:\/\/www.purepeople.com\/article\/oumy-fille-de-louis-garrel-et-valeria-bruni-tedeschi-partage-ses-instants-dans-le-chateau-familial-une-demeure-idyllique-a-flanc-de-falaise_a541460\/1\" rel=\"nofollow noopener\" target=\"_blank\" data-ylk=\"slk:Article original sur Purepeople;elm:context_link;itc:0;sec:content-canvas\" class=\"link \">Article original sur Purepeople<\/a><\/p>\n","protected":false},"excerpt":{"rendered":"Oumy Bruni Garrel profite pleinement de ses vacances dans le somptueux domaine familial du Cap N\u00e8gre. La jeune&hellip;\n","protected":false},"author":2,"featured_media":322444,"comment_status":"","ping_status":"","sticky":false,"template":"","format":"standard","meta":{"footnotes":""},"categories":[1359],"tags":[46002,58,46001,59,1011,27,42738,46004,46003,973,2439],"class_list":{"0":"post-322443","1":"post","2":"type-post","3":"status-publish","4":"format-standard","5":"has-post-thumbnail","7":"category-people","8":"tag-cap-negre","9":"tag-divertissement","10":"tag-domaine-familial","11":"tag-entertainment","12":"tag-fr","13":"tag-france","14":"tag-louis-garrel","15":"tag-oumy","16":"tag-oumy-bruni-garrel","17":"tag-people","18":"tag-tiktok"},"share_on_mastodon":{"url":"https:\/\/pubeurope.com\/@fr\/115037318934549356","error":""},"_links":{"self":[{"href":"https:\/\/www.europesays.com\/fr\/wp-json\/wp\/v2\/posts\/322443","targetHints":{"allow":["GET"]}}],"collection":[{"href":"https:\/\/www.europesays.com\/fr\/wp-json\/wp\/v2\/posts"}],"about":[{"href":"https:\/\/www.europesays.com\/fr\/wp-json\/wp\/v2\/types\/post"}],"author":[{"embeddable":true,"href":"https:\/\/www.europesays.com\/fr\/wp-json\/wp\/v2\/users\/2"}],"replies":[{"embeddable":true,"href":"https:\/\/www.europesays.com\/fr\/wp-json\/wp\/v2\/comments?post=322443"}],"version-history":[{"count":0,"href":"https:\/\/www.europesays.com\/fr\/wp-json\/wp\/v2\/posts\/322443\/revisions"}],"wp:featuredmedia":[{"embeddable":true,"href":"https:\/\/www.europesays.com\/fr\/wp-json\/wp\/v2\/media\/322444"}],"wp:attachment":[{"href":"https:\/\/www.europesays.com\/fr\/wp-json\/wp\/v2\/media?parent=322443"}],"wp:term":[{"taxonomy":"category","embeddable":true,"href":"https:\/\/www.europesays.com\/fr\/wp-json\/wp\/v2\/categories?post=322443"},{"taxonomy":"post_tag","embeddable":true,"href":"https:\/\/www.europesays.com\/fr\/wp-json\/wp\/v2\/tags?post=322443"}],"curies":[{"name":"wp","href":"https:\/\/api.w.org\/{rel}","templated":true}]}}