{"id":322449,"date":"2025-08-16T07:44:45","date_gmt":"2025-08-16T07:44:45","guid":{"rendered":"https:\/\/www.europesays.com\/fr\/322449\/"},"modified":"2025-08-16T07:44:45","modified_gmt":"2025-08-16T07:44:45","slug":"lete-ou-je-suis-devenue-jolie-episode-6-encore-mieux-que-dans-le-livre-cette-scene-a-donne-un-coup-de-chaud-aux-fans-programme-tv-net","status":"publish","type":"post","link":"https:\/\/www.europesays.com\/fr\/322449\/","title":{"rendered":"L\u2019\u00e9t\u00e9 o\u00f9 je suis devenue jolie \u00e9pisode 6 : &quot;Encore mieux que dans le livre&quot;\u2026 Cette sc\u00e8ne a donn\u00e9 un coup de chaud aux fans &#8211; programme-tv.net"},"content":{"rendered":"<ol>\n<li><a href=\"https:\/\/news.google.com\/rss\/articles\/CBMi_AFBVV95cUxOM1pvSkN6SVdFT1RET1NBWVh4Tk5iNVRiNGFTbFdrY3hyTmxYVXllMExjMGhmejZqeFFnbDBlMFo2dXk2LVVKYVBJb0RoREpfck94T25ZYWhKUzRfbkFqc1lRVTdZOFd6UzFKSVB0ampkMHdCcVhqRlZvQjhMMTFiWDlJRXVkM05KWjRKZXZzOTl2LWtrWVRBN1JuWjRjZXVLdWVGQUloMEJsSFh4Yjh3c0tHZnBpLW80bGpvUjlrZlBZMjQ2RlhhR3JwRXJpMmxuSjhiZDhIaGxzVjRtaG9MQW5UcTZrOUVnbUVXRV9DT2RYdUxSNVZrY0k0N1M?oc=5\" target=\"_blank\" rel=\"nofollow noopener\">L\u2019\u00e9t\u00e9 o\u00f9 je suis devenue jolie \u00e9pisode 6 : \u00ab\u00a0Encore mieux que dans le livre\u00a0\u00bb\u2026 Cette sc\u00e8ne a donn\u00e9 un coup de chaud aux fans<\/a>&nbsp;&nbsp;programme-tv.net<\/li>\n<li><a href=\"https:\/\/news.google.com\/rss\/articles\/CBMirAFBVV95cUxOSHJ0T1lMbmtqZ1ExSXppcjBlaE9vNFJiUWM4Tkt6Y0loWHAtU0xleU5hcnVpRS13YmE1a01sdXVQUUJMcXByWW5XbU93cU9RUXJJa2VaVE9pMFRMRk1LamZ3R1l4ZHRpNjhyZWpaUTVEaTlIelhiWHBiWDJOZTBoRldHY3ZJY3RNZjM0bWs0QU9LeExPcWJtNEM2dWhFOGowbENoV2dxSmtEa0xU?oc=5\" target=\"_blank\" rel=\"nofollow noopener\">\u00ab\u00a0L\u2019\u00e9t\u00e9 o\u00f9 je suis devenue jolie\u00a0\u00bb : quand sortira l\u2019\u00e9pisode 7 de la saison 3 ?<\/a>&nbsp;&nbsp;NRJ<\/li>\n<li><a href=\"https:\/\/news.google.com\/rss\/articles\/CBMi_gFBVV95cUxNZFMzbHl2SkRhdlJEUV9rMmNiY29SbFBuVWhpQ2NvZTg2VVd4MnlEbWVFbVppcHNqczRNUXBiaWcxOVNUOEY0bl9GYUxoOVFrUjVrUTB4Q2VTT2Z2eFl1d1NFaFg3aTNlZFRObU5HdmRsQ1cwVWc5V3lKa09MTDZvdXVqVHVDRkcxVzJ1OWtyY3YtWVhJazZlaWJFS2pKNFdJZVZpamJqQWZLeDN3N3BjcDUwQXV2MTZleE1hTlBmU1Vzbmc3emRZTlkydXY2ekxpR2xOdi14YWZvSXBFQUsydndMaVJlTHN3U0hRUThEdlpsQkd6cU9qakxPUVBpZw?oc=5\" target=\"_blank\" rel=\"nofollow noopener\">L\u2019\u00e9t\u00e9 o\u00f9 je suis devenue jolie saison 3 \u00e9pisode 6 : Ce cadeau vient-il de confirmer notre th\u00e9orie sur la fin de la s\u00e9rie ?<\/a>&nbsp;&nbsp;programme-tv.net<\/li>\n<li><a href=\"https:\/\/news.google.com\/rss\/articles\/CBMifkFVX3lxTE5LVExleU1hMkk0MlpSR0o4V1FidjlvaUszMDRucng1anFKR3NPc3MtVTN1cTc4aHVILXdfYW1pOU5ISFkwdndhS3dZTElsMmoyc2I2UDNiYk5kem1UbUVvbWliZUUwaXJqZHFVN2NpbzUyeFZOYWFrdkhCZ2dzZw?oc=5\" target=\"_blank\" rel=\"nofollow noopener\">L&rsquo;\u00e9t\u00e9 o\u00f9 je suis devenue jolie : rattrapez la s\u00e9rie gratuitement ! Voici comment<\/a>&nbsp;&nbsp;AlloCin\u00e9<\/li>\n<li><a href=\"https:\/\/news.google.com\/rss\/articles\/CBMiqwFBVV95cUxQT3NKTThjeWtTOHBaRkJ5MjEzOVMzSjhQRW04Q1hFeW53NWp5UHJwUEY5aE9UNG9CMjl1UTd6NEZqal9WN3hjRDE5dGJMTGFndU1Zb19fbVRPRVd1YlJxMlF6MzZNRjREUzB1SnRDNUZ1VUNhcEI5dHhaZlY5SWJXOHZtZWhWWTJuemVGeHNYNnhSdV9HVlV1dHlid1JZcjljbzBIX2tNZ01Ndms?oc=5\" target=\"_blank\" rel=\"nofollow noopener\">Cinq s\u00e9ries \u00e0 regarder si vous aimez L&rsquo;\u00e9t\u00e9 o\u00f9 je suis devenue jolie<\/a>&nbsp;&nbsp;Diverto<\/li>\n<\/ol>\n","protected":false},"excerpt":{"rendered":"L\u2019\u00e9t\u00e9 o\u00f9 je suis devenue jolie \u00e9pisode 6 : \u00ab\u00a0Encore mieux que dans le livre\u00a0\u00bb\u2026 Cette sc\u00e8ne a&hellip;\n","protected":false},"author":2,"featured_media":1445,"comment_status":"","ping_status":"","sticky":false,"template":"","format":"standard","meta":{"footnotes":""},"categories":[1356],"tags":[58,59,1011,27,252,1364],"class_list":{"0":"post-322449","1":"post","2":"type-post","3":"status-publish","4":"format-standard","5":"has-post-thumbnail","7":"category-television","8":"tag-divertissement","9":"tag-entertainment","10":"tag-fr","11":"tag-france","12":"tag-television","13":"tag-tv"},"share_on_mastodon":{"url":"https:\/\/pubeurope.com\/@fr\/115037330797182008","error":""},"_links":{"self":[{"href":"https:\/\/www.europesays.com\/fr\/wp-json\/wp\/v2\/posts\/322449","targetHints":{"allow":["GET"]}}],"collection":[{"href":"https:\/\/www.europesays.com\/fr\/wp-json\/wp\/v2\/posts"}],"about":[{"href":"https:\/\/www.europesays.com\/fr\/wp-json\/wp\/v2\/types\/post"}],"author":[{"embeddable":true,"href":"https:\/\/www.europesays.com\/fr\/wp-json\/wp\/v2\/users\/2"}],"replies":[{"embeddable":true,"href":"https:\/\/www.europesays.com\/fr\/wp-json\/wp\/v2\/comments?post=322449"}],"version-history":[{"count":0,"href":"https:\/\/www.europesays.com\/fr\/wp-json\/wp\/v2\/posts\/322449\/revisions"}],"wp:featuredmedia":[{"embeddable":true,"href":"https:\/\/www.europesays.com\/fr\/wp-json\/wp\/v2\/media\/1445"}],"wp:attachment":[{"href":"https:\/\/www.europesays.com\/fr\/wp-json\/wp\/v2\/media?parent=322449"}],"wp:term":[{"taxonomy":"category","embeddable":true,"href":"https:\/\/www.europesays.com\/fr\/wp-json\/wp\/v2\/categories?post=322449"},{"taxonomy":"post_tag","embeddable":true,"href":"https:\/\/www.europesays.com\/fr\/wp-json\/wp\/v2\/tags?post=322449"}],"curies":[{"name":"wp","href":"https:\/\/api.w.org\/{rel}","templated":true}]}}