{"id":322454,"date":"2025-08-16T07:47:09","date_gmt":"2025-08-16T07:47:09","guid":{"rendered":"https:\/\/www.europesays.com\/fr\/322454\/"},"modified":"2025-08-16T07:47:09","modified_gmt":"2025-08-16T07:47:09","slug":"recrudescence-de-cas-de-gale-chez-les-jeunes-pourquoi-les-contaminations-explosent-cet-ete","status":"publish","type":"post","link":"https:\/\/www.europesays.com\/fr\/322454\/","title":{"rendered":"Recrudescence de cas de gale chez les jeunes : pourquoi les contaminations explosent cet \u00e9t\u00e9"},"content":{"rendered":"<p><strong>Allong\u00e9 sur une serviette, les pieds dans le sable, qui aurait imagin\u00e9 croiser la gale dans le d\u00e9cor des vacances estivales ? Cet \u00e9t\u00e9 2025, la maladie fait un retour fracassant, semant l&rsquo;inqui\u00e9tude dans les familles et les rangs des professionnels de sant\u00e9. Parents inquiets, m\u00e9decins sollicit\u00e9s, jeunes partag\u00e9s entre g\u00eane et incompr\u00e9hension : la vague prend de l&rsquo;ampleur. Comment expliquer cette explosion des cas et pourquoi vise-t-elle tout particuli\u00e8rement les enfants et les jeunes adultes ? Voici les dessous d&rsquo;une contamination silencieuse mais terriblement efficace.<\/strong><\/p>\n<p>Gale en libert\u00e9 : un retour fracassant dans la vie des jeunes<br \/>\nQuand la gale rime avec \u00e9t\u00e9 : chiffres alarmants<\/p>\n<p><strong>Depuis le d\u00e9but de l&rsquo;\u00e9t\u00e9 2025, de plus en plus de jeunes Fran\u00e7ais sont touch\u00e9s par la gale<\/strong>. Les cabinets m\u00e9dicaux et les pharmacies observent une augmentation inhabituelle des consultations li\u00e9es \u00e0 des d\u00e9mangeaisons persistantes et des \u00e9ruptions cutan\u00e9es inqui\u00e9tantes, notamment chez les enfants, adolescents et jeunes adultes. Plusieurs \u00e9tablissements scolaires et centres de loisirs confirment \u00e9galement une hausse des signalements, bousculant les habitudes et semant parfois la confusion. La r\u00e9apparition massive de cette affection cutan\u00e9e surprend autant qu&rsquo;elle pr\u00e9occupe les professionnels de sant\u00e9.<\/p>\n<p>Ce parasite oubli\u00e9 qui se faufile partout : un fl\u00e9au en pleine expansion<\/p>\n<p><strong>La gale, longtemps per\u00e7ue comme une maladie rare ou d\u00e9su\u00e8te, est aujourd&rsquo;hui de retour sur le devant de la sc\u00e8ne<\/strong>. Ce petit parasite, invisible \u00e0 l&rsquo;\u0153il nu, circule plus rapidement qu&rsquo;on ne l&rsquo;imagine, profitant de la promiscuit\u00e9 et du rel\u00e2chement des gestes barri\u00e8res habituels. Entre 2023 et 2025, les signalements ont doubl\u00e9 dans plusieurs r\u00e9gions fran\u00e7aises. Un tel regain bouscule les id\u00e9es re\u00e7ues, rappelant que la gale n&rsquo;est ni li\u00e9e au manque d&rsquo;hygi\u00e8ne ni \u00e0 un contexte social pr\u00e9cis, mais qu&rsquo;elle peut toucher <strong>tous les milieux<\/strong>, d\u00e8s lors que les conditions s&rsquo;y pr\u00eatent.<\/p>\n<p>Bousculade, chaleur, promiscuit\u00e9 : l&rsquo;\u00e9t\u00e9, saison id\u00e9ale pour la gale ?<br \/>\nF\u00eates, camps et nuits blanches : le terrain de jeu de la transmission<\/p>\n<p><strong>Soir\u00e9es \u00e9tudiantes, festivals en plein air, s\u00e9jours en colonie\u2026 l&rsquo;\u00e9t\u00e9 est synonyme de promiscuit\u00e9<\/strong>. Les nuits courtes, l&rsquo;absence de barri\u00e8re spatiale, les rassemblements et h\u00e9bergements collectifs multiplient les occasions de contact rapproch\u00e9. Pour la gale, qui se transmet principalement par contact cutan\u00e9 direct, c&rsquo;est l&rsquo;aubaine parfaite. Un simple partage de lit, de serviette ou de v\u00eatement suffit en effet \u00e0 propager le parasite, faisant de <strong>chaque \u00e9v\u00e8nement estival un potentiel foyer de contamination<\/strong>, surtout chez les plus jeunes, friands de moments en groupe et de proximit\u00e9 physique.<\/p>\n<p>Un climat propice : la chaleur, facteur d&rsquo;explosion m\u00e9connu<\/p>\n<p><strong>La chaleur estivale joue aussi son r\u00f4le, souvent sous-estim\u00e9<\/strong>. Les temp\u00e9ratures \u00e9lev\u00e9es augmentent la transpiration et, avec elle, les d\u00e9mangeaisons et les griffures, qui facilitent indirectement la diss\u00e9mination du parasite. En p\u00e9riode de canicule, les habits plus l\u00e9gers et le contact peau \u00e0 peau sont plus fr\u00e9quents, favorisant le passage de la gale d&rsquo;une personne \u00e0 l&rsquo;autre. Ce climat, conjugu\u00e9 \u00e0 la densit\u00e9 des \u00e9v\u00e8nements saisonniers, cr\u00e9e une <strong>temp\u00eate parfaite pour la multiplication des cas<\/strong>, en particulier dans les lieux festifs et conviviaux tr\u00e8s pris\u00e9s par les jeunes.<\/p>\n<p>Entre croyances et tabous : pourquoi la gale continue de surprendre<br \/>\nId\u00e9es re\u00e7ues, honte et retards de diagnostic : la maladie invisible<\/p>\n<p><strong>La gale souffre encore d&rsquo;une image n\u00e9gative et d&rsquo;un manque de visibilit\u00e9<\/strong>. Beaucoup pensent qu&rsquo;elle n&rsquo;existe plus, ou que seuls les milieux pr\u00e9caires sont concern\u00e9s. Ce tabou retarde la reconnaissance des sympt\u00f4mes et la recherche de soins, d&rsquo;autant que la maladie d\u00e9bute souvent par de simples d\u00e9mangeaisons nocturnes, qui peuvent passer inaper\u00e7ues en plein \u00e9t\u00e9. La peur du regard des autres, la <strong>crainte d&rsquo;\u00eatre stigmatis\u00e9<\/strong>, pousse les plus jeunes \u00e0 minimiser ou cacher les sympt\u00f4mes, ce qui laisse le temps \u00e0 la maladie de se propager silencieusement.<\/p>\n<p> Comment le manque d&rsquo;information favorise la propagation<\/p>\n<p><strong>Beaucoup de jeunes et de parents ignorent encore les modes de transmission et les gestes de pr\u00e9vention<\/strong>. Le manque de campagnes d&rsquo;information cibl\u00e9e laisse la porte ouverte \u00e0 des comportements \u00e0 risque, comme le pr\u00eat de v\u00eatements ou le partage de couchages. Les mythes perdurent, alimentant la confusion et freinant la r\u00e9activit\u00e9 face aux premiers signes. <strong>Mieux informer<\/strong>, c&rsquo;est d\u00e9j\u00e0 mieux prot\u00e9ger et \u00e9viter que la maladie ne s&rsquo;installe durablement dans la sph\u00e8re estivale et au-del\u00e0.<\/p>\n<p>Diagnostic express, traitements parfois gal\u00e8re : les temps forts du parcours de soins<br \/>\nSympt\u00f4mes qui grattent, m\u00e9decins qui alertent : comment d\u00e9celer la gale<\/p>\n<p><strong>Rep\u00e9rer la gale n&rsquo;est pas toujours une mince affaire<\/strong>. Les premiers signes \u2014 d\u00e9mangeaisons intenses, surtout la nuit, petits boutons rouges en \u00ab sillons \u00bb sur les poignets, les doigts, les coudes ou autour de la taille \u2014 passent parfois pour des allergies ou des piq\u00fbres d&rsquo;insectes. Les m\u00e9decins g\u00e9n\u00e9ralistes sont de plus en plus sollicit\u00e9s par des patients inquiets, et rappellent l&rsquo;importance de <a href=\"https:\/\/journaldesseniors.20minutes.fr\/sante\/prise-en-charge-glaucome-point-vision\/\" target=\"_blank\" rel=\"noopener\">consulter sans attendre<\/a> en cas de doute, pour limiter la propagation du parasite au sein de la famille ou du groupe d&rsquo;amis.<\/p>\n<p>Traiter vite, traiter tous : l&rsquo;arsenal face au parasite<\/p>\n<p><strong>Pas de traitement miracle, mais un protocole rod\u00e9<\/strong>. Bains, cr\u00e8mes sp\u00e9cifiques, changements de linge et d\u00e9sinfections \u00e0 grande \u00e9chelle sont \u00e0 l&rsquo;ordre du jour d\u00e8s le diagnostic confirm\u00e9. La recommandation essentielle : soigner toutes les personnes ayant eu un contact rapproch\u00e9 avec la personne atteinte, m\u00eame en l&rsquo;absence de sympt\u00f4mes. Ce <strong>traitement de groupe<\/strong>, assorti d&rsquo;une hygi\u00e8ne rigoureuse, permet de stopper la cha\u00eene de transmission et d&rsquo;\u00e9viter l&rsquo;effet boule de neige, si redout\u00e9 lors des s\u00e9jours collectifs et des grands rassemblements estivaux.<\/p>\n<p>Jeunes, premiers concern\u00e9s : pourquoi eux ?<br \/>\nPetits et grands ados : la vie en collectivit\u00e9, terreau fertile<\/p>\n<p><strong>L&rsquo;enfance et l&rsquo;adolescence sont synonymes de d\u00e9couvertes, d&rsquo;aventures, mais aussi de contacts rapproch\u00e9s<\/strong>. Classes vertes, colos, sports collectifs, soir\u00e9es pyjama\u2026 tout concourt \u00e0 des contacts cutan\u00e9s fr\u00e9quents, la condition id\u00e9ale pour la propagation de la gale. Les plus jeunes changent d&rsquo;activit\u00e9s, d&rsquo;environnements et d&rsquo;interlocuteurs bien plus souvent que les adultes, ce qui <strong>multiplie les risques de transmission<\/strong> sans m\u00eame qu&rsquo;ils en aient conscience.<\/p>\n<p>Les gestes qui f\u00e2chent : contacts, sports, et habitudes \u00e0 risque<\/p>\n<p><strong>C\u00e2lins, accolades, sports de contact, mais aussi \u00e9changes de v\u00eatements ou de couettes sont autant de portes d&rsquo;entr\u00e9e pour le parasite<\/strong>. Le partage de mat\u00e9riels sportifs ou de literie lors d&rsquo;\u00e9v\u00e8nements estivaux amplifie le ph\u00e9nom\u00e8ne, tout comme les nuits pass\u00e9es chez des amis. En oubliant la prudence lors de ces moments intenses, la <strong>diss\u00e9mination se fait \u00e0 bas bruit<\/strong>, rendant la lutte contre la gale plus compliqu\u00e9e.<\/p>\n<p>Peut-on enrayer la vague ? Pr\u00e9venir, informer, r\u00e9agir<br \/>\n Les astuces pour casser la cha\u00eene de la contamination d\u00e8s cet \u00e9t\u00e9<\/p>\n<p><strong>Adopter quelques gestes simples permet de limiter consid\u00e9rablement les risques<\/strong>.<\/p>\n<ul>\n<li>\u00c9viter le partage de linge, v\u00eatements ou literies, notamment lors des festivals et colonies<\/li>\n<li>Laver draps, serviettes et habits \u00e0 60\u00b0C en cas de suspicion<\/li>\n<li>Se laver soigneusement les mains, surtout apr\u00e8s un contact rapproch\u00e9<\/li>\n<li>Consulter rapidement en pr\u00e9sence de d\u00e9mangeaisons persistantes, surtout la nuit<\/li>\n<li>Informer les proches et partenaires d&rsquo;activit\u00e9s d\u00e8s l&rsquo;apparition des sympt\u00f4mes<\/li>\n<\/ul>\n<p>L&rsquo;importance d&rsquo;en parler : vers une prise de conscience collective<\/p>\n<p><strong>Sortir de la honte et de la g\u00eane, c&rsquo;est permettre une r\u00e9action rapide et collective<\/strong>. Oser \u00e9voquer la possibilit\u00e9 d&rsquo;une contamination, pr\u00e9venir ses proches et consulter sans attendre sont des r\u00e9flexes \u00e0 encourager. Le dialogue au sein des familles, groupes d&rsquo;amis et collectivit\u00e9s constitue une <strong>arme puissante pour enrayer l&rsquo;\u00e9pid\u00e9mie<\/strong> et prot\u00e9ger les plus jeunes, qui sont aussi les plus expos\u00e9s par leurs modes de vie.<\/p>\n<p>Derniers rep\u00e8res : ce qu&rsquo;il faut retenir et les r\u00e9flexes \u00e0 adopter<br \/>\n Points-cl\u00e9s pour prot\u00e9ger les jeunes (et les moins jeunes)<\/p>\n<p><strong>Que retenir de cette vague estivale<\/strong> ? La gale n&rsquo;est pas un vestige du pass\u00e9, ni une maladie honteuse. Elle se transmet tr\u00e8s facilement par contact cutan\u00e9 direct, particuli\u00e8rement lors des moments de promiscuit\u00e9 li\u00e9s \u00e0 l&rsquo;\u00e9t\u00e9. Les principaux gestes pour enrayer la propagation : surveiller l&rsquo;apparition de sympt\u00f4mes, consulter sans tarder, informer son entourage et <strong>\u00e9viter les partages d&rsquo;effets personnels<\/strong>. Rien ne remplace la vigilance collective.<\/p>\n<p> Quelles pistes pour \u00e9viter le retour en force de la gale \u00e0 la rentr\u00e9e ?<\/p>\n<p><strong>Informer les jeunes et leurs parents, instaurer des r\u00e9flexes d\u00e8s les premiers signes sont essentiels<\/strong>. \u00c0 l&rsquo;approche de la rentr\u00e9e, la pr\u00e9vention et le d\u00e9pistage dans les \u00e9coles, clubs sportifs et structures collectives doivent s&rsquo;intensifier pour \u00e9viter un prolongement de l&rsquo;\u00e9pid\u00e9mie. Pr\u00e9server la sant\u00e9 des plus jeunes, mais aussi des familles, passe par une <strong>mobilisation de tous<\/strong> et une information adapt\u00e9e, sans peur ni stigmatisation.<\/p>\n<p>Conna\u00eetre la gale, ses astuces et ses pi\u00e8ges, c&rsquo;est offrir \u00e0 chacun, jeune ou moins jeune, les moyens de profiter pleinement de l&rsquo;\u00e9t\u00e9\u2026 sans mauvaise surprise \u00e0 la rentr\u00e9e. Face \u00e0 ce retour inattendu, la meilleure arme reste la vigilance conjugu\u00e9e \u00e0 la solidarit\u00e9. Prendre soin de soi, c&rsquo;est aussi prot\u00e9ger les autres. Le d\u00e9fi actuel consiste \u00e0 faire circuler l&rsquo;information plus rapidement que le parasite lui-m\u00eame.<\/p>\n","protected":false},"excerpt":{"rendered":"Allong\u00e9 sur une serviette, les pieds dans le sable, qui aurait imagin\u00e9 croiser la gale dans le d\u00e9cor&hellip;\n","protected":false},"author":2,"featured_media":322455,"comment_status":"","ping_status":"","sticky":false,"template":"","format":"standard","meta":{"footnotes":""},"categories":[10],"tags":[1011,27,72,56,71],"class_list":{"0":"post-322454","1":"post","2":"type-post","3":"status-publish","4":"format-standard","5":"has-post-thumbnail","7":"category-sante","8":"tag-fr","9":"tag-france","10":"tag-health","11":"tag-push","12":"tag-sante"},"share_on_mastodon":{"url":"https:\/\/pubeurope.com\/@fr\/115037342593906371","error":""},"_links":{"self":[{"href":"https:\/\/www.europesays.com\/fr\/wp-json\/wp\/v2\/posts\/322454","targetHints":{"allow":["GET"]}}],"collection":[{"href":"https:\/\/www.europesays.com\/fr\/wp-json\/wp\/v2\/posts"}],"about":[{"href":"https:\/\/www.europesays.com\/fr\/wp-json\/wp\/v2\/types\/post"}],"author":[{"embeddable":true,"href":"https:\/\/www.europesays.com\/fr\/wp-json\/wp\/v2\/users\/2"}],"replies":[{"embeddable":true,"href":"https:\/\/www.europesays.com\/fr\/wp-json\/wp\/v2\/comments?post=322454"}],"version-history":[{"count":0,"href":"https:\/\/www.europesays.com\/fr\/wp-json\/wp\/v2\/posts\/322454\/revisions"}],"wp:featuredmedia":[{"embeddable":true,"href":"https:\/\/www.europesays.com\/fr\/wp-json\/wp\/v2\/media\/322455"}],"wp:attachment":[{"href":"https:\/\/www.europesays.com\/fr\/wp-json\/wp\/v2\/media?parent=322454"}],"wp:term":[{"taxonomy":"category","embeddable":true,"href":"https:\/\/www.europesays.com\/fr\/wp-json\/wp\/v2\/categories?post=322454"},{"taxonomy":"post_tag","embeddable":true,"href":"https:\/\/www.europesays.com\/fr\/wp-json\/wp\/v2\/tags?post=322454"}],"curies":[{"name":"wp","href":"https:\/\/api.w.org\/{rel}","templated":true}]}}