{"id":322458,"date":"2025-08-16T07:49:10","date_gmt":"2025-08-16T07:49:10","guid":{"rendered":"https:\/\/www.europesays.com\/fr\/322458\/"},"modified":"2025-08-16T07:49:10","modified_gmt":"2025-08-16T07:49:10","slug":"serge-gainsbourg-liliane-sa-soeur-jumelle-prise-au-piege-dans-les-flammes-son-appartement-ravage","status":"publish","type":"post","link":"https:\/\/www.europesays.com\/fr\/322458\/","title":{"rendered":"Serge Gainsbourg : Liliane, sa soeur jumelle, prise au pi\u00e8ge dans les flammes, son appartement ravag\u00e9"},"content":{"rendered":"<p>Pris au pi\u00e8ge<br \/>\ndans les flammes. La s\u0153ur de Serge Gainsbourg a \u00e9t\u00e9 <strong>victime<br \/>\nde br\u00fblures au niveau des bras et des jambes<\/strong>. De plus,<br \/>\nLiliane Gainsbourg \u00e9tait en <a href=\"https:\/\/www.closermag.fr\/vecu\/temoignages\/elle-s-endort-avec-une-bougie-parfumee-dans-la-piece-et-se-reveille-en-detresse-1041704\" rel=\"nofollow noopener\" target=\"_blank\"><br \/>\nd\u00e9tresse respiratoire<\/a> au moment de son transfert \u00e0 l&rsquo;h\u00f4pital.<br \/>\nPrincipalement \u00e0 cause de l\u2019inhalation de fum\u00e9es lorsqu&rsquo;elle se<br \/>\ntrouvait encore au sein de son appartement en feu. Ce fameux<br \/>\nincendie s&rsquo;\u00e9tait d\u00e9clar\u00e9 en fin de matin\u00e9e dans son logement.<\/p>\n<p class=\"paragraph text_align_left lp-f-body-02\">Au total,<br \/>\n<strong>une quinzaine de v\u00e9hicules de sapeurs-pompiers ont \u00e9t\u00e9<br \/>\nmobilis\u00e9s<\/strong> \u00e0 Boulogne-Billancourt pour arr\u00eater le feu qui<br \/>\nravageait l&rsquo;appartement de la s\u0153ur de Serge Gainsbourg. Selon la<br \/>\nbrigade des <a href=\"https:\/\/www.closermag.fr\/people\/bizutage-l-equipe-de-gymnastique-des-sapeurs-pompiers-de-paris-dissoute-79966\" rel=\"nofollow noopener\" target=\"_blank\"><br \/>\nsapeurs-pompiers de Paris<\/a>, les flammes ont \u00e9t\u00e9 \u00ab\u00a0rapidement<br \/>\nma\u00eetris\u00e9es\u00a0\u00bb par les soldats du feu pr\u00e9sents sur place.<\/p>\n<p>Incendie \u00e0 Boulogne-Billancourt :<br \/>\nl&rsquo;origine des flammes reste encore \u00e0 d\u00e9terminer<\/p>\n<p class=\"paragraph text_align_left lp-f-body-02\">Cependant, elles<br \/>\nont eu le temps de d\u00e9truire presque int\u00e9gralement l\u2019appartement de<br \/>\nLiliane Gainsbourg. Pour le moment, l\u2019origine de l\u2019incendie reste<br \/>\nencore \u00e0 d\u00e9terminer. Mais, comme le rapporte <a href=\"https:\/\/www.leparisien.fr\/hauts-de-seine-92\/lappartement-de-liliane-gainsbourg-ravage-par-les-flammes-a-boulogne-la-soeur-de-lartiste-hospitalisee-15-08-2025-YA5TWV72MRBNFMIZOR6EWGL3WM.php\" rel=\"nofollow noopener\" target=\"_blank\"><br \/>\nLe Parisien<\/a>, <strong>un dysfonctionnement au niveau<br \/>\nd\u2019un grille-pain \u00e9lectrique<\/strong> pourrait \u00eatre la cause de ce<br \/>\nsinistre.<\/p>\n<p class=\"paragraph text_align_left lp-f-body-02\">De plus, une<br \/>\nautre victime a \u00e9t\u00e9 prise en charge par les services de secours en<br \/>\nparall\u00e8le de la s\u0153ur de Serge Gainsbourg. <strong>Il s\u2019agit de la<br \/>\ngardienne de l\u2019immeuble<\/strong> dans lequel se trouvait<br \/>\nl&rsquo;appartement Liliane Gainsbourg. La seconde victime \u00e9tait elle<br \/>\naussi en d\u00e9tresse respiratoire apr\u00e8s avoir inhal\u00e9 des fum\u00e9es.<\/p>\n","protected":false},"excerpt":{"rendered":"Pris au pi\u00e8ge dans les flammes. La s\u0153ur de Serge Gainsbourg a \u00e9t\u00e9 victime de br\u00fblures au niveau&hellip;\n","protected":false},"author":2,"featured_media":322459,"comment_status":"","ping_status":"","sticky":false,"template":"","format":"standard","meta":{"footnotes":""},"categories":[8],"tags":[548,58,59,1011,27],"class_list":{"0":"post-322458","1":"post","2":"type-post","3":"status-publish","4":"format-standard","5":"has-post-thumbnail","7":"category-divertissement","8":"tag-article-simple","9":"tag-divertissement","10":"tag-entertainment","11":"tag-fr","12":"tag-france"},"share_on_mastodon":{"url":"https:\/\/pubeurope.com\/@fr\/115037350667654578","error":""},"_links":{"self":[{"href":"https:\/\/www.europesays.com\/fr\/wp-json\/wp\/v2\/posts\/322458","targetHints":{"allow":["GET"]}}],"collection":[{"href":"https:\/\/www.europesays.com\/fr\/wp-json\/wp\/v2\/posts"}],"about":[{"href":"https:\/\/www.europesays.com\/fr\/wp-json\/wp\/v2\/types\/post"}],"author":[{"embeddable":true,"href":"https:\/\/www.europesays.com\/fr\/wp-json\/wp\/v2\/users\/2"}],"replies":[{"embeddable":true,"href":"https:\/\/www.europesays.com\/fr\/wp-json\/wp\/v2\/comments?post=322458"}],"version-history":[{"count":0,"href":"https:\/\/www.europesays.com\/fr\/wp-json\/wp\/v2\/posts\/322458\/revisions"}],"wp:featuredmedia":[{"embeddable":true,"href":"https:\/\/www.europesays.com\/fr\/wp-json\/wp\/v2\/media\/322459"}],"wp:attachment":[{"href":"https:\/\/www.europesays.com\/fr\/wp-json\/wp\/v2\/media?parent=322458"}],"wp:term":[{"taxonomy":"category","embeddable":true,"href":"https:\/\/www.europesays.com\/fr\/wp-json\/wp\/v2\/categories?post=322458"},{"taxonomy":"post_tag","embeddable":true,"href":"https:\/\/www.europesays.com\/fr\/wp-json\/wp\/v2\/tags?post=322458"}],"curies":[{"name":"wp","href":"https:\/\/api.w.org\/{rel}","templated":true}]}}