{"id":32246,"date":"2025-04-17T18:25:08","date_gmt":"2025-04-17T18:25:08","guid":{"rendered":"https:\/\/www.europesays.com\/fr\/32246\/"},"modified":"2025-04-17T18:25:08","modified_gmt":"2025-04-17T18:25:08","slug":"quelles-sont-vos-idees-pour-ameliorer-le-quartier-de-bonneveine","status":"publish","type":"post","link":"https:\/\/www.europesays.com\/fr\/32246\/","title":{"rendered":"quelles sont vos id\u00e9es pour am\u00e9liorer le quartier de Bonneveine ?"},"content":{"rendered":"<p>En 1972, une vaste op\u00e9ration d&rsquo;am\u00e9nagement, la zone d&rsquo;am\u00e9nagement concert\u00e9e (ZAC) de Bonneveine \u00e0 <a href=\"https:\/\/www.laprovence.com\/ville\/marseille\" target=\"_blank\" rel=\"noopener\">Marseille<\/a>, voit le jour.<\/p>\n<p>En quelques ann\u00e9es, ce territoire des quartiers sud, situ\u00e9 \u00e0 deux pas des plages et du parc Borely, se couvre de plusieurs centaines de logements, de bureaux, d&rsquo;\u00e9quipements publics, mais aussi et surtout d&rsquo;une galerie commerciale \u00e0 ciel ouvert dot\u00e9e d&rsquo;un hypermarch\u00e9.<\/p>\n<p>Trente-trois ans plus tard, le quartier reste pris\u00e9 des amoureux de calme et de nature, mais les \u00e9quipements ont vieilli, le centre commercial se cherche un avenir et les habitants, attach\u00e9s \u00e0 leur tranquillit\u00e9, ne veulent plus de nouvelles constructions.<\/p>\n<p>Apr\u00e8s la r\u00e9ouverture du mus\u00e9e d&rsquo;art contemporain (MAC) en 2023, c&rsquo;est le parc Bonneveine qui va faire l&rsquo;objet d&rsquo;importants travaux de r\u00e9am\u00e9nagement \u00e0 partir des mois de juin\/juillet. Le d\u00e9but d&rsquo;un renouveau ?<\/p>\n<p>Vos t\u00e9moignages nous int\u00e9ressent !<\/p>\n<p>Vous vivez \u00e0 Bonneveine, d\u00e9crivez-nous les probl\u00e9matiques que vous rencontrez (immobilier, \u00e9quipements publics, circulation&#8230;) et dites-nous comment vous aimeriez voir \u00e9voluer votre quartier. Contactez-nous \u00e0 l&rsquo;adresse mail suivante : <strong><a href=\"https:\/\/www.laprovence.com\/cdn-cgi\/l\/email-protection\" class=\"__cf_email__\" data-cfemail=\"7f0d1a1b1e1c0b161011121e0d0c1a1613131a3f131e0f0d10091a111c1a511c1012\" target=\"_blank\" rel=\"noopener\">[email\u00a0protected]<\/a><\/strong><\/p>\n","protected":false},"excerpt":{"rendered":"En 1972, une vaste op\u00e9ration d&rsquo;am\u00e9nagement, la zone d&rsquo;am\u00e9nagement concert\u00e9e (ZAC) de Bonneveine \u00e0 Marseille, voit le jour.&hellip;\n","protected":false},"author":2,"featured_media":32247,"comment_status":"","ping_status":"","sticky":false,"template":"","format":"standard","meta":{"footnotes":""},"categories":[2814],"tags":[17,1111,11,1007,1777,674,1011,27,4021,884,12,866,882,4022,16,25,3333,4023],"class_list":{"0":"post-32246","1":"post","2":"type-post","3":"status-publish","4":"format-standard","5":"has-post-thumbnail","7":"category-marseille","8":"tag-17","9":"tag-actu","10":"tag-actualites","11":"tag-aux","12":"tag-eu","13":"tag-europe","14":"tag-fr","15":"tag-france","16":"tag-habitants","17":"tag-marseille","18":"tag-news","19":"tag-parole","20":"tag-provence-alpes-cote-dazur","21":"tag-quelles","22":"tag-region","23":"tag-republique-francaise","24":"tag-sont","25":"tag-vos"},"share_on_mastodon":{"url":"https:\/\/pubeurope.com\/@fr\/114354711903708389","error":""},"_links":{"self":[{"href":"https:\/\/www.europesays.com\/fr\/wp-json\/wp\/v2\/posts\/32246","targetHints":{"allow":["GET"]}}],"collection":[{"href":"https:\/\/www.europesays.com\/fr\/wp-json\/wp\/v2\/posts"}],"about":[{"href":"https:\/\/www.europesays.com\/fr\/wp-json\/wp\/v2\/types\/post"}],"author":[{"embeddable":true,"href":"https:\/\/www.europesays.com\/fr\/wp-json\/wp\/v2\/users\/2"}],"replies":[{"embeddable":true,"href":"https:\/\/www.europesays.com\/fr\/wp-json\/wp\/v2\/comments?post=32246"}],"version-history":[{"count":0,"href":"https:\/\/www.europesays.com\/fr\/wp-json\/wp\/v2\/posts\/32246\/revisions"}],"wp:featuredmedia":[{"embeddable":true,"href":"https:\/\/www.europesays.com\/fr\/wp-json\/wp\/v2\/media\/32247"}],"wp:attachment":[{"href":"https:\/\/www.europesays.com\/fr\/wp-json\/wp\/v2\/media?parent=32246"}],"wp:term":[{"taxonomy":"category","embeddable":true,"href":"https:\/\/www.europesays.com\/fr\/wp-json\/wp\/v2\/categories?post=32246"},{"taxonomy":"post_tag","embeddable":true,"href":"https:\/\/www.europesays.com\/fr\/wp-json\/wp\/v2\/tags?post=32246"}],"curies":[{"name":"wp","href":"https:\/\/api.w.org\/{rel}","templated":true}]}}