{"id":322466,"date":"2025-08-16T07:53:08","date_gmt":"2025-08-16T07:53:08","guid":{"rendered":"https:\/\/www.europesays.com\/fr\/322466\/"},"modified":"2025-08-16T07:53:08","modified_gmt":"2025-08-16T07:53:08","slug":"les-orages-persistent-en-france-ce-samedi-16-aout-voici-les-departements-concernes","status":"publish","type":"post","link":"https:\/\/www.europesays.com\/fr\/322466\/","title":{"rendered":"Les orages persistent en France ce samedi 16 ao\u00fbt : voici les d\u00e9partements concern\u00e9s"},"content":{"rendered":"<p>            Par<br \/>\n        <strong><br \/>\n            <a href=\"https:\/\/actu.fr\/auteur\/johann-foucault\" title=\"Consulter tous les articles de Johann Foucault\" target=\"_blank\" rel=\"noopener\">Johann Foucault<\/a><br \/>\n        <\/strong><\/p>\n<p>        Publi\u00e9 le<\/p>\n<p>            16 ao\u00fbt 2025 \u00e0 7h26        <\/p>\n<p>La France subit toujours une vague de chaleur \u00e9crasante, pour laquelle de nombreux d\u00e9partements restent plac\u00e9s en vigilance orange <a href=\"https:\/\/actu.fr\/tag\/canicule\" target=\"_blank\" rel=\"noopener\">canicule<\/a>, ce samedi 16 ao\u00fbt 2025. Mais les <a href=\"https:\/\/actu.fr\/tag\/orages\" target=\"_blank\" rel=\"noopener\">orages<\/a>, eux aussi, persistent.<\/p>\n<p class=\" wall-content\">Apr\u00e8s avoir fait leur retour en milieu de semaine, et avec une <a href=\"https:\/\/actu.fr\/meteo\/les-orages-deja-de-retour-en-france-ce-vendredi-une-vingtaine-de-departements-en-vigilance-voici-lesquels_63041133.html\" target=\"_blank\" rel=\"noopener\">vingtaine de d\u00e9partements en vigilance vendredi<\/a>, ce samedi aussi sera marqu\u00e9 par des averses orageuses, avec quelques d\u00e9partements en <strong>vigilance jaune orages<\/strong>.<\/p>\n<p class=\" wall-content\">C\u2019est d\u00fb \u00e0 l\u2019arriv\u00e9e d\u2019une \u00ab\u00a0\u00e9volution instable qui se dessine sur la fa\u00e7ade est du pays en cours d\u2019apr\u00e8s-midi samedi\u00a0\u00bb, indique dans son dernier bulletin <a href=\"https:\/\/actu.fr\/tag\/meteo-france\" target=\"_blank\" rel=\"noopener\">M\u00e9t\u00e9o France<\/a>.<\/p>\n<blockquote class=\"ac-article-quote wall-content\">\n<p>Des averses orageuses se d\u00e9clenchent sur les Vosges, le Jura, la fronti\u00e8re italienne. Des orages pourront \u00e9clater aussi en Corse, plut\u00f4t sur la Corse du sud.<\/p>\n<p>    <strong>M\u00e9t\u00e9o France<\/strong><br \/>\n        Dans son bulletin de 6h, ce samedi 16 ao\u00fbt    <\/p><\/blockquote>\n<p>Plusieurs d\u00e9partements en vigilance jaune pour orages<\/p>\n<p class=\" wall-content\">Pour la journ\u00e9e de samedi 16 ao\u00fbt 2025, <strong>sept d\u00e9partements<\/strong> sont plac\u00e9s en vigilance jaune orages :\u00a0<\/p>\n<ul class=\" wall-content\">\n<li>Haut-Rhin<\/li>\n<li>Alpes-Maritimes<\/li>\n<li>Doubs\u00a0<\/li>\n<li>Savoie<\/li>\n<li>Haute-Savoie<\/li>\n<li>Territoire de Belfort\u00a0<\/li>\n<li>Corse-du-Sud<\/li>\n<\/ul>\n<p>Le vent aussi de la partie<\/p>\n<p class=\" wall-content\">\u00c0 ces conditions m\u00e9t\u00e9o s\u2019ajoute le <strong>retour du vent<\/strong>, avec des rafales non n\u00e9gligeables attendues par endroit. \u00ab\u00a0Le Mistral est de retour, il atteint 40 \u00e0 50 km\/h en matin\u00e9e, 50 \u00e0 70 km\/h en seconde partie de journ\u00e9e, pr\u00e9cise M\u00e9t\u00e9o France, selon lequel \u00ab\u00a0la tramontane se l\u00e8ve l\u2019apr\u00e8s-midi, \u00e0 50\/60 km\/h\u00a0\u00bb.<\/p>\n<p class=\" wall-content\">Un ph\u00e9nom\u00e8ne \u00e0 surveiller donc. Si la canicule est pr\u00e9vue pour durer au moins jusqu\u2019\u00e0 mardi prochain, un nouvel \u00e9pisode orageux pourrait aussi survenir d\u2019ici mardi-mercredi.<\/p>\n<p class=\" wall-content\">La semaine prochaine, \u00ab le temps risque d\u2019\u00eatre instable avec des averses et des orages \u00bb, pr\u00e9venait le m\u00e9t\u00e9orologue Guillaume S\u00e9chet aupr\u00e8s d\u2019actu.fr ces derniers jours.<\/p>\n<p class=\" wall-content\">Suivez toute l\u2019actualit\u00e9 de vos villes et m\u00e9dias favoris en vous inscrivant \u00e0 <a href=\"https:\/\/moncompte.actu.fr\" title=\"D\u00e9couvez Mon Actu\" rel=\"nofollow noopener\" data-trk=\"{&quot;cta&quot;:{&quot;action&quot;:&quot;https:\\\/\\\/moncompte.actu.fr&quot;,&quot;category&quot;:&quot;mon compte&quot;,&quot;from&quot;:&quot;article footer&quot;,&quot;name&quot;:&quot;Mon actu&quot;,&quot;type&quot;:&quot;cta&quot;}}\" target=\"_blank\">Mon Actu<\/a>.<\/p>\n","protected":false},"excerpt":{"rendered":"Par Johann Foucault Publi\u00e9 le 16 ao\u00fbt 2025 \u00e0 7h26 La France subit toujours une vague de chaleur&hellip;\n","protected":false},"author":2,"featured_media":322467,"comment_status":"","ping_status":"","sticky":false,"template":"","format":"standard","meta":{"footnotes":""},"categories":[4],"tags":[11,6698,1011,27,2487,12,4594,25,15637],"class_list":{"0":"post-322466","1":"post","2":"type-post","3":"status-publish","4":"format-standard","5":"has-post-thumbnail","7":"category-france","8":"tag-actualites","9":"tag-canicule","10":"tag-fr","11":"tag-france","12":"tag-meteo","13":"tag-news","14":"tag-orages","15":"tag-republique-francaise","16":"tag-vague-de-chaleur"},"share_on_mastodon":{"url":"https:\/\/pubeurope.com\/@fr\/115037366071377024","error":""},"_links":{"self":[{"href":"https:\/\/www.europesays.com\/fr\/wp-json\/wp\/v2\/posts\/322466","targetHints":{"allow":["GET"]}}],"collection":[{"href":"https:\/\/www.europesays.com\/fr\/wp-json\/wp\/v2\/posts"}],"about":[{"href":"https:\/\/www.europesays.com\/fr\/wp-json\/wp\/v2\/types\/post"}],"author":[{"embeddable":true,"href":"https:\/\/www.europesays.com\/fr\/wp-json\/wp\/v2\/users\/2"}],"replies":[{"embeddable":true,"href":"https:\/\/www.europesays.com\/fr\/wp-json\/wp\/v2\/comments?post=322466"}],"version-history":[{"count":0,"href":"https:\/\/www.europesays.com\/fr\/wp-json\/wp\/v2\/posts\/322466\/revisions"}],"wp:featuredmedia":[{"embeddable":true,"href":"https:\/\/www.europesays.com\/fr\/wp-json\/wp\/v2\/media\/322467"}],"wp:attachment":[{"href":"https:\/\/www.europesays.com\/fr\/wp-json\/wp\/v2\/media?parent=322466"}],"wp:term":[{"taxonomy":"category","embeddable":true,"href":"https:\/\/www.europesays.com\/fr\/wp-json\/wp\/v2\/categories?post=322466"},{"taxonomy":"post_tag","embeddable":true,"href":"https:\/\/www.europesays.com\/fr\/wp-json\/wp\/v2\/tags?post=322466"}],"curies":[{"name":"wp","href":"https:\/\/api.w.org\/{rel}","templated":true}]}}