{"id":322470,"date":"2025-08-16T07:55:10","date_gmt":"2025-08-16T07:55:10","guid":{"rendered":"https:\/\/www.europesays.com\/fr\/322470\/"},"modified":"2025-08-16T07:55:10","modified_gmt":"2025-08-16T07:55:10","slug":"saint-etienne-vinyles-mugs-coupures-de-presse-il-collectionne-tout-sur-johnny-hallyday-depuis-les-annees-70","status":"publish","type":"post","link":"https:\/\/www.europesays.com\/fr\/322470\/","title":{"rendered":"Saint-\u00c9tienne. Vinyles, mugs, coupures de presse&#8230; Il collectionne tout sur Johnny Hallyday depuis les ann\u00e9es 70"},"content":{"rendered":"<p>\u00ab\u00a0J\u2019ai commenc\u00e9 ma collection \u00e0 la fin des ann\u00e9es 1970 lorsque j\u2019ai entendu la premi\u00e8re chanson de <a href=\"https:\/\/www.leprogres.fr\/p\/johnny-hallyday\" target=\"_blank\" rel=\"noopener\">Johnny Hallyday<\/a>, explique Michel. Lors de son premier concert \u00e0 Saint-Etienne, au d\u00e9but des ann\u00e9es 1980, je suis rest\u00e9 bouche b\u00e9e, je n\u2019avais jamais vu de spectacle aussi grandiose. Johnny, c\u2019\u00e9tait vraiment un personnage, une b\u00eate de sc\u00e8ne. Je suis s\u00e9duit par ses m\u00e9lodies, son lien avec le public, il savait nous entra\u00eener, nous faire chanter\u00a0\u00bb.<\/p>\n<p>Cette admiration a rapidement \u00e9volu\u00e9 vers une collection devenue, au fil des d\u00e9cennies, impressionnante. En 1987, au premier Carrefour des collectionneurs, deux tables suffisaient \u00e0 Michel pour pr\u00e9senter sa collection. Seize&#8230;<\/p>\n","protected":false},"excerpt":{"rendered":"\u00ab\u00a0J\u2019ai commenc\u00e9 ma collection \u00e0 la fin des ann\u00e9es 1970 lorsque j\u2019ai entendu la premi\u00e8re chanson de Johnny&hellip;\n","protected":false},"author":2,"featured_media":322471,"comment_status":"","ping_status":"","sticky":false,"template":"","format":"standard","meta":{"footnotes":""},"categories":[9653],"tags":[1111,11,2430,1687,7539,1777,674,107,1011,27,1757,3367,873,12,25,4001,7538,4604,273,10806],"class_list":{"0":"post-322470","1":"post","2":"type-post","3":"status-publish","4":"format-standard","5":"has-post-thumbnail","7":"category-saint-etienne","8":"tag-actu","9":"tag-actualites","10":"tag-auvergne-rhone-alpes","11":"tag-culture-loisirs","12":"tag-edition-loire-sud","13":"tag-eu","14":"tag-europe","15":"tag-fil-info","16":"tag-fr","17":"tag-france","18":"tag-insolite","19":"tag-loire","20":"tag-musique","21":"tag-news","22":"tag-republique-francaise","23":"tag-saint-etienne","24":"tag-saint-etienne-ville","25":"tag-selection-abonne","26":"tag-selection-de-la-redaction","27":"tag-selection-de-la-redaction-42"},"share_on_mastodon":{"url":"https:\/\/pubeurope.com\/@fr\/115037374046799491","error":""},"_links":{"self":[{"href":"https:\/\/www.europesays.com\/fr\/wp-json\/wp\/v2\/posts\/322470","targetHints":{"allow":["GET"]}}],"collection":[{"href":"https:\/\/www.europesays.com\/fr\/wp-json\/wp\/v2\/posts"}],"about":[{"href":"https:\/\/www.europesays.com\/fr\/wp-json\/wp\/v2\/types\/post"}],"author":[{"embeddable":true,"href":"https:\/\/www.europesays.com\/fr\/wp-json\/wp\/v2\/users\/2"}],"replies":[{"embeddable":true,"href":"https:\/\/www.europesays.com\/fr\/wp-json\/wp\/v2\/comments?post=322470"}],"version-history":[{"count":0,"href":"https:\/\/www.europesays.com\/fr\/wp-json\/wp\/v2\/posts\/322470\/revisions"}],"wp:featuredmedia":[{"embeddable":true,"href":"https:\/\/www.europesays.com\/fr\/wp-json\/wp\/v2\/media\/322471"}],"wp:attachment":[{"href":"https:\/\/www.europesays.com\/fr\/wp-json\/wp\/v2\/media?parent=322470"}],"wp:term":[{"taxonomy":"category","embeddable":true,"href":"https:\/\/www.europesays.com\/fr\/wp-json\/wp\/v2\/categories?post=322470"},{"taxonomy":"post_tag","embeddable":true,"href":"https:\/\/www.europesays.com\/fr\/wp-json\/wp\/v2\/tags?post=322470"}],"curies":[{"name":"wp","href":"https:\/\/api.w.org\/{rel}","templated":true}]}}