{"id":322478,"date":"2025-08-16T08:03:12","date_gmt":"2025-08-16T08:03:12","guid":{"rendered":"https:\/\/www.europesays.com\/fr\/322478\/"},"modified":"2025-08-16T08:03:12","modified_gmt":"2025-08-16T08:03:12","slug":"ces-distributions-estivales-sauvent-les-etudiants","status":"publish","type":"post","link":"https:\/\/www.europesays.com\/fr\/322478\/","title":{"rendered":"ces distributions estivales sauvent les \u00e9tudiants"},"content":{"rendered":"<p>            Par<br \/>\n        <strong><br \/>\n            <a href=\"https:\/\/actu.fr\/auteur\/lea-pippinato\" title=\"Consulter tous les articles de L\u00e9a Pippinato\" target=\"_blank\" rel=\"noopener\">L\u00e9a Pippinato<\/a><br \/>\n        <\/strong><\/p>\n<p>        Publi\u00e9 le<\/p>\n<p>            16 ao\u00fbt 2025 \u00e0 9h33        <\/p>\n<p>\u00c0 l\u2019int\u00e9rieur de la Halle Tropisme, <strong>ce mercredi soir<\/strong>, la lumi\u00e8re traverse les grandes baies vitr\u00e9es et se pose sur des piles de cagettes : p\u00eaches, ananas, bottes de persil frais. Plus loin, des cartons de yaourts, des sacs de p\u00e2tes, des salades vertes. Sur une table, quelques flacons de shampoing et cr\u00e8mes hydratantes. Les conversations des b\u00e9n\u00e9voles se m\u00ealent au bruit sec des cartons que l\u2019on casse pour le recyclage. Les gestes sont rapides : dans une heure, 152 \u00e9tudiants viendront remplir leur panier.<\/p>\n<p>    <a href=\"https:\/\/www.google.com\/maps\/embed?pb=!1m18!1m12!1m3!1d23114.090373704526!2d3.8338559999999995!3d43.6011008!2m3!1f0!2f0!3f0!3m2!1i1024!2i768!4f13.1!3m3!1m2!1s0x12b6af09b585b30b%3A0x13f65e520706c371!2sHalle%20Tropisme!5e0!3m2!1sfr!2sfr!4v1755122706550!5m2!1sfr!2sfr\" title=\"Ouvrie le lien\" target=\"_blank\" rel=\"noopener\">Cliquez ici pour visualiser le contenu<\/a><\/p>\n<p class=\" wall-content\">L\u2019association Linkee, cr\u00e9\u00e9e en 2020, distribue toute l\u2019ann\u00e9e des denr\u00e9es aux \u00e9tudiants en difficult\u00e9. \u00c0 Montpellier, depuis octobre 2023, les rendez-vous sont fixes : l\u2019hiver, deux fois par semaine, le lundi et le mercredi. L\u2019\u00e9t\u00e9, une seule distribution, mais toujours le m\u00eame horaire : <strong>de 18h30 \u00e0 20h<\/strong>. \u00ab\u00a0En ao\u00fbt, il y a moins de monde, mais on ne peut pas tout arr\u00eater. La pr\u00e9carit\u00e9 ne prend pas de vacances\u00a0\u00bb, pr\u00e9cise Maria, coordinatrice logistique. Les chiffres parlent d\u2019eux-m\u00eames. \u00ab\u00a0En juillet, on donnait \u00e0 environ 200 \u00e9tudiants le lundi. En ao\u00fbt, on est \u00e0 152.\u00a0\u00bb L\u2019organisation se cale sur ces donn\u00e9es. \u00ab\u00a0Aujourd\u2019hui, on a 125 p\u00eaches et 30 ananas. On commence par les p\u00eaches, puis on encha\u00eene avec les ananas pour que tout le monde ait quelque chose.\u00a0\u00bb Les dons proviennent de grandes surfaces, d\u2019agriculteurs et parfois de jardins urbains. Beaucoup sont \u00e0 date courte : \u00e0 distribuer le jour m\u00eame ou le lendemain.<\/p>\n<p>Plus que de la nourriture<\/p>\n<p class=\" wall-content\">Dans les sacs remis aux b\u00e9n\u00e9ficiaires, il n\u2019y a pas que des produits alimentaires. \u00ab\u00a0On re\u00e7oit parfois des produits cosm\u00e9tiques, shampoings, gels douche\u00a0\u00bb, \u00e9num\u00e8re Ir\u00e8ne, b\u00e9n\u00e9vole. \u00ab\u00a0Les \u00e9tudiants sont surpris, \u00e7a fait plaisir. Prendre soin de soi, c\u2019est important aussi.\u00a0\u00bb Ce soir, quelques flacons et cr\u00e8mes hydratantes se glisseront entre les fruits et les p\u00e2tes. Hugo*, 21 ans, \u00e9tudiant en deuxi\u00e8me ann\u00e9e de droit, vit seul dans un studio en p\u00e9riph\u00e9rie. Son loyer et ses charges absorbent presque tout son budget. \u00ab\u00a0Il me reste souvent moins de 40 euros pour manger et me d\u00e9placer. Avant, je sautais des repas. Une fois, j\u2019ai pass\u00e9 quatre jours \u00e0 ne manger que des p\u00e2tes et du pain, parce que je voulais garder un peu d\u2019argent pour acheter du savon et du dentifrice.\u00a0\u00bb Aujourd\u2019hui, il vient chaque mercredi.<\/p>\n<p>    <img   decoding=\"async\" loading=\"lazy\" src=\"https:\/\/www.europesays.com\/fr\/wp-content\/uploads\/2025\/08\/tempimageklwpyu-960x640.jpg\" alt=\"Les produits cosm\u00e9tiques arrachent souvent un sourire aux b\u00e9n\u00e9ficiaires.\" width=\"960\" height=\"640\"\/><br \/>\n    Les produits cosm\u00e9tiques arrachent souvent un sourire aux b\u00e9n\u00e9ficiaires. (\u00a9M\u00e9tropolitain \/ LP)<\/p>\n<p class=\" wall-content\">Sofia, 23 ans, en troisi\u00e8me ann\u00e9e d\u2019\u00e9cole d\u2019infirmi\u00e8re, a d\u00e9couvert l\u2019association par une amie. Elle loue un petit studio dans le centre, loin de sa famille. \u00ab\u00a0Un soir, je suis tomb\u00e9e sur un petit flacon de parfum dans mon panier. \u00c7a peut sembler futile, mais quand on ne s\u2019offre rien depuis des mois, \u00e7a donne un coup de boost.\u00a0\u00bb Maria conna\u00eet bien cette file d\u2019attente. \u00ab\u00a0J\u2019\u00e9tais b\u00e9n\u00e9ficiaire. Un jour, apr\u00e8s avoir pris mon panier, j\u2019ai d\u00e9cid\u00e9 de donner du temps.\u00a0\u00bb<\/p>\n<p>Vid\u00e9os : en ce moment sur Actu<\/p>\n<p class=\" wall-content\">Ces histoires se r\u00e9p\u00e8tent. <a href=\"https:\/\/linkee.co\/etude-sociologique-2025\/\" target=\"_blank\" rel=\"noopener\">Selon l\u2019\u00e9tude men\u00e9e par Linkee en 2025<\/a>, pr\u00e8s de 80 % des \u00e9tudiants dans les grandes villes universitaires disposent de moins de 100 euros par mois apr\u00e8s avoir pay\u00e9 leur loyer et leurs charges. Cela repr\u00e9sente moins de 3,33 euros par jour pour se nourrir, se soigner, s\u2019habiller et sortir. \u00c0 Montpellier, la situation est tout aussi marqu\u00e9e. <strong>76 % des \u00e9tudiants<\/strong> aid\u00e9s ont un reste \u00e0 vivre inf\u00e9rieur \u00e0 100 euros par mois. Pour pr\u00e8s d\u2019un sur deux, ce montant chute \u00e0 moins de 50 euros. Les profils se ressemblent : 97 % vivent en autonomie, souvent dans le parc locatif priv\u00e9 (50 %) ou en r\u00e9sidence \u00e9tudiante publique (21 %). Seule une minorit\u00e9 vit en r\u00e9sidence priv\u00e9e (12 %) ou est h\u00e9berg\u00e9e gratuitement par la famille (6,5 %).<\/p>\n<p><strong>&gt;<\/strong> Pour recevoir un panier lors des prochaines distributions estivales \u00e0 Montpellier, <a href=\"https:\/\/linkee.co\" target=\"_blank\" rel=\"noopener\">inscrivez-vous d\u00e8s maintenant<\/a><\/p>\n<p class=\" wall-content\">Suivez toute l\u2019actualit\u00e9 de vos villes et m\u00e9dias favoris en vous inscrivant \u00e0 <a href=\"https:\/\/moncompte.actu.fr\" title=\"D\u00e9couvez Mon Actu\" rel=\"nofollow noopener\" data-trk=\"{&quot;cta&quot;:{&quot;action&quot;:&quot;https:\\\/\\\/moncompte.actu.fr&quot;,&quot;category&quot;:&quot;mon compte&quot;,&quot;from&quot;:&quot;article footer&quot;,&quot;name&quot;:&quot;Mon actu&quot;,&quot;type&quot;:&quot;cta&quot;}}\" target=\"_blank\">Mon Actu<\/a>.<\/p>\n","protected":false},"excerpt":{"rendered":"Par L\u00e9a Pippinato Publi\u00e9 le 16 ao\u00fbt 2025 \u00e0 9h33 \u00c0 l\u2019int\u00e9rieur de la Halle Tropisme, ce mercredi&hellip;\n","protected":false},"author":2,"featured_media":322479,"comment_status":"","ping_status":"","sticky":false,"template":"","format":"standard","meta":{"footnotes":""},"categories":[9599],"tags":[1111,11,258,1261,1777,674,1011,27,2208,12,2680,11090,25,104],"class_list":{"0":"post-322478","1":"post","2":"type-post","3":"status-publish","4":"format-standard","5":"has-post-thumbnail","7":"category-montpellier","8":"tag-actu","9":"tag-actualites","10":"tag-alimentation","11":"tag-argent","12":"tag-eu","13":"tag-europe","14":"tag-fr","15":"tag-france","16":"tag-montpellier","17":"tag-news","18":"tag-occitanie","19":"tag-precarite-etudiante","20":"tag-republique-francaise","21":"tag-societe"},"share_on_mastodon":{"url":"https:\/\/pubeurope.com\/@fr\/115037405688030976","error":""},"_links":{"self":[{"href":"https:\/\/www.europesays.com\/fr\/wp-json\/wp\/v2\/posts\/322478","targetHints":{"allow":["GET"]}}],"collection":[{"href":"https:\/\/www.europesays.com\/fr\/wp-json\/wp\/v2\/posts"}],"about":[{"href":"https:\/\/www.europesays.com\/fr\/wp-json\/wp\/v2\/types\/post"}],"author":[{"embeddable":true,"href":"https:\/\/www.europesays.com\/fr\/wp-json\/wp\/v2\/users\/2"}],"replies":[{"embeddable":true,"href":"https:\/\/www.europesays.com\/fr\/wp-json\/wp\/v2\/comments?post=322478"}],"version-history":[{"count":0,"href":"https:\/\/www.europesays.com\/fr\/wp-json\/wp\/v2\/posts\/322478\/revisions"}],"wp:featuredmedia":[{"embeddable":true,"href":"https:\/\/www.europesays.com\/fr\/wp-json\/wp\/v2\/media\/322479"}],"wp:attachment":[{"href":"https:\/\/www.europesays.com\/fr\/wp-json\/wp\/v2\/media?parent=322478"}],"wp:term":[{"taxonomy":"category","embeddable":true,"href":"https:\/\/www.europesays.com\/fr\/wp-json\/wp\/v2\/categories?post=322478"},{"taxonomy":"post_tag","embeddable":true,"href":"https:\/\/www.europesays.com\/fr\/wp-json\/wp\/v2\/tags?post=322478"}],"curies":[{"name":"wp","href":"https:\/\/api.w.org\/{rel}","templated":true}]}}