{"id":322502,"date":"2025-08-16T08:23:12","date_gmt":"2025-08-16T08:23:12","guid":{"rendered":"https:\/\/www.europesays.com\/fr\/322502\/"},"modified":"2025-08-16T08:23:12","modified_gmt":"2025-08-16T08:23:12","slug":"cette-enseigne-discount-debarque-dans-un-centre-commercial-pres-de-toulouse-voici-la-date-douverture","status":"publish","type":"post","link":"https:\/\/www.europesays.com\/fr\/322502\/","title":{"rendered":"Cette enseigne discount d\u00e9barque dans un centre commercial pr\u00e8s de Toulouse : voici la date d\u2019ouverture"},"content":{"rendered":"<p>            Par<br \/>\n        <strong><br \/>\n            <a href=\"https:\/\/actu.fr\/auteur\/enzo-legros\" title=\"Consulter tous les articles de Enzo Legros\" target=\"_blank\" rel=\"noopener\">Enzo Legros<\/a><br \/>\n        <\/strong><\/p>\n<p>        Publi\u00e9 le<\/p>\n<p>            16 ao\u00fbt 2025 \u00e0 10h06        <\/p>\n<p>Les habitants de la commune de <strong><a href=\"https:\/\/actu.fr\/occitanie\/l-union_31561\" target=\"_blank\" rel=\"noopener\">L\u2019Union<\/a><\/strong>, pr\u00e8s de <strong>Toulouse<\/strong>, ne l\u2019ont sans doute pas loup\u00e9. Depuis quelques jours, <strong>L\u2019Intermarch\u00e9 <\/strong>du centre commercial Saint-Caprais n\u2019est plus\u2026 ou plut\u00f4t presque plus. Le <strong>logo du magasin<\/strong> a laiss\u00e9 sa place \u00e0 celui d\u2019une autre marque, <a href=\"https:\/\/actu.fr\/tag\/netto\" target=\"_blank\" rel=\"noopener\"><strong>Netto<\/strong><\/a>, alors que le b\u00e2timent reste ouvert et que les produits d\u2019Intermarch\u00e9 sont encore en rayon. Mais que se passe-t-il\u2009? On vous explique.<\/p>\n<p>Le tout premier Netto de l\u2019est-toulousain<\/p>\n<p class=\" wall-content\">Comme vous l\u2019avait annonc\u00e9 <a href=\"https:\/\/actu.fr\/occitanie\/l-union_31561\/pres-de-toulouse-ex-casino-devenu-intermarche-ce-magasin-va-de-nouveau-changer-d-enseigne_62716800.html\" target=\"_blank\" rel=\"noopener\">Actu Toulouse au mois de juin\u00a02025<\/a>, l\u2019enseigne Netto est en train de poser ses caddies \u00e0 L\u2019Union. Sous les yeux des clients de l\u2019ex-Intermarch\u00e9, encore ouvert jusqu\u2019\u00e0 la fin des travaux et l\u2019arriv\u00e9e du nouveau magasin, le b\u00e2timent est en train de se d\u00e9corer \u00e0 l\u2019effigie de <strong>la marque discount.<\/strong><\/p>\n<p class=\" wall-content\">Netto appartient au groupe Les Mousquetaires, le m\u00eame que celui d\u2019Intermarch\u00e9 qui avait <a href=\"https:\/\/actu.fr\/occitanie\/l-union_31561\/pres-de-toulouse-ce-supermarche-casino-ferme-ses-portes-ce-qui-va-le-remplacer_60139251.html\" target=\"_blank\" rel=\"noopener\">repris cet ancien magasin Casino en 2023<\/a>. En r\u00e9alit\u00e9, le projet d\u2019installer la marque discount ici n\u2019est pas nouveau, mais bien pr\u00e9vu depuis le d\u00e9but. \u00ab\u2009On a d\u2019abord ouvert un Intermarch\u00e9, car c\u2019\u00e9tait plus simple et cela nous permettait de ne pas fermer le temps des travaux\u2009\u00bb, explique le responsable du premier Netto de l\u2019est de Toulouse,<strong> Jean-Baptiste Lacroix.<\/strong><\/p>\n<p>1 600 m\u00b2 de produits \u00ab\u2009\u00e0 prix tr\u00e8s bas\u2009\u00bb<\/p>\n<p class=\" wall-content\">L\u2019objectif de ce dernier est de faire de son antre commercial de 1 600 m\u00b2 un repaire o\u00f9 trouver de bonnes affaires. \u00ab\u2009On est en train d\u2019installer une <strong>grande zone surgel\u00e9e, <\/strong>car\u00a0on voit que les gens cherchent du surgel\u00e9\u2009\u00bb, d\u00e9voile le g\u00e9rant. Une autre partie d\u00e9di\u00e9e au <strong>d\u00e9stockage<\/strong>, la grande sp\u00e9cialit\u00e9 de Netto, sera propos\u00e9e.<\/p>\n<p>    <img   decoding=\"async\" loading=\"lazy\" src=\"https:\/\/www.europesays.com\/fr\/wp-content\/uploads\/2025\/08\/img-1788-1-960x640.jpg\" alt=\"La partie \" width=\"960\" height=\"640\"\/><br \/>\n    La partie \u00ab\u2009Surgel\u00e9s\u2009\u00bb que proposera Netto. (\u00a9Jean-Baptiste Lacroix)<\/p>\n<p class=\" wall-content\">\u00ab\u00a0On a veill\u00e9 \u00e0 ce que la <strong>surface de vente<\/strong> soit inchang\u00e9e, on est toujours sur les 1 600 m\u00b2 de l\u2019ancien Casino alors que d\u2019habitude, on est sur du 900 m\u00b2\u00a0\u00bb, indique Jean-Baptiste Lacroix.<\/p>\n<p>\u00ab\u2009On a tout refait du sol au plafond\u2009\u00bb<\/p>\n<p class=\" wall-content\">Plus largement, <strong>tout le b\u00e2timent a \u00e9t\u00e9 r\u00e9nov\u00e9<\/strong> pendant les derniers mois. \u00ab\u2009On a tout refait du sol au plafond\u2009\u00bb, r\u00e9sume le responsable, accompagn\u00e9 dans le projet par sa compagne <strong>May Lacroix<\/strong>. Les frigos ouverts ont \u00e9t\u00e9 remplac\u00e9s par des <strong>meubles r\u00e9frig\u00e9rants ferm\u00e9s<\/strong> avec portes. <strong>L\u2019\u00e9clairage du magasin<\/strong> est \u00e9galement pass\u00e9 aux lampes LED.<\/p>\n<p class=\" wall-content\">Les <strong>travaux<\/strong> ont eu lieu <strong>la nuit<\/strong>, pour pouvoir garder l\u2019Intermarch\u00e9 ouvert jusqu\u2019\u00e0 aujourd\u2019hui. \u00ab\u2009On n\u2019aurait pas pu se permettre de fermer pendant plusieurs mois\u2009\u00bb, confie Jean-Baptiste Lacroix.<\/p>\n<p>Ouverture \u00e0 la rentr\u00e9e<\/p>\n<p class=\" wall-content\">Les derniers pr\u00e9paratifs, dont le remplissage des rayons et la conclusion des travaux de r\u00e9novation, restent \u00e0 fournir avant de d\u00e9voiler l\u2019enti\u00e8ret\u00e9 de l\u2019espace \u00e0 la client\u00e8le. \u00ab\u2009On s\u2019est fix\u00e9 le <strong>mardi 2 septembre 2025<\/strong> pour l\u2019ouverture\u2009\u00bb, glisse le responsable des magasins de L\u2019Union et de l\u2019Intermarch\u00e9 <a href=\"https:\/\/actu.fr\/occitanie\/balma_31044\" target=\"_blank\" rel=\"noopener\">de Balma<\/a>.<\/p>\n<p class=\" wall-content\">Une fois qu\u2019il sera inaugur\u00e9, le Netto de L\u2019Union sera le <strong>troisi\u00e8me<\/strong> \u00e9tablissement de l\u2019enseigne dans l\u2019agglo de Toulouse, avec ceux de <strong><a href=\"https:\/\/actu.fr\/occitanie\/saint-alban_31467\" target=\"_blank\" rel=\"noopener\">Saint-Alban<\/a><\/strong> et <strong>Beauzelle<\/strong>.<\/p>\n<p>    <a href=\"https:\/\/www.google.com\/maps\/embed?pb=!1m18!1m12!1m3!1d5773.261599889917!2d1.475844677855705!3d43.65584917110199!2m3!1f0!2f0!3f0!3m2!1i1024!2i768!4f13.1!3m3!1m2!1s0x12aea373ca696245%3A0xaed26586b05681fd!2sNetto%20L%27Union%20St%20Caprais!5e0!3m2!1sfr!2sfr!4v1755191712553!5m2!1sfr!2sfr\" title=\"Ouvrie le lien\" target=\"_blank\" rel=\"noopener\">Cliquez ici pour visualiser le contenu<\/a><\/p>\n<p class=\" wall-content\">Suivez toute l\u2019actualit\u00e9 de vos villes et m\u00e9dias favoris en vous inscrivant \u00e0 <a href=\"https:\/\/moncompte.actu.fr\" title=\"D\u00e9couvez Mon Actu\" rel=\"nofollow noopener\" data-trk=\"{&quot;cta&quot;:{&quot;action&quot;:&quot;https:\\\/\\\/moncompte.actu.fr&quot;,&quot;category&quot;:&quot;mon compte&quot;,&quot;from&quot;:&quot;article footer&quot;,&quot;name&quot;:&quot;Mon actu&quot;,&quot;type&quot;:&quot;cta&quot;}}\" target=\"_blank\">Mon Actu<\/a>.<\/p>\n<ul class=\"ac-article-tag wall-content\">\n<li><a href=\"https:\/\/actu.fr\/tag\/nouveaux-commerces-a-toulouse\" data-trk=\"{&quot;cta&quot;:{&quot;action&quot;:&quot;Nouveaux commerces \\u00e0 Toulouse&quot;,&quot;category&quot;:&quot;tag&quot;,&quot;from&quot;:&quot;article footer&quot;,&quot;name&quot;:&quot;Nouveaux commerces \\u00e0 Toulouse&quot;,&quot;type&quot;:&quot;cta&quot;}}\" target=\"_blank\" rel=\"noopener\">#Nouveaux commerces \u00e0 Toulouse<\/a><\/li>\n<\/ul>\n","protected":false},"excerpt":{"rendered":"Par Enzo Legros Publi\u00e9 le 16 ao\u00fbt 2025 \u00e0 10h06 Les habitants de la commune de L\u2019Union, pr\u00e8s&hellip;\n","protected":false},"author":2,"featured_media":322503,"comment_status":"","ping_status":"","sticky":false,"template":"","format":"standard","meta":{"footnotes":""},"categories":[2816],"tags":[1111,11,1777,674,1011,27,12,2849,2680,25,104,2312],"class_list":{"0":"post-322502","1":"post","2":"type-post","3":"status-publish","4":"format-standard","5":"has-post-thumbnail","7":"category-toulouse","8":"tag-actu","9":"tag-actualites","10":"tag-eu","11":"tag-europe","12":"tag-fr","13":"tag-france","14":"tag-news","15":"tag-nouveaux-commerces-a-toulouse","16":"tag-occitanie","17":"tag-republique-francaise","18":"tag-societe","19":"tag-toulouse"},"share_on_mastodon":{"url":"https:\/\/pubeurope.com\/@fr\/115037484055016110","error":""},"_links":{"self":[{"href":"https:\/\/www.europesays.com\/fr\/wp-json\/wp\/v2\/posts\/322502","targetHints":{"allow":["GET"]}}],"collection":[{"href":"https:\/\/www.europesays.com\/fr\/wp-json\/wp\/v2\/posts"}],"about":[{"href":"https:\/\/www.europesays.com\/fr\/wp-json\/wp\/v2\/types\/post"}],"author":[{"embeddable":true,"href":"https:\/\/www.europesays.com\/fr\/wp-json\/wp\/v2\/users\/2"}],"replies":[{"embeddable":true,"href":"https:\/\/www.europesays.com\/fr\/wp-json\/wp\/v2\/comments?post=322502"}],"version-history":[{"count":0,"href":"https:\/\/www.europesays.com\/fr\/wp-json\/wp\/v2\/posts\/322502\/revisions"}],"wp:featuredmedia":[{"embeddable":true,"href":"https:\/\/www.europesays.com\/fr\/wp-json\/wp\/v2\/media\/322503"}],"wp:attachment":[{"href":"https:\/\/www.europesays.com\/fr\/wp-json\/wp\/v2\/media?parent=322502"}],"wp:term":[{"taxonomy":"category","embeddable":true,"href":"https:\/\/www.europesays.com\/fr\/wp-json\/wp\/v2\/categories?post=322502"},{"taxonomy":"post_tag","embeddable":true,"href":"https:\/\/www.europesays.com\/fr\/wp-json\/wp\/v2\/tags?post=322502"}],"curies":[{"name":"wp","href":"https:\/\/api.w.org\/{rel}","templated":true}]}}