{"id":322506,"date":"2025-08-16T08:26:34","date_gmt":"2025-08-16T08:26:34","guid":{"rendered":"https:\/\/www.europesays.com\/fr\/322506\/"},"modified":"2025-08-16T08:26:34","modified_gmt":"2025-08-16T08:26:34","slug":"lille-sest-renseigne-sur-loption-diego-carlos-2","status":"publish","type":"post","link":"https:\/\/www.europesays.com\/fr\/322506\/","title":{"rendered":"Lille s\u2019est renseign\u00e9 sur l\u2019option Diego Carlos"},"content":{"rendered":"<p class=\"mb-4 text-lg md:leading-8 break-words\">Lille a empoch\u00e9 deux jolis ch\u00e8ques avec les d\u00e9parts de <a href=\"https:\/\/fr.news.yahoo.com\/sport\/psg-tottenham-montr%C3%A9-caract%C3%A8re-personnalit%C3%A9-051435808.html\" data-ylk=\"slk:Lucas Chevalier au PSG;elm:context_link;itc:0;sec:content-canvas;outcm:mb_qualified_link;_E:mb_qualified_link;ct:story;\" class=\"link  yahoo-link\" target=\"_blank\" rel=\"noopener\">Lucas Chevalier au PSG<\/a> et de <a href=\"https:\/\/fr.news.yahoo.com\/sport\/mercato-diakit%C3%A9-met-daccord-bournemouth-111141143.html\" data-ylk=\"slk:Bafod\u00e9 Diakit\u00e9 \u00e0 Bournemouth;elm:context_link;itc:0;sec:content-canvas;outcm:mb_qualified_link;_E:mb_qualified_link;ct:story;\" class=\"link  yahoo-link\" target=\"_blank\" rel=\"noopener\">Bafod\u00e9 Diakit\u00e9 \u00e0 Bournemouth<\/a> pour un total d\u2019environ 90 millions d\u2019euros (bonus compris). Mais le club lillois compte bien se renforcer d\u2019ici la fin du mercato estival et donn\u00e9 \u00e0 <a href=\"https:\/\/fr.news.yahoo.com\/sport\/losc-genesio-entretient-flou-lavenir-125124638.html\" data-ylk=\"slk:Bruno Genesio;elm:context_link;itc:0;sec:content-canvas;outcm:mb_qualified_link;_E:mb_qualified_link;ct:story;\" class=\"link  yahoo-link\" target=\"_blank\" rel=\"noopener\">Bruno Genesio<\/a> les moyens de lutter pour le podium en Ligue 1. Apr\u00e8s avoir officialis\u00e9 le recrutement du gardien turc Berke Ozer en provenance d\u2019Eyupspor, les Dogues continuent de prospecter en D1 turque.<\/p>\n<p class=\"mb-4 text-lg md:leading-8 break-words\">Comme expliqu\u00e9 par le journaliste local <a href=\"https:\/\/x.com\/yagosabuncuoglu\" rel=\"nofollow noopener\" target=\"_blank\" data-ylk=\"slk:Yag\u0131z Sabuncuoglu;elm:context_link;itc:0;sec:content-canvas\" class=\"link \">Yag\u0131z Sabuncuoglu<\/a> et confirm\u00e9 par RMC Sport, le Losc a contact\u00e9 Fenerbah\u00e7e pour Diego Carlos. La direction lilloise explore les conditions et la faisabilit\u00e9 d\u2019une telle op\u00e9ration pour le d\u00e9fenseur central de 32 ans.<\/p>\n<p class=\"mb-4 text-lg md:leading-8 break-words\"><a href=\"https:\/\/rmcsport.bfmtv.com\/football\/transferts\/direct-mercato-suivez-toutes-les-infos-transferts-du-14-aout-2025_LN-202508140184.html\" rel=\"nofollow noopener\" target=\"_blank\" data-ylk=\"slk:&gt;&gt; Toutes les infos et rumeurs du mercato en direct;elm:context_link;itc:0;sec:content-canvas\" class=\"link \">&gt;&gt; Toutes les infos et rumeurs du mercato en direct<\/a><\/p>\n<p>Diego Carlos pas dans les plans de Mourinho<\/p>\n<p class=\"mb-4 text-lg md:leading-8 break-words\">Achet\u00e9 \u00e0 Aston Villa en janvier 2025 pour pr\u00e8s de 12 millions d\u2019euros, le d\u00e9fenseur central br\u00e9silien n\u2019entre d\u00e9j\u00e0 plus dans les plans de <a href=\"https:\/\/rmcsport.bfmtv.com\/football\/jose-mourinho_DN-202108310520.html\" rel=\"nofollow noopener\" target=\"_blank\" data-ylk=\"slk:Jos\u00e9 Mourinho;elm:context_link;itc:0;sec:content-canvas\" class=\"link \">Jos\u00e9 Mourinho<\/a>. Toutes comp\u00e9titions confondues, Diego Carlos s\u2019est content\u00e9 de cinq apparitions pour un temps de jeu inf\u00e9rieur \u00e0 200 minutes depuis l\u2019hiver.<\/p>\n<p class=\"mb-4 text-lg md:leading-8 break-words\">Pass\u00e9 par la Ligue 1, du c\u00f4t\u00e9 de <a href=\"https:\/\/fr.news.yahoo.com\/sport\/ligue-1-pourquoi-nantes-recevra-203150184.html\" data-ylk=\"slk:Nantes;elm:context_link;itc:0;sec:content-canvas;outcm:mb_qualified_link;_E:mb_qualified_link;ct:story;\" class=\"link  yahoo-link\" target=\"_blank\" rel=\"noopener\">Nantes<\/a>, entre 2016 et 2019, Diego Carlos s\u2019y est forg\u00e9 une belle r\u00e9putation avant de signer \u00e0 S\u00e9ville puis en Premier League. En cas de signature chez les Dogues, Diego Carlos pourrait y \u00eatre associ\u00e9 \u00e0 son compatriote <a href=\"https:\/\/fr.news.yahoo.com\/sport\/lille-l-%C3%A9norme-%C3%A9motion-d-092935970.html\" data-ylk=\"slk:Alexsandro;elm:context_link;itc:0;sec:content-canvas;outcm:mb_qualified_link;_E:mb_qualified_link;ct:story;\" class=\"link  yahoo-link\" target=\"_blank\" rel=\"noopener\">Alexsandro<\/a> en charni\u00e8re.<\/p>\n<p class=\"mb-4 text-lg md:leading-8 break-words\">Toujours selon les \u00e9l\u00e9ments venus de Turquie, Diego Carlos ne sera pas bloqu\u00e9 par sa direction si le club stambouliote re\u00e7oit une offre qui lui permette de limiter la casse apr\u00e8s son \u00e9chec \u00e0 Fenerbah\u00e7e.<\/p>\n<p class=\"mb-4 text-lg md:leading-8 break-words\"><a href=\"https:\/\/rmcsport.bfmtv.com\/football\/transferts\/mercato-lille-s-est-renseigne-sur-l-option-diego-carlos_AV-202508150314.html#xtor=AL-68\" rel=\"nofollow noopener\" target=\"_blank\" data-ylk=\"slk:Article original publi\u00e9 sur RMC Sport;elm:context_link;itc:0;sec:content-canvas\" class=\"link \">Article original publi\u00e9 sur RMC Sport<\/a><\/p>\n","protected":false},"excerpt":{"rendered":"Lille a empoch\u00e9 deux jolis ch\u00e8ques avec les d\u00e9parts de Lucas Chevalier au PSG et de Bafod\u00e9 Diakit\u00e9&hellip;\n","protected":false},"author":2,"featured_media":322507,"comment_status":"","ping_status":"","sticky":false,"template":"","format":"standard","meta":{"footnotes":""},"categories":[2815],"tags":[1111,11,784,8095,46007,1777,674,1011,27,811,1307,2267,4668,766,12,93,25],"class_list":{"0":"post-322506","1":"post","2":"type-post","3":"status-publish","4":"format-standard","5":"has-post-thumbnail","7":"category-lille","8":"tag-actu","9":"tag-actualites","10":"tag-aston-villa","11":"tag-bruno-genesio","12":"tag-diego-carlos","13":"tag-eu","14":"tag-europe","15":"tag-fr","16":"tag-france","17":"tag-hauts-de-france","18":"tag-lille","19":"tag-losc","20":"tag-lucas-chevalier","21":"tag-nantes","22":"tag-news","23":"tag-psg","24":"tag-republique-francaise"},"share_on_mastodon":{"url":"https:\/\/pubeurope.com\/@fr\/115037495845465668","error":""},"_links":{"self":[{"href":"https:\/\/www.europesays.com\/fr\/wp-json\/wp\/v2\/posts\/322506","targetHints":{"allow":["GET"]}}],"collection":[{"href":"https:\/\/www.europesays.com\/fr\/wp-json\/wp\/v2\/posts"}],"about":[{"href":"https:\/\/www.europesays.com\/fr\/wp-json\/wp\/v2\/types\/post"}],"author":[{"embeddable":true,"href":"https:\/\/www.europesays.com\/fr\/wp-json\/wp\/v2\/users\/2"}],"replies":[{"embeddable":true,"href":"https:\/\/www.europesays.com\/fr\/wp-json\/wp\/v2\/comments?post=322506"}],"version-history":[{"count":0,"href":"https:\/\/www.europesays.com\/fr\/wp-json\/wp\/v2\/posts\/322506\/revisions"}],"wp:featuredmedia":[{"embeddable":true,"href":"https:\/\/www.europesays.com\/fr\/wp-json\/wp\/v2\/media\/322507"}],"wp:attachment":[{"href":"https:\/\/www.europesays.com\/fr\/wp-json\/wp\/v2\/media?parent=322506"}],"wp:term":[{"taxonomy":"category","embeddable":true,"href":"https:\/\/www.europesays.com\/fr\/wp-json\/wp\/v2\/categories?post=322506"},{"taxonomy":"post_tag","embeddable":true,"href":"https:\/\/www.europesays.com\/fr\/wp-json\/wp\/v2\/tags?post=322506"}],"curies":[{"name":"wp","href":"https:\/\/api.w.org\/{rel}","templated":true}]}}