{"id":322512,"date":"2025-08-16T08:29:09","date_gmt":"2025-08-16T08:29:09","guid":{"rendered":"https:\/\/www.europesays.com\/fr\/322512\/"},"modified":"2025-08-16T08:29:09","modified_gmt":"2025-08-16T08:29:09","slug":"canicule-54-departements-en-vigilance-orange-dont-le-rhone","status":"publish","type":"post","link":"https:\/\/www.europesays.com\/fr\/322512\/","title":{"rendered":"Canicule : 54 d\u00e9partements en vigilance orange, dont le Rh\u00f4ne"},"content":{"rendered":"<p class=\"content\" style=\"font-size:1.2em;font-weight:700\">Pour le troisi\u00e8me jour cons\u00e9cutif, le Rh\u00f4ne est en vigilance orange canicule, tout comme 53 autres d\u00e9partements.<\/p>\n<p>M\u00e9t\u00e9o-France a plac\u00e9 ce samedi 54 d\u00e9partements en vigilance orange pour canicule, principalement dans la moiti\u00e9 sud et le centre de la France. Le Rh\u00f4ne est concern\u00e9 pour le troisi\u00e8me jour cons\u00e9cutif, apr\u00e8s avoir \u00e9t\u00e9 <a href=\"https:\/\/www.lyoncapitale.fr\/actualite\/canicule-le-rhone-et-trois-departements-dauvergne-rhone-alpes-toujours-en-vigilance-rouge\" target=\"_blank\" rel=\"noreferrer noopener\">plac\u00e9 en vigilance rouge mercredi dernier<\/a>.<\/p>\n<p>Dans la r\u00e9gion Auvergne-Rh\u00f4ne-Alpes, tous les d\u00e9partements sont en alerte, avec des temp\u00e9ratures maximales attendues entre 34 et 38 \u00b0C, localement plus. \u00c0 Lyon, <a href=\"https:\/\/www.lyoncapitale.fr\/actualite\/36-degres-attendus-la-canicule-se-poursuit-la-meteo-du-samedi-16-aout-a-lyon\" target=\"_blank\" rel=\"noreferrer noopener\">le mercure devrait atteindre 36 \u00b0C<\/a> en fin d\u2019apr\u00e8s-midi et rester au-dessus de 30 \u00b0C jusque tard dans la soir\u00e9e.<\/p>\n<p>Les autorit\u00e9s rappellent les recommandations en p\u00e9riode de fortes chaleurs : boire r\u00e9guli\u00e8rement, \u00e9viter les efforts physiques aux heures les plus chaudes, maintenir les logements au frais et prendre des nouvelles de ses proches fragiles. La canicule devrait se poursuivre au moins jusqu\u2019\u00e0 mardi ou mercredi, selon les pr\u00e9visions.<\/p>\n","protected":false},"excerpt":{"rendered":"Pour le troisi\u00e8me jour cons\u00e9cutif, le Rh\u00f4ne est en vigilance orange canicule, tout comme 53 autres d\u00e9partements. M\u00e9t\u00e9o-France&hellip;\n","protected":false},"author":2,"featured_media":217756,"comment_status":"","ping_status":"","sticky":false,"template":"","format":"standard","meta":{"footnotes":""},"categories":[1889],"tags":[1111,11,2430,6698,1777,674,1011,27,2428,2487,12,25,27202],"class_list":{"0":"post-322512","1":"post","2":"type-post","3":"status-publish","4":"format-standard","5":"has-post-thumbnail","7":"category-lyon","8":"tag-actu","9":"tag-actualites","10":"tag-auvergne-rhone-alpes","11":"tag-canicule","12":"tag-eu","13":"tag-europe","14":"tag-fr","15":"tag-france","16":"tag-lyon","17":"tag-meteo","18":"tag-news","19":"tag-republique-francaise","20":"tag-vigilance-orange"},"share_on_mastodon":{"url":"https:\/\/pubeurope.com\/@fr\/115037507717123395","error":""},"_links":{"self":[{"href":"https:\/\/www.europesays.com\/fr\/wp-json\/wp\/v2\/posts\/322512","targetHints":{"allow":["GET"]}}],"collection":[{"href":"https:\/\/www.europesays.com\/fr\/wp-json\/wp\/v2\/posts"}],"about":[{"href":"https:\/\/www.europesays.com\/fr\/wp-json\/wp\/v2\/types\/post"}],"author":[{"embeddable":true,"href":"https:\/\/www.europesays.com\/fr\/wp-json\/wp\/v2\/users\/2"}],"replies":[{"embeddable":true,"href":"https:\/\/www.europesays.com\/fr\/wp-json\/wp\/v2\/comments?post=322512"}],"version-history":[{"count":0,"href":"https:\/\/www.europesays.com\/fr\/wp-json\/wp\/v2\/posts\/322512\/revisions"}],"wp:featuredmedia":[{"embeddable":true,"href":"https:\/\/www.europesays.com\/fr\/wp-json\/wp\/v2\/media\/217756"}],"wp:attachment":[{"href":"https:\/\/www.europesays.com\/fr\/wp-json\/wp\/v2\/media?parent=322512"}],"wp:term":[{"taxonomy":"category","embeddable":true,"href":"https:\/\/www.europesays.com\/fr\/wp-json\/wp\/v2\/categories?post=322512"},{"taxonomy":"post_tag","embeddable":true,"href":"https:\/\/www.europesays.com\/fr\/wp-json\/wp\/v2\/tags?post=322512"}],"curies":[{"name":"wp","href":"https:\/\/api.w.org\/{rel}","templated":true}]}}