{"id":322513,"date":"2025-08-16T08:30:12","date_gmt":"2025-08-16T08:30:12","guid":{"rendered":"https:\/\/www.europesays.com\/fr\/322513\/"},"modified":"2025-08-16T08:30:12","modified_gmt":"2025-08-16T08:30:12","slug":"un-nouveau-cadre-du-rn-agresse-en-pleine-rue","status":"publish","type":"post","link":"https:\/\/www.europesays.com\/fr\/322513\/","title":{"rendered":"un nouveau cadre du RN agress\u00e9 en pleine rue"},"content":{"rendered":"<p>                            <img loading=\"lazy\" width=\"1032\" height=\"642\" class=\"attachment-article size-article wp-post-image lazyload\" alt=\"\" decoding=\"async\" src=\"https:\/\/www.europesays.com\/fr\/wp-content\/uploads\/2025\/08\/Capture-decran-2025-08-16-a-09.34.34.jpg\" data-eio-rwidth=\"1032\" data-eio-rheight=\"642\"\/><\/p>\n<p>Michel Dulac (\u00e0 gauche) avant de monter dans une voiture de police pour prendre en chasse les voleurs. Capture d\u2019\u00e9cran vid\u00e9o Franck M\u00fcller.<\/p>\n<p class=\"content\" style=\"font-size:1.2em;font-weight:700\">L\u2019ancien \u00e9lu r\u00e9gional et pr\u00e9sident du mouvement Spartacus Michel Dulac s\u2019est fait arracher sa cha\u00eene en or jeudi midi avenue de Saxe \u00e0 Lyon. La police a pu r\u00e9cup\u00e9rer le bijou, mais les auteurs ont pris la fuite.<\/p>\n<p>Les faits se sont produits jeudi 14 ao\u00fbt vers midi, au niveau du 54 avenue Mar\u00e9chal de Saxe, dans le 6e arrondissement de Lyon, a r\u00e9v\u00e9l\u00e9 <a href=\"https:\/\/www.lyonmag.com\/article\/146017\/lyon-un-ancien-elu-rn-victime-d-un-vol-dans-le-6e-arrondissement\" target=\"_blank\" rel=\"noreferrer noopener nofollow\">Lyon Mag<\/a>. Michel Dulac, 82 ans, ancien conseiller r\u00e9gional du Rassemblement national (2016-2021) et fleuriste \u00e0 Lyon, se trouvait devant la permanence de son mouvement politique Spartacus lorsqu\u2019il a \u00e9t\u00e9 attaqu\u00e9 par deux individus. L\u2019un d\u2019eux lui a arrach\u00e9 sa cha\u00eene en or avant de prendre la fuite avec un complice.<\/p>\n<p>Selon les informations du <a href=\"https:\/\/www.leprogres.fr\/faits-divers-justice\/2025\/08\/16\/michel-dulac-ex-conseiller-regional-(rn)-agresse-en-pleine-rue-dans-le-6e-arrondissement\" target=\"_blank\" rel=\"noreferrer noopener nofollow\">Progr\u00e8s<\/a>, les effectifs de la Brigade anticriminalit\u00e9, rapidement sur place, ont pu retrouver le bijou vol\u00e9. Les agresseurs, eux, n\u2019ont pas \u00e9t\u00e9 localis\u00e9s. Apr\u00e8s l\u2019agression, Michel Dulac est mont\u00e9 \u00e0 bord d\u2019un v\u00e9hicule de police pour tenter d\u2019aider \u00e0 rep\u00e9rer les suspects.<\/p>\n<p>Un ancien candidat du RN d\u00e9j\u00e0 agress\u00e9 \u00e0 Lyon cette semaine<\/p>\n<p>L\u2019ancien \u00e9lu pr\u00e9pare actuellement le retour de son mouvement Spartacus pour les municipales et m\u00e9tropolitaines de 2026. Cette agression survient quelques jours apr\u00e8s une autre altercation impliquant un membre du RN cette semaine \u00e0 Lyon. L&rsquo;ancien candidat \u00e0 la 3e circonscription du Rh\u00f4ne, G\u00e9rard Vollory (RN), avait \u00e9t\u00e9 pris \u00e0 parti et insult\u00e9 par une femme <a href=\"https:\/\/www.lyoncapitale.fr\/actualite\/sale-raciste-de-merde-un-ancien-candidat-rn-agresse-dans-le-metro-de-lyon\" target=\"_blank\" rel=\"noreferrer noopener nofollow\">dans le m\u00e9tro \u00e0 la Guilloti\u00e8re<\/a>.<\/p>\n","protected":false},"excerpt":{"rendered":"Michel Dulac (\u00e0 gauche) avant de monter dans une voiture de police pour prendre en chasse les voleurs.&hellip;\n","protected":false},"author":2,"featured_media":322514,"comment_status":"","ping_status":"","sticky":false,"template":"","format":"standard","meta":{"footnotes":""},"categories":[1889],"tags":[1111,11,8058,2430,1777,674,1011,27,2428,12,316,25,656],"class_list":{"0":"post-322513","1":"post","2":"type-post","3":"status-publish","4":"format-standard","5":"has-post-thumbnail","7":"category-lyon","8":"tag-actu","9":"tag-actualites","10":"tag-agresse","11":"tag-auvergne-rhone-alpes","12":"tag-eu","13":"tag-europe","14":"tag-fr","15":"tag-france","16":"tag-lyon","17":"tag-news","18":"tag-politique","19":"tag-republique-francaise","20":"tag-securite"},"share_on_mastodon":{"url":"https:\/\/pubeurope.com\/@fr\/115037511625614258","error":""},"_links":{"self":[{"href":"https:\/\/www.europesays.com\/fr\/wp-json\/wp\/v2\/posts\/322513","targetHints":{"allow":["GET"]}}],"collection":[{"href":"https:\/\/www.europesays.com\/fr\/wp-json\/wp\/v2\/posts"}],"about":[{"href":"https:\/\/www.europesays.com\/fr\/wp-json\/wp\/v2\/types\/post"}],"author":[{"embeddable":true,"href":"https:\/\/www.europesays.com\/fr\/wp-json\/wp\/v2\/users\/2"}],"replies":[{"embeddable":true,"href":"https:\/\/www.europesays.com\/fr\/wp-json\/wp\/v2\/comments?post=322513"}],"version-history":[{"count":0,"href":"https:\/\/www.europesays.com\/fr\/wp-json\/wp\/v2\/posts\/322513\/revisions"}],"wp:featuredmedia":[{"embeddable":true,"href":"https:\/\/www.europesays.com\/fr\/wp-json\/wp\/v2\/media\/322514"}],"wp:attachment":[{"href":"https:\/\/www.europesays.com\/fr\/wp-json\/wp\/v2\/media?parent=322513"}],"wp:term":[{"taxonomy":"category","embeddable":true,"href":"https:\/\/www.europesays.com\/fr\/wp-json\/wp\/v2\/categories?post=322513"},{"taxonomy":"post_tag","embeddable":true,"href":"https:\/\/www.europesays.com\/fr\/wp-json\/wp\/v2\/tags?post=322513"}],"curies":[{"name":"wp","href":"https:\/\/api.w.org\/{rel}","templated":true}]}}