{"id":322515,"date":"2025-08-16T08:33:19","date_gmt":"2025-08-16T08:33:19","guid":{"rendered":"https:\/\/www.europesays.com\/fr\/322515\/"},"modified":"2025-08-16T08:33:19","modified_gmt":"2025-08-16T08:33:19","slug":"bientot-la-fin-de-la-canicule-et-retour-des-orages-16-08-2025","status":"publish","type":"post","link":"https:\/\/www.europesays.com\/fr\/322515\/","title":{"rendered":"Bient\u00f4t la fin de la canicule et retour des orages 16\/08\/2025"},"content":{"rendered":"<p><img alt=\"\" loading=\"lazy\" width=\"1200\" height=\"679\" decoding=\"async\" data-nimg=\"1\" style=\"color:transparent\"  src=\"https:\/\/www.europesays.com\/fr\/wp-content\/uploads\/2025\/08\/1755333190_500_image\"\/><\/p>\n<p>Apr\u00e8s une semaine de chaleur parfois extr\u00eame, il est temps que les temp\u00e9ratures baissent. Dans certaines r\u00e9gions, cette canicule a \u00e9t\u00e9 un v\u00e9ritable marathon.<\/p>\n<p>\u00a0<\/p>\n<p>\u00a0<\/p>\n<p>La fin de la canicule li\u00e9e \u00e0 la fin de l&rsquo;\u00e9t\u00e9 ?\u00a0<\/p>\n<p>\u00a0<\/p>\n<p>Heureusement, la fin est en vue. Nous arrivons au terme de l\u2019\u00e9t\u00e9, et apr\u00e8s un plateau g\u00e9n\u00e9ralement atteint entre le 15 juillet et le 15 ao\u00fbt, la temp\u00e9rature moyenne quotidienne au niveau national commence \u00e0 baisser \u00e0 partir du 15 ao\u00fbt.<\/p>\n<p>\u00a0<\/p>\n<p><img alt=\"\" loading=\"lazy\" width=\"700\" height=\"383\" decoding=\"async\" data-nimg=\"1\" style=\"color:transparent\"  src=\"https:\/\/www.europesays.com\/fr\/wp-content\/uploads\/2025\/08\/1755333191_190_image\"\/><\/p>\n<p><strong>\u00c9volution de la temp\u00e9rature moyenne quotidienne sur 30 ans et \u00e9carts \u00e0 la normale des temp\u00e9ratures quotidiennes en France depuis le d\u00e9but de l&rsquo;ann\u00e9e &#8211; Infoclimat.fr\u00a0<\/strong><\/p>\n<p>\u00a0<\/p>\n<p>\u00a0<\/p>\n<p>Bien que certaines ann\u00e9es, la temp\u00e9rature puisse remonter \u00e0 la fin de l\u2019\u00e9t\u00e9, ce ne sera pas le cas dans les prochains jours. Cette troisi\u00e8me vague de chaleur devrait se terminer aux alentours du mardi 19 ao\u00fbt.<\/p>\n<p>\u00a0<\/p>\n<p><img alt=\"\" loading=\"lazy\" width=\"700\" height=\"380\" decoding=\"async\" data-nimg=\"1\" style=\"color:transparent\"  src=\"https:\/\/www.europesays.com\/fr\/wp-content\/uploads\/2025\/08\/1755333191_391_image\"\/><\/p>\n<p><strong>\u00c9volution de la temp\u00e9rature moyenne quotidienne sur 30 ans et \u00e9carts \u00e0 la normale des temp\u00e9ratures quotidiennes en France depuis le d\u00e9but de l&rsquo;\u00e9t\u00e9 &#8211; Infoclimat.fr\u00a0<\/strong><\/p>\n<p>\u00a0<\/p>\n<p>\u00a0<\/p>\n<p>Changement de r\u00e9gime des masses d&rsquo;air entre ce week-end et le week-end prochain\u00a0<\/p>\n<p>\u00a0<\/p>\n<p>Avant cela, nous pouvons nous attendre \u00e0 un ultime coup de chaleur venu du Sahara, qui touchera la fa\u00e7ade Atlantique et les r\u00e9gions du Sud pendant le Pont du 15 ao\u00fbt. Cependant, en milieu de semaine prochaine, un changement de masses d\u2019air plus frais et plus humide en provenance de l\u2019oc\u00e9an Atlantique devrait apporter un soulagement&#8230;<\/p>\n<p>\u00a0<\/p>\n<p><img alt=\"\" loading=\"lazy\" width=\"700\" height=\"350\" decoding=\"async\" data-nimg=\"1\" style=\"color:transparent\"  src=\"https:\/\/www.europesays.com\/fr\/wp-content\/uploads\/2025\/08\/1755333193_589_image\"\/><\/p>\n<p><img alt=\"\" loading=\"lazy\" width=\"700\" height=\"700\" decoding=\"async\" data-nimg=\"1\" style=\"color:transparent\"  src=\"https:\/\/www.europesays.com\/fr\/wp-content\/uploads\/2025\/08\/1755333197_611_image\"\/><\/p>\n<p><strong>\u00c9volution de la masse d&rsquo;air \u00e7\u00e0 850 hPa entre vendredi et mercredi &#8211; mod\u00e8le WRF via Meteociel\u00a0<\/strong><\/p>\n<p>\u00a0<\/p>\n<p>\u00a0<\/p>\n<p>Retour \u00e0 des temp\u00e9ratures plus \u00ab\u00a0normales\u00a0\u00bb\u00a0<\/p>\n<p>\u00a0<\/p>\n<p>La diff\u00e9rence de temp\u00e9ratures entre samedi 16 et samedi 23 ao\u00fbt sera significative. Apr\u00e8s avoir \u00e9t\u00e9 tr\u00e8s largement au-dessus des normales (except\u00e9 localement en Bretagne et pr\u00e8s de la Manche), les temp\u00e9ratures vont redescendre au niveau des moyennes de saison. Certaines villes pourraient m\u00eame conna\u00eetre des temp\u00e9ratures inf\u00e9rieures aux normales durant quelques journ\u00e9es de la semaine prochaine !<\/p>\n<p>\u00a0<\/p>\n<p><img alt=\"\" loading=\"lazy\" width=\"700\" height=\"440\" decoding=\"async\" data-nimg=\"1\" style=\"color:transparent\"  src=\"https:\/\/www.europesays.com\/fr\/wp-content\/uploads\/2025\/08\/1755333197_623_image\"\/><\/p>\n<p><img alt=\"\" loading=\"lazy\" width=\"700\" height=\"440\" decoding=\"async\" data-nimg=\"1\" style=\"color:transparent\"  src=\"https:\/\/www.europesays.com\/fr\/wp-content\/uploads\/2025\/08\/1755333198_402_image\"\/><\/p>\n<p>\u00a0<\/p>\n<p>\u00a0<\/p>\n<p>Le changement de temps aura lieu entre mardi et mercredi\u00a0<\/p>\n<p>\u00a0<\/p>\n<p>Les temp\u00e9ratures les plus \u00e9lev\u00e9es resteront observ\u00e9es samedi dans le Sud-ouest, tandis qu&rsquo;une bise moins chaude et plus s\u00e8che en provenance d\u2019Allemagne rendra l\u2019air plus respirable sur les r\u00e9gions du Nord entre samedi et dimanche.<\/p>\n<p>Les temp\u00e9ratures baisseront nettement dans le Sud-ouest \u00e0 partir de lundi, alors que dans le m\u00eame temps, l\u2019air chaud aura tendance \u00e0 remonter vers le nord et le nord-est.<\/p>\n<p>Puis, une d\u00e9gradation orageuse est attendue entre mardi dans l\u2019Ouest et mercredi sur les autres r\u00e9gions. Et cette fois-ci, les orages annonceront v\u00e9ritablement la fin de cette vague de chaleur !<\/p>\n<p>\u00a0<\/p>\n<p><img alt=\"\" loading=\"lazy\" width=\"700\" height=\"481\" decoding=\"async\" data-nimg=\"1\" style=\"color:transparent\"  src=\"https:\/\/www.europesays.com\/fr\/wp-content\/uploads\/2025\/08\/1755333198_749_image\"\/><\/p>\n<p><strong>Pr\u00e9vision des temp\u00e9ratures maximales entre samedi et jeudi &#8211; <a href=\"https:\/\/www.meteo-villes.com\/france\/previsions\" class=\" underline\" target=\"_blank\" rel=\"noreferrer nofollow noopener\">METEO-VILLES &gt;&gt;&gt;&gt;<\/a><\/strong><\/p>\n<p>\u00a0<\/p>\n<p>\u00a0<\/p>\n<p>Retour des orages en milieu de semaine<\/p>\n<p>\u00a0<\/p>\n<p><img alt=\"\" loading=\"lazy\" width=\"700\" height=\"350\" decoding=\"async\" data-nimg=\"1\" style=\"color:transparent\"  src=\"https:\/\/www.europesays.com\/fr\/wp-content\/uploads\/2025\/08\/1755333199_563_image\"\/><\/p>\n<p><strong>Pr\u00e9vision du changement de temps entre samedi et jeudi &#8211; <a href=\"https:\/\/www.meteo-villes.com\/france\/previsions\" class=\" underline\" target=\"_blank\" rel=\"noreferrer nofollow noopener\">METEO-VILLES &gt;&gt;&gt;&gt;<\/a><\/strong><\/p>\n<p>\u00a0<\/p>\n<p><strong>IMPORTANT : il est vraiment recommander de consulter <a href=\"https:\/\/www.meteo-villes.com\/france\/previsions\" class=\" underline\" target=\"_blank\" rel=\"noreferrer nofollow noopener\">notre bulletin m\u00e9t\u00e9o et nos cartes r\u00e9actualis\u00e9s quotidiennement depuis 19 ans ici &gt;&gt;&gt;\u00a0<\/a><\/strong><\/p>\n<p>\u00a0<\/p>\n<p>Auteur : <a href=\"https:\/\/www.meteo-paris.com\/guillaume-sechet\" class=\" underline\" target=\"_blank\" rel=\"noreferrer nofollow noopener\">Guillaume S\u00e9chet<\/a><\/p>\n<p>\u00a0<\/p>\n","protected":false},"excerpt":{"rendered":"Apr\u00e8s une semaine de chaleur parfois extr\u00eame, il est temps que les temp\u00e9ratures baissent. Dans certaines r\u00e9gions, cette&hellip;\n","protected":false},"author":2,"featured_media":322516,"comment_status":"","ping_status":"","sticky":false,"template":"","format":"standard","meta":{"footnotes":""},"categories":[1888],"tags":[1111,1928,11,1927,1777,674,1011,27,12,1926,626,1925,25],"class_list":{"0":"post-322515","1":"post","2":"type-post","3":"status-publish","4":"format-standard","5":"has-post-thumbnail","7":"category-paris","8":"tag-actu","9":"tag-actu-paris","10":"tag-actualites","11":"tag-actualites-paris","12":"tag-eu","13":"tag-europe","14":"tag-fr","15":"tag-france","16":"tag-news","17":"tag-news-paris","18":"tag-paris","19":"tag-paris-news","20":"tag-republique-francaise"},"share_on_mastodon":{"url":"https:\/\/pubeurope.com\/@fr\/115037523603845032","error":""},"_links":{"self":[{"href":"https:\/\/www.europesays.com\/fr\/wp-json\/wp\/v2\/posts\/322515","targetHints":{"allow":["GET"]}}],"collection":[{"href":"https:\/\/www.europesays.com\/fr\/wp-json\/wp\/v2\/posts"}],"about":[{"href":"https:\/\/www.europesays.com\/fr\/wp-json\/wp\/v2\/types\/post"}],"author":[{"embeddable":true,"href":"https:\/\/www.europesays.com\/fr\/wp-json\/wp\/v2\/users\/2"}],"replies":[{"embeddable":true,"href":"https:\/\/www.europesays.com\/fr\/wp-json\/wp\/v2\/comments?post=322515"}],"version-history":[{"count":0,"href":"https:\/\/www.europesays.com\/fr\/wp-json\/wp\/v2\/posts\/322515\/revisions"}],"wp:featuredmedia":[{"embeddable":true,"href":"https:\/\/www.europesays.com\/fr\/wp-json\/wp\/v2\/media\/322516"}],"wp:attachment":[{"href":"https:\/\/www.europesays.com\/fr\/wp-json\/wp\/v2\/media?parent=322515"}],"wp:term":[{"taxonomy":"category","embeddable":true,"href":"https:\/\/www.europesays.com\/fr\/wp-json\/wp\/v2\/categories?post=322515"},{"taxonomy":"post_tag","embeddable":true,"href":"https:\/\/www.europesays.com\/fr\/wp-json\/wp\/v2\/tags?post=322515"}],"curies":[{"name":"wp","href":"https:\/\/api.w.org\/{rel}","templated":true}]}}