{"id":322517,"date":"2025-08-16T08:34:13","date_gmt":"2025-08-16T08:34:13","guid":{"rendered":"https:\/\/www.europesays.com\/fr\/322517\/"},"modified":"2025-08-16T08:34:13","modified_gmt":"2025-08-16T08:34:13","slug":"beaute-mode-et-k-pop-au-coeur-de-la-capitale-paris-select","status":"publish","type":"post","link":"https:\/\/www.europesays.com\/fr\/322517\/","title":{"rendered":"beaut\u00e9, mode et K-pop au c\u0153ur de la capitale \u2013 Paris Select"},"content":{"rendered":"<p><strong>Beaut\u00e9, musique, mode : la culture cor\u00e9enne ne cesse de s\u00e9duire Paris, o\u00f9 les adresses K-inspir\u00e9es se multiplient \u00e0 grande vitesse.<\/strong><\/p>\n<p>Ce qu\u2019on appelait encore il y a dix ans la \u00ab\u00a0Hallyu\u00a0\u00bb, ou vague cor\u00e9enne, est aujourd\u2019hui bien ancr\u00e9e dans le quotidien parisien. Longtemps cantonn\u00e9e \u00e0 un public initi\u00e9, la culture venue de Cor\u00e9e du Sud a conquis la capitale \u00e0 travers la K-pop, les soins de peau ultra-pointus, ou encore une mode urbaine et visuellement forte. \u00c0 Paris, cette fascination devient tangible, avec des boutiques, des caf\u00e9s et des \u00e9v\u00e9nements qui s\u2019inscrivent d\u00e9sormais dans le paysage culturel local.<\/p>\n<p>Beaut\u00e9 cor\u00e9enne : le culte de la peau parfaite<\/p>\n<p><img loading=\"lazy\" decoding=\"async\" width=\"960\" height=\"540\" src=\"data:image\/svg+xml,%3Csvg%20xmlns=\" http:=\"\" alt=\"\" class=\"wp-image-180723\" data-lazy- data-lazy- data-lazy-src=\"https:\/\/www.europesays.com\/fr\/wp-content\/uploads\/2025\/08\/coree-sud-chirurgie-esthetique-beaute-miss-edited.png\"\/><\/p>\n<p>La <strong>K-beauty<\/strong> a boulevers\u00e9 les routines beaut\u00e9 traditionnelles. \u00c0 Paris, plusieurs enseignes comme Miin Cosmetics (rue Saint-Honor\u00e9) ou Bonnie Beauty Shop (Passage Choiseul) proposent les fameux soins en 10 \u00e9tapes, des cr\u00e8mes \u00e0 base de bave d\u2019escargot aux masques au charbon. Le mot d\u2019ordre : <strong>pr\u00e9vention et hydratation<\/strong>, bien loin de la beaut\u00e9 camouflage \u00e0 l\u2019occidentale.<\/p>\n<p>Certaines marques comme Laneige, Dr. Jart+ ou Innisfree sont d\u00e9sormais disponibles chez Sephora. On y trouve des produits cibl\u00e9s, souvent peu parfum\u00e9s, \u00e0 base d\u2019ingr\u00e9dients naturels ou ferment\u00e9s. Les Parisiennes adeptes ne jurent plus que par la double routine nettoyage + essence.<\/p>\n<p>Mode cor\u00e9enne : un look structur\u00e9, entre street et minimalisme<\/p>\n<p>Dans le Marais ou pr\u00e8s d\u2019Op\u00e9ra, les boutiques de <strong>mode cor\u00e9enne<\/strong> attirent une client\u00e8le jeune en qu\u00eate de pi\u00e8ces originales et abordables. Des enseignes comme Aland Paris ou Kooding Pop-Up misent sur des v\u00eatements aux coupes oversize, des mati\u00e8res fluides et des palettes douces. On y retrouve cette <strong>esth\u00e9tique pointue mais portable<\/strong>, inspir\u00e9e des rues de S\u00e9oul.<\/p>\n<p>C\u00f4t\u00e9 accessoires, les sacs baguette, les boucles d\u2019oreilles g\u00e9om\u00e9triques et les lunettes \u00e0 verres teint\u00e9s s\u2019invitent de plus en plus dans les vitrines parisiennes. Et certains jeunes cr\u00e9ateurs cor\u00e9ens comme Andersson Bell ou Yuul Yie commencent \u00e0 s\u2019imposer dans des concept stores haut de gamme.<\/p>\n<p>K-pop : une communaut\u00e9 active et festive \u00e0 Paris<\/p>\n<p><img loading=\"lazy\" decoding=\"async\" width=\"1096\" height=\"617\" src=\"data:image\/svg+xml,%3Csvg%20xmlns=\" http:=\"\" alt=\"\" class=\"wp-image-180727\" data-lazy- data-lazy- data-lazy-src=\"https:\/\/www.europesays.com\/fr\/wp-content\/uploads\/2025\/08\/20240809_Blackpink_Pink_Carpet_09-edited.png\"\/><\/p>\n<p>La <strong>K-pop<\/strong> n\u2019est plus un ph\u00e9nom\u00e8ne marginal. \u00c0 Paris, les fans se rassemblent r\u00e9guli\u00e8rement lors de concerts (comme ceux de BTS, Stray Kids ou Blackpink \u00e0 Bercy), mais aussi dans des caf\u00e9s \u00e0 th\u00e8me comme My Koffee ou K-Coffee Paris. On y retrouve des <strong>playlists en boucle, des fanarts et des g\u00e2teaux personnalis\u00e9s aux couleurs des groupes<\/strong>.<\/p>\n<p>Des boutiques comme Kpop Life ou K-Store Paris (rue Sainte-Anne) vendent albums, goodies et tenues officielles. On note aussi l\u2019\u00e9mergence de cours de danse K-pop dans plusieurs studios parisiens (Studio Bleu, LAX Studio), preuve que la vague est autant musicale que physique.<\/p>\n<p>Pour prolonger l\u2019exp\u00e9rience cor\u00e9enne \u00e0 Paris, d\u00e9couvrez aussi notre s\u00e9lection de <a href=\"https:\/\/parisselectbook.com\/restaurants-coreens-paris\/\" rel=\"nofollow noopener\" target=\"_blank\">restaurants cor\u00e9ens \u00e0 tester absolument<\/a> .<\/p>\n","protected":false},"excerpt":{"rendered":"Beaut\u00e9, musique, mode : la culture cor\u00e9enne ne cesse de s\u00e9duire Paris, o\u00f9 les adresses K-inspir\u00e9es se multiplient&hellip;\n","protected":false},"author":2,"featured_media":322518,"comment_status":"","ping_status":"","sticky":false,"template":"","format":"standard","meta":{"footnotes":""},"categories":[1888],"tags":[1111,1928,11,1927,1777,674,1011,27,12,1926,626,1925,25],"class_list":{"0":"post-322517","1":"post","2":"type-post","3":"status-publish","4":"format-standard","5":"has-post-thumbnail","7":"category-paris","8":"tag-actu","9":"tag-actu-paris","10":"tag-actualites","11":"tag-actualites-paris","12":"tag-eu","13":"tag-europe","14":"tag-fr","15":"tag-france","16":"tag-news","17":"tag-news-paris","18":"tag-paris","19":"tag-paris-news","20":"tag-republique-francaise"},"share_on_mastodon":{"url":"https:\/\/pubeurope.com\/@fr\/115037527409656997","error":""},"_links":{"self":[{"href":"https:\/\/www.europesays.com\/fr\/wp-json\/wp\/v2\/posts\/322517","targetHints":{"allow":["GET"]}}],"collection":[{"href":"https:\/\/www.europesays.com\/fr\/wp-json\/wp\/v2\/posts"}],"about":[{"href":"https:\/\/www.europesays.com\/fr\/wp-json\/wp\/v2\/types\/post"}],"author":[{"embeddable":true,"href":"https:\/\/www.europesays.com\/fr\/wp-json\/wp\/v2\/users\/2"}],"replies":[{"embeddable":true,"href":"https:\/\/www.europesays.com\/fr\/wp-json\/wp\/v2\/comments?post=322517"}],"version-history":[{"count":0,"href":"https:\/\/www.europesays.com\/fr\/wp-json\/wp\/v2\/posts\/322517\/revisions"}],"wp:featuredmedia":[{"embeddable":true,"href":"https:\/\/www.europesays.com\/fr\/wp-json\/wp\/v2\/media\/322518"}],"wp:attachment":[{"href":"https:\/\/www.europesays.com\/fr\/wp-json\/wp\/v2\/media?parent=322517"}],"wp:term":[{"taxonomy":"category","embeddable":true,"href":"https:\/\/www.europesays.com\/fr\/wp-json\/wp\/v2\/categories?post=322517"},{"taxonomy":"post_tag","embeddable":true,"href":"https:\/\/www.europesays.com\/fr\/wp-json\/wp\/v2\/tags?post=322517"}],"curies":[{"name":"wp","href":"https:\/\/api.w.org\/{rel}","templated":true}]}}