{"id":322519,"date":"2025-08-16T08:35:08","date_gmt":"2025-08-16T08:35:08","guid":{"rendered":"https:\/\/www.europesays.com\/fr\/322519\/"},"modified":"2025-08-16T08:35:08","modified_gmt":"2025-08-16T08:35:08","slug":"premiers-matchs-annonces-billets-restants-bons-plans-et-codes-promo-sur-les-produits-derives","status":"publish","type":"post","link":"https:\/\/www.europesays.com\/fr\/322519\/","title":{"rendered":"premiers matchs annonc\u00e9s, billets restants, bons plans et codes promo sur les produits d\u00e9riv\u00e9s !"},"content":{"rendered":"<p class=\"paragraph text_align_left lp-f-body-02\">Fans de <b>catch<\/b>, appr\u00eatez-vous \u00e0 vivre un <b>moment historique en France<\/b> ! En effet, pour la toute premi\u00e8re fois, un PLE aura lieu \u00e0 Paris. Apr\u00e8s <b>Backlash Lyon<\/b> en 2024, les superstars de la WWE reviennent pour <b>Clash in Paris<\/b> en 2025 ! Apr\u00e8s des mois d\u2019attente et des sp\u00e9culations enflamm\u00e9es parmi les fans, les <b>premiers matchs<\/b> viennent d\u2019\u00eatre d\u00e9voil\u00e9s\u2026 et la tension monte d\u00e9j\u00e0 ! Entre l\u2019excitation de voir <b>les plus grandes Superstars fouler un ring \u00e0 Paris<\/b> et <b>la course aux derniers billets<\/b>, c\u2019est le moment de tout savoir sur l\u2019\u00e9v\u00e9nement et de vous pr\u00e9parer pour assister \u00e0 ce <b>show exceptionnel<\/b> ! <a href=\"https:\/\/www.leparisien.fr\/codes-promo\/\" target=\"_blank\" rel=\"dofollow noopener\">Le Parisien Codes Promo<\/a> vous dit tout !<\/p>\n<p>Clash in Paris, c\u2019est quand ?<\/p>\n<p class=\"paragraph text_align_left lp-f-body-02\">Le <b>Premium Live Event WWE Clash in Paris<\/b> aura lieu le <b>dimanche 31 ao\u00fbt 2025<\/b> \u00e0 <b>Paris La D\u00e9fense Arena<\/b>. <\/p>\n<p>Les premiers combats confirm\u00e9s pour Clash in Paris<\/p>\n<p class=\"paragraph text_align_left lp-f-body-02\">La WWE n\u2019a pas attendu la derni\u00e8re semaine pour mettre l\u2019eau \u00e0 la bouche des fans : de nombreuses <b>superstars<\/b> ont d\u00e9j\u00e0 \u00e9t\u00e9 annonc\u00e9es pour ces shows en France et <b>plusieurs affrontements sont d\u00e9sormais officiels<\/b>. Voici les <b>premiers combats annonc\u00e9s<\/b> pour <b>WWE Clash in Paris<\/b> : <\/p>\n<ul class=\"margin_bottom_md fs_18_26 fs_20_28_ad blue-dot\">\n<li class=\"mb_150 pl_325\"><b>John Cena <\/b>vs<b> Logan Paul<\/b><\/li>\n<li class=\"mb_150 pl_325\"><b>Seth Rollins <\/b>vs<b> CM Punk <\/b>vs<b> LA Knight <\/b>vs<b> Jey Uso <\/b>(Championnat du Monde Poids Lourd)<b> <\/b><\/li>\n<li class=\"mb_150 pl_325\"><b>Stephanie Vaquer<\/b> vs la<b> Championne du Monde f\u00e9minine de la WWE<\/b> (actuellement <b>Naomi<\/b>, mais qui n\u2019a pas \u00e9t\u00e9 autoris\u00e9e m\u00e9dicalement \u00e0 combattre lors du dernier \u00e9pisode de Raw, ce qui laisse planer le doute sur l\u2019avenir de son titre et son combat \u00e0 Clash In Paris)<\/li>\n<\/ul>\n<p class=\"paragraph text_align_left lp-f-body-02\">D\u2019autres matchs seront \u00e9videmment annonc\u00e9s d\u2019ici le jour J. C\u00f4t\u00e9 superstars, <b>Roman Reigns<\/b> est \u00e9galement annonc\u00e9 pour le PLE, mais nous ne savons pas, \u00e0 l\u2019heure actuelle, qui il affrontera.<\/p>\n<p>Billets pour Clash in Paris : encore quelques places disponibles<\/p>\n<p class=\"paragraph text_align_left lp-f-body-02\">Si vous r\u00eavez de <b>vivre ce show en direct<\/b>, il est encore temps\u2026 mais il va falloir faire vite ! Les derniers billets pour <b>Clash in Paris<\/b> sont en vente chez <a href=\"https:\/\/www.leparisien.fr\/codes-promo\/marques\/ticketmaster.php\" target=\"_blank\" rel=\"dofollow noopener\"><b>Ticketmaster<\/b><\/a> ou <a href=\"https:\/\/www.leparisien.fr\/codes-promo\/marques\/cdiscount-billetterie.php\" target=\"_blank\" rel=\"dofollow noopener\"><b>Cdiscount Billetterie<\/b><\/a>, par exemple. A l\u2019heure actuelle, il est possible de r\u00e9server ses <b>billets pour Clash in Paris d\u00e8s 122,50 \u20ac<\/b> ! Cependant, les meilleures places sont \u00e9videmment d\u00e9j\u00e0 parties, mais il reste encore des si\u00e8ges qui vous permettront de vivre l\u2019action au plus pr\u00e8s !<\/p>\n<p>J&rsquo;ach\u00e8te mes billets pour Clash in Paris<\/p>\n<p class=\"paragraph text_align_left lp-f-body-02\">N\u2019attendez pas le dernier moment : <b>Clash in Paris<\/b> s\u2019annonce comme un <b>\u00e9v\u00e9nement incroyable et historique<\/b>. Ne le ratez pas !<\/p>\n<p>Pr\u00e9parez-vous pour Clash in Paris : bons plans et codes promo sur les produits d\u00e9riv\u00e9s WWE<\/p>\n<p class=\"paragraph text_align_left lp-f-body-02\">Si vous avez la chance d\u2019assister \u00e0 Clash in Paris, il y a une chose que vous ne devez pas n\u00e9gliger pour vous mettre pleinement dans l\u2019ambiance : le <b>merchandising officiel<\/b> ! En effet, quoi de mieux pour vivre l\u2019\u00e9v\u00e9nement \u00e0 fond et pour montrer votre soutien \u00e0 une superstar qu\u2019un<b> t-shirt<\/b> ou une <b>casquette<\/b> \u00e0 son effigie ? Bonne nouvelle : plusieurs marchands proposent actuellement des <b>codes promo ou bons plans<\/b> qui permettent d\u2019acheter des <b>goodies WWE \u00e0 petit prix<\/b> !<\/p>\n<p class=\"paragraph text_align_left lp-f-body-02\">De quoi compl\u00e9ter votre collection ou arborer fi\u00e8rement un produit officiel le jour du show.<\/p>\n<p class=\"paragraph text_align_left lp-f-body-02\"><b>Clash in Paris 2025<\/b> n\u2019est pas qu\u2019un simple PLE : c\u2019est l\u2019occasion pour la WWE de confirmer l\u2019engouement grandissant du public fran\u00e7ais. Apr\u00e8s le succ\u00e8s de <b>Backlash \u00e0 Lyon<\/b>, la barre est plac\u00e9e tr\u00e8s haut\u2026 et tout laisse \u00e0 penser que Paris r\u00e9pondra pr\u00e9sent. Sans oublier que la France accueillera \u00e9galement <a href=\"https:\/\/www.leparisien.fr\/codes-promo\/bons-plans\/smackdown-lyon-superstars-presentes-billets-diffusion-code-promo-sur-les-produits-derives-preparez-vous-pour-cet-evenement-catch-13-08-2025-DNFVYDCGQVDJ5FODN56GLWJQU4.php\" target=\"_blank\" rel=\"dofollow noopener\"><b>Friday Night SmackDown \u00e0 Lyon<\/b><\/a> quelques jours avant le PLE, ainsi que <b>WWE Monday Night Raw <\/b>le lendemain de Clash in Paris. Trois occasions, pour le public fran\u00e7ais, de voir<b> les superstars du catch <\/b>en action dans des shows \u00e9poustouflants !<\/p>\n","protected":false},"excerpt":{"rendered":"Fans de catch, appr\u00eatez-vous \u00e0 vivre un moment historique en France ! En effet, pour la toute premi\u00e8re&hellip;\n","protected":false},"author":2,"featured_media":294851,"comment_status":"","ping_status":"","sticky":false,"template":"","format":"standard","meta":{"footnotes":""},"categories":[1888],"tags":[11,677,11769,1777,674,1011,27,12,626,25,1858],"class_list":{"0":"post-322519","1":"post","2":"type-post","3":"status-publish","4":"format-standard","5":"has-post-thumbnail","7":"category-paris","8":"tag-actualites","9":"tag-bons-plans","10":"tag-codes-promo","11":"tag-eu","12":"tag-europe","13":"tag-fr","14":"tag-france","15":"tag-news","16":"tag-paris","17":"tag-republique-francaise","18":"tag-services"},"share_on_mastodon":{"url":"https:\/\/pubeurope.com\/@fr\/115037531329902030","error":""},"_links":{"self":[{"href":"https:\/\/www.europesays.com\/fr\/wp-json\/wp\/v2\/posts\/322519","targetHints":{"allow":["GET"]}}],"collection":[{"href":"https:\/\/www.europesays.com\/fr\/wp-json\/wp\/v2\/posts"}],"about":[{"href":"https:\/\/www.europesays.com\/fr\/wp-json\/wp\/v2\/types\/post"}],"author":[{"embeddable":true,"href":"https:\/\/www.europesays.com\/fr\/wp-json\/wp\/v2\/users\/2"}],"replies":[{"embeddable":true,"href":"https:\/\/www.europesays.com\/fr\/wp-json\/wp\/v2\/comments?post=322519"}],"version-history":[{"count":0,"href":"https:\/\/www.europesays.com\/fr\/wp-json\/wp\/v2\/posts\/322519\/revisions"}],"wp:featuredmedia":[{"embeddable":true,"href":"https:\/\/www.europesays.com\/fr\/wp-json\/wp\/v2\/media\/294851"}],"wp:attachment":[{"href":"https:\/\/www.europesays.com\/fr\/wp-json\/wp\/v2\/media?parent=322519"}],"wp:term":[{"taxonomy":"category","embeddable":true,"href":"https:\/\/www.europesays.com\/fr\/wp-json\/wp\/v2\/categories?post=322519"},{"taxonomy":"post_tag","embeddable":true,"href":"https:\/\/www.europesays.com\/fr\/wp-json\/wp\/v2\/tags?post=322519"}],"curies":[{"name":"wp","href":"https:\/\/api.w.org\/{rel}","templated":true}]}}