{"id":322520,"date":"2025-08-16T08:36:22","date_gmt":"2025-08-16T08:36:22","guid":{"rendered":"https:\/\/www.europesays.com\/fr\/322520\/"},"modified":"2025-08-16T08:36:22","modified_gmt":"2025-08-16T08:36:22","slug":"la-belle-histoire-des-eventails-duvelleroy","status":"publish","type":"post","link":"https:\/\/www.europesays.com\/fr\/322520\/","title":{"rendered":"la belle histoire des \u00e9ventails Duvelleroy"},"content":{"rendered":"<p>            Par<br \/>\n        <strong><br \/>\n            <a href=\"https:\/\/actu.fr\/auteur\/marie-amelie-marchal\" title=\"Consulter tous les articles de Marie Amelie Marchal\" target=\"_blank\" rel=\"noopener\">Marie Amelie Marchal<\/a><br \/>\n        <\/strong><\/p>\n<p>        Publi\u00e9 le<\/p>\n<p>            16 ao\u00fbt 2025 \u00e0 9h38        <\/p>\n<p>Rendre l\u2019objet indispensable. Qu\u2019il se glisse dans une poche de jean, s\u2019attache en bandouli\u00e8re ou se clipse sur son sac \u00e0 main, la<strong> Maison Duvelleroy<\/strong> dans le 7e arrondissement de <a href=\"https:\/\/actu.fr\/paris\/\" target=\"_blank\" rel=\"noopener\">Paris<\/a> veut redonner \u00e0 <a href=\"https:\/\/actu.fr\/ile-de-france\/paris_75056\/reportage-l-unique-musee-de-l-eventail-a-paris-menace-d-expulsion-un-savoir-faire-en-danger_39070676.html\" target=\"_blank\" rel=\"noopener\">l\u2019\u00e9ventail<\/a> une place de choix dans notre quotidien. Produit de mani\u00e8re artisanale et requ\u00e9rant la seule \u00e9nergie du poignet, l\u2019\u00e9ventail se place alors comme alli\u00e9 id\u00e9al pour affronter les <a href=\"https:\/\/actu.fr\/ile-de-france\/paris_75056\/il-va-faire-encore-plus-chaud-a-paris-et-en-ile-de-france-meteo-france-augmente-la-vigilance-canicule_63023302.html\" target=\"_blank\" rel=\"noopener\">p\u00e9riodes de canicule<\/a>. Une <strong>alternative \u00e9cologique<\/strong> aux <a href=\"https:\/\/actu.fr\/ile-de-france\/paris_75056\/ll-me-sauve-la-vie-avec-la-canicule-les-mini-ventilateurs-portatifs-font-fureur-a-paris_63023130.html\" target=\"_blank\" rel=\"noopener\">mini-ventilateurs<\/a> qui fleurissent mais aussi <strong>po\u00e9tique.<\/strong> \u00ab\u00a0Selon la position de l\u2019\u00e9ventail, on pouvait<strong> faire passer des messages discr\u00e8tement<\/strong> comme \u2018restons amis\u2019, \u2018suivez-moi\u2019, \u2018vous \u00eates cruels&rsquo;\u00a0\u00bb, rembobine \u00c9lo\u00efse Gilles, copropri\u00e9taire de la maison bient\u00f4t deux fois centenaire.\u00a0\u00a0<\/p>\n<p>Remettre \u00e0 la mode un savoir-faire centenaire<\/p>\n<p class=\" wall-content\">Inspir\u00e9s des<strong> ailes de chauve-souris<\/strong>, les \u00e9ventails ont une longue histoire. \u00ab\u2009C\u2019est un objet qui traverse les \u00e9poques. De tout temps l\u2019homme a voulu ma\u00eetriser le vent. On en a retrouv\u00e9 dans le tombeau de Toutankhamon\u2009\u00bb, plante \u00c9lo\u00efse Gilles, copropri\u00e9taire de la Maison Duvelleroy.<\/p>\n<p class=\" wall-content\">Passionn\u00e9e par l\u2019histoire, le savoir-faire et le milieu du luxe, elle se met en qu\u00eate d\u2019une entreprise \u00e0 ressusciter. \u00ab\u2009J\u2019avais moins de trente ans lorsque j\u2019ai d\u00e9couvert la Maison Duvelleroy. Michel Maignan, alors d\u00e9positaire de cet h\u00e9ritage vieux de pr\u00e8s de 200\u00a0ans, avait scrupuleusement gard\u00e9 toutes les archives de l\u2019une des seules <a href=\"https:\/\/actu.fr\/ile-de-france\/paris_75056\/reportage-l-unique-musee-de-l-eventail-a-paris-menace-d-expulsion-un-savoir-faire-en-danger_39070676.html\" target=\"_blank\" rel=\"noopener\">maisons d\u2019\u00e9ventails<\/a> \u00e0 avoir perdur\u00e9 apr\u00e8s-guerre.\u2009\u00bb On est en 2010 et pour les deux femmes, c\u2019est le coup de foudre.<\/p>\n<p class=\" wall-content\">\u00ab\u2009Avec Rapha\u00eblle Le Baud, nous avons voulu relancer cette boutique, fournisseuse officielle des souveraines au XIXe\u00a0si\u00e8cle. On s\u2019est dit que c\u2019\u00e9tait un <strong>accessoire qui avait du sens<\/strong> avec le <a href=\"https:\/\/actu.fr\/tag\/rechauffement-climatique\" target=\"_blank\" rel=\"noopener\">r\u00e9chauffement climatique<\/a>. L\u2019\u00e9ventail n\u2019est pas qu\u2019un produit du pass\u00e9, il a de l\u2019avenir\u2009\u00bb, confie l\u2019ancienne salari\u00e9e d\u2019une soci\u00e9t\u00e9 de conseil.<\/p>\n<p>    <img   decoding=\"async\" loading=\"lazy\" src=\"https:\/\/www.europesays.com\/fr\/wp-content\/uploads\/2025\/08\/20250814-114453-960x640.jpg\" alt=\"Le mod\u00e8le breloque est inspir\u00e9 des archives de la maison, comme la majorit\u00e9 des produits propos\u00e9s dans la boutique rue Am\u00e9lie (Paris 7e).\" width=\"960\" height=\"640\"\/><br \/>\n    Le mod\u00e8le breloque est inspir\u00e9 des archives de la maison, comme la majorit\u00e9 des produits propos\u00e9s dans la boutique rue Am\u00e9lie (Paris 7e). (\u00a9MAM \/ actu Paris)Un objet entre 65 et 450\u00a0euros<\/p>\n<p class=\" wall-content\">Pr\u00e8s de deux si\u00e8cles apr\u00e8s sa fondation, la Maison Duvelleroy propose deux types d\u2019\u00e9ventails\u2009: la<strong> haute fa\u00e7on<\/strong>, des objets dans la tradition parisienne travaill\u00e9s dans des mati\u00e8res nobles comme l\u2019\u00e9b\u00e8ne et qui font office de d\u00e9coration. Et les<strong> \u00e9ventails de tous les jours<\/strong>, \u00ab\u2009fabriqu\u00e9s \u00e0 la main, en Espagne\u2009\u00bb, pr\u00e9cise \u00c9lo\u00efse Gilles.<\/p>\n<p class=\" wall-content\">Avec des prix oscillant <strong>entre 65 et 470\u00a0euros<\/strong>, la boutique install\u00e9e dans le 7e arrondissement de Paris touche une client\u00e8le touristique essentiellement am\u00e9ricaine et europ\u00e9enne. \u00ab\u2009Nous avons beaucoup d\u2019hommes qui viennent se fournir chez nous. Les profils sont vari\u00e9s et les personnes qui viennent<strong> pour faire un cadeau<\/strong> sont nombreuses\u2009\u00bb, d\u00e9taille la copropri\u00e9taire.<\/p>\n<p class=\" wall-content\">Quant aux \u00e9ventails de haute fa\u00e7on, ils trouvent preneurs chez les esth\u00e8tes, des personnes sensibles au design qui recherchent des objets originaux et artisanaux.<\/p>\n<p class=\" wall-content\">\n    <img   decoding=\"async\" loading=\"lazy\" src=\"https:\/\/www.europesays.com\/fr\/wp-content\/uploads\/2025\/08\/20250814-114338-960x640.jpg\" alt=\"\u00c9ventail en lurex et organza, monture en \u00e9b\u00e8ne. \" width=\"960\" height=\"640\"\/><br \/>\n    \u00c9ventail en lurex et organza, monture en \u00e9b\u00e8ne. (\u00a9MAM \/ actu Paris)<br \/>\n    <img   decoding=\"async\" loading=\"lazy\" src=\"https:\/\/www.europesays.com\/fr\/wp-content\/uploads\/2025\/08\/20250814-114834-960x640.jpg\" alt=\"\u00c9ventail en plumes de paon et monture en nacre. \" width=\"960\" height=\"640\"\/><br \/>\n    \u00c9ventail en plumes de paon et monture en nacre. (\u00a9MAM \/ actu Paris)<\/p>\n<p class=\" wall-content\">Tout est fait \u00e0 la main. La feuille, la partie qui brasse de l\u2019air, peut \u00eatre faite en coton, en tulles, en dentelle ou en soie. Quant \u00e0 la monture, elle est r\u00e9alis\u00e9e \u00e0 l\u2019aide de <strong>diff\u00e9rentes essences<\/strong> de bois (bouleau, h\u00eatre, sycomore) ou pour les \u00e9ventails d\u2019exception, en nacre ou en galalithe. \u00ab\u2009Plissage \u00e0 froid, <strong>encollage brin par brin<\/strong>\u2026 Le niveau de technicit\u00e9 est \u00e9quivalent \u00e0 la cr\u00e9ation d\u2019un meuble\u2009\u00bb, d\u00e9fend \u00c9lo\u00efse Gilles.<\/p>\n<p>    <img   decoding=\"async\" loading=\"lazy\" src=\"https:\/\/www.europesays.com\/fr\/wp-content\/uploads\/2025\/08\/20250814-114916-960x640.jpg\" alt=\"Le mod\u00e8le Take away, succ\u00e8s de la Maison Duvelleroy.\" width=\"960\" height=\"640\"\/><br \/>\n    Le mod\u00e8le Take away, succ\u00e8s de la Maison Duvelleroy. (\u00a9MAM \/ actu Paris)<\/p>\n<p class=\" wall-content\">\u00c0 l\u2019heure des petites souffleries d\u2019une dizaine d\u2019euros qui essaiment dans les rues de la capitale, la Maison Duvelleroy tente de se r\u00e9inventer constamment. \u00ab\u2009Nous multiplions les collaborations \u2013 avec Balenciaga, Lanvin ou encore <a href=\"https:\/\/actu.fr\/ile-de-france\/paris_75056\/paris-le-moulin-rouge-retrouve-ses-ailes-deux-mois-apres-leur-chute_61246428.html\" target=\"_blank\" rel=\"noopener\">Le Moulin Rouge<\/a>, et adaptons nos produits \u00e0 l\u2019\u00e9poque\u2009\u00bb, d\u00e9crit la copropri\u00e9taire. C\u2019est ainsi qu\u2019est n\u00e9 leur best-seller, le \u2018Take away\u2019. \u00c9quip\u00e9 d\u2019un cordon aux couleurs pop, l\u2019\u00e9ventail se fait accessoire de mode, en plus de rafra\u00eechir son propri\u00e9taire.<\/p>\n<p class=\" wall-content\">Et le succ\u00e8s est l\u00e0. \u00ab\u00a0Nos ventes sont corr\u00e9l\u00e9es aux vagues de chaleur \u00e9videmment. Nos clients cherchent une alternative \u00e9cologique et un produit qui porte une histoire\u00a0\u00bb, conclut \u00c9lo\u00efse Gilles.\u00a0<\/p>\n<p class=\" wall-content\">Suivez toute l\u2019actualit\u00e9 de vos villes et m\u00e9dias favoris en vous inscrivant \u00e0 <a href=\"https:\/\/moncompte.actu.fr\" title=\"D\u00e9couvez Mon Actu\" rel=\"nofollow noopener\" data-trk=\"{&quot;cta&quot;:{&quot;action&quot;:&quot;https:\\\/\\\/moncompte.actu.fr&quot;,&quot;category&quot;:&quot;mon compte&quot;,&quot;from&quot;:&quot;article footer&quot;,&quot;name&quot;:&quot;Mon actu&quot;,&quot;type&quot;:&quot;cta&quot;}}\" target=\"_blank\">Mon Actu<\/a>.<\/p>\n","protected":false},"excerpt":{"rendered":"Par Marie Amelie Marchal Publi\u00e9 le 16 ao\u00fbt 2025 \u00e0 9h38 Rendre l\u2019objet indispensable. Qu\u2019il se glisse dans&hellip;\n","protected":false},"author":2,"featured_media":322521,"comment_status":"","ping_status":"","sticky":false,"template":"","format":"standard","meta":{"footnotes":""},"categories":[1888],"tags":[11,1477,1777,674,1011,27,12,626,2551,5140,25,104],"class_list":{"0":"post-322520","1":"post","2":"type-post","3":"status-publish","4":"format-standard","5":"has-post-thumbnail","7":"category-paris","8":"tag-actualites","9":"tag-artisanat","10":"tag-eu","11":"tag-europe","12":"tag-fr","13":"tag-france","14":"tag-news","15":"tag-paris","16":"tag-patrimoine","17":"tag-rechauffement-climatique","18":"tag-republique-francaise","19":"tag-societe"},"share_on_mastodon":{"url":"https:\/\/pubeurope.com\/@fr\/115037535470708871","error":""},"_links":{"self":[{"href":"https:\/\/www.europesays.com\/fr\/wp-json\/wp\/v2\/posts\/322520","targetHints":{"allow":["GET"]}}],"collection":[{"href":"https:\/\/www.europesays.com\/fr\/wp-json\/wp\/v2\/posts"}],"about":[{"href":"https:\/\/www.europesays.com\/fr\/wp-json\/wp\/v2\/types\/post"}],"author":[{"embeddable":true,"href":"https:\/\/www.europesays.com\/fr\/wp-json\/wp\/v2\/users\/2"}],"replies":[{"embeddable":true,"href":"https:\/\/www.europesays.com\/fr\/wp-json\/wp\/v2\/comments?post=322520"}],"version-history":[{"count":0,"href":"https:\/\/www.europesays.com\/fr\/wp-json\/wp\/v2\/posts\/322520\/revisions"}],"wp:featuredmedia":[{"embeddable":true,"href":"https:\/\/www.europesays.com\/fr\/wp-json\/wp\/v2\/media\/322521"}],"wp:attachment":[{"href":"https:\/\/www.europesays.com\/fr\/wp-json\/wp\/v2\/media?parent=322520"}],"wp:term":[{"taxonomy":"category","embeddable":true,"href":"https:\/\/www.europesays.com\/fr\/wp-json\/wp\/v2\/categories?post=322520"},{"taxonomy":"post_tag","embeddable":true,"href":"https:\/\/www.europesays.com\/fr\/wp-json\/wp\/v2\/tags?post=322520"}],"curies":[{"name":"wp","href":"https:\/\/api.w.org\/{rel}","templated":true}]}}