{"id":322524,"date":"2025-08-16T08:38:12","date_gmt":"2025-08-16T08:38:12","guid":{"rendered":"https:\/\/www.europesays.com\/fr\/322524\/"},"modified":"2025-08-16T08:38:12","modified_gmt":"2025-08-16T08:38:12","slug":"direct-apres-le-sommet-trump-poutine-sans-cessez-le-feu-en-ukraine-suivez-les-reactions-internationales","status":"publish","type":"post","link":"https:\/\/www.europesays.com\/fr\/322524\/","title":{"rendered":"DIRECT. Apr\u00e8s le sommet Trump-Poutine sans cessez-le-feu en Ukraine, suivez les r\u00e9actions internationales"},"content":{"rendered":"<p><strong>09\u00a0h\u00a040. <\/strong>Le pr\u00e9sident ukrainien Volodymyr Zelensky a annonc\u00e9 samedi qu\u2019il rencontrera Donald Trump lundi \u00e0 Washington pour discuter du r\u00e8glement du conflit en Ukraine, apr\u00e8s la rencontre entre le pr\u00e9sident am\u00e9ricain et son homologue russe Vladimir Poutine. Sur son compte X, Volodymyr Zelensky a \u00e9galement affirm\u00e9 que Donald Trump, lors d\u2019un appel samedi, l\u2019avait inform\u00e9 des \u00ab\u00a0principaux points\u00a0\u00bb de sa conversation avec le pr\u00e9sident russe en Alaska.<\/p>\n<p><strong>09\u00a0h\u00a026. <\/strong>Donald Trump a eu un \u00ab\u00a0long appel\u00a0\u00bb avec le pr\u00e9sident ukrainien Volodymyr Zelensky lors de son vol retour d\u2019Alaska o\u00f9 sa rencontre au sommet avec Vladimir Poutine n\u2019a pas permis d\u2019obtenir un cessez-le-feu dans la guerre en Ukraine, a indiqu\u00e9 la porte-parole de la Maison-Blanche, Karoline Leavitt. Le pr\u00e9sident am\u00e9ricain s\u2019est \u00e9galement entretenu avec des dirigeants de l\u2019Otan, a pr\u00e9cis\u00e9 Karoline Leavitt \u00e0 des journalistes \u00e0 bord d\u2019Air Force One. L\u2019avion pr\u00e9sidentiel a atterri \u00e0 Washington samedi \u00e0 06\u00a0h\u00a045 (GMT) et Donald Trump n\u2019a pas r\u00e9pondu aux questions des journalistes.<\/p>\n<p><strong>08\u00a0h\u00a059. <\/strong>Le pr\u00e9sident am\u00e9ricain Donald Trump a inform\u00e9 samedi Volodymyr Zelensky et d\u2019autres dirigeants europ\u00e9ens de l\u2019issue de sa rencontre avec Vladimir Poutine, a annonc\u00e9 une porte-parole de la Commission europ\u00e9enne. Cet appel, auquel ont notamment particip\u00e9 la pr\u00e9sidente de la Commission Ursula von\u00a0der\u00a0Leyen, le pr\u00e9sident fran\u00e7ais Emmanuel Macron, le chancelier allemand Friedrich Merz, le premier ministre britannique Keir Starmer et le secr\u00e9taire g\u00e9n\u00e9ral de l\u2019Otan Mark Rutte, a dur\u00e9 \u00ab\u00a0un peu plus d\u2019une heure\u00a0\u00bb, selon cette m\u00eame source.<\/p>\n<p>\u00a0<\/p>\n<p>Trump-Poutine, pas de cessez-le-feu en vue<\/p>\n<p>&gt;\u00a0Les deux dirigeants se sont r\u00e9unis, vendredi 15\u00a0ao\u00fbt 2025 en Alaska, sur la base de\u00a0dans la base militaire d\u2019Elmendorf-Richardson, dans le but de n\u00e9gocier dans le cadre du conflit entre la Russie et l\u2019Ukraine. Le choix de l\u2019Alaska n\u2019\u00e9tait pas anodin puisqu\u2019il s\u2019agit ancien territoire russe\u00a0vendu aux \u00c9tats-Unis au 19e\u00a0si\u00e8cle, aujourd\u2019hui proche de la fronti\u00e8re entre les deux pays.<\/p>\n<p>&gt;\u00a0Lors de la conf\u00e9rence de presse qui a suivi leur r\u00e9union, le pr\u00e9sident am\u00e9ricain a parl\u00e9 d\u2019une r\u00e9union \u00ab\u00a0tr\u00e8s productive\u00a0\u00bb, Vladimir Poutine d\u2019un entretien \u00ab\u00a0constructif\u00a0\u00bb, mais en r\u00e9alit\u00e9 rien n\u2019a filtr\u00e9 imm\u00e9diatement de leurs trois heures de discussion sur une base militaire de l\u2019Alaska.<\/p>\n<p>&gt;\u00a0Selon Donald Trump, il resterait \u00ab\u00a0tr\u00e8s peu\u00a0\u00bb de points \u00e0 r\u00e9gler pour trouver une issue \u00e0 la guerre d\u00e9clench\u00e9e il y a plus de trois ans par l\u2019invasion russe de l\u2019Ukraine. \u00ab\u00a0L\u2019un d\u2019entre eux (ces points) est probablement le plus important\u00a0\u00bb, a ajout\u00e9 Donald Trump, mais sans dire lequel.<\/p>\n<p>&gt;\u00a0Au cours de leur conf\u00e9rence de presse conjointe, les dirigeants n\u2019ont pas \u00e9voqu\u00e9 de cessez-le-feu ni de r\u00e9union tripartite en pr\u00e9sence du pr\u00e9sident ukrainien\u00a0Volodymyr Zelensky, pourtant \u00e9voqu\u00e9e en amont par Donald Trump, pouss\u00e9 par les Europ\u00e9ens.<\/p>\n<p>&gt;\u00a0Les deux dirigeants ont\u00a0multipli\u00e9 les d\u00e9clarations engageantes et les gestes amicaux tout au long de leur rencontre qui a dur\u00e9 six heures au total.<\/p>\n","protected":false},"excerpt":{"rendered":"09\u00a0h\u00a040. Le pr\u00e9sident ukrainien Volodymyr Zelensky a annonc\u00e9 samedi qu\u2019il rencontrera Donald Trump lundi \u00e0 Washington pour discuter&hellip;\n","protected":false},"author":2,"featured_media":322525,"comment_status":"","ping_status":"","sticky":false,"template":"","format":"standard","meta":{"footnotes":""},"categories":[1590],"tags":[328,11,75,73,1777,674,329,74,12,132,220],"class_list":{"0":"post-322524","1":"post","2":"type-post","3":"status-publish","4":"format-standard","5":"has-post-thumbnail","7":"category-ukraine","8":"tag-a-la-une","9":"tag-actualites","10":"tag-donald-trump","11":"tag-etats-unis","12":"tag-eu","13":"tag-europe","14":"tag-france-monde","15":"tag-monde","16":"tag-news","17":"tag-russie","18":"tag-ukraine"},"share_on_mastodon":{"url":"https:\/\/pubeurope.com\/@fr\/115037543020813830","error":""},"_links":{"self":[{"href":"https:\/\/www.europesays.com\/fr\/wp-json\/wp\/v2\/posts\/322524","targetHints":{"allow":["GET"]}}],"collection":[{"href":"https:\/\/www.europesays.com\/fr\/wp-json\/wp\/v2\/posts"}],"about":[{"href":"https:\/\/www.europesays.com\/fr\/wp-json\/wp\/v2\/types\/post"}],"author":[{"embeddable":true,"href":"https:\/\/www.europesays.com\/fr\/wp-json\/wp\/v2\/users\/2"}],"replies":[{"embeddable":true,"href":"https:\/\/www.europesays.com\/fr\/wp-json\/wp\/v2\/comments?post=322524"}],"version-history":[{"count":0,"href":"https:\/\/www.europesays.com\/fr\/wp-json\/wp\/v2\/posts\/322524\/revisions"}],"wp:featuredmedia":[{"embeddable":true,"href":"https:\/\/www.europesays.com\/fr\/wp-json\/wp\/v2\/media\/322525"}],"wp:attachment":[{"href":"https:\/\/www.europesays.com\/fr\/wp-json\/wp\/v2\/media?parent=322524"}],"wp:term":[{"taxonomy":"category","embeddable":true,"href":"https:\/\/www.europesays.com\/fr\/wp-json\/wp\/v2\/categories?post=322524"},{"taxonomy":"post_tag","embeddable":true,"href":"https:\/\/www.europesays.com\/fr\/wp-json\/wp\/v2\/tags?post=322524"}],"curies":[{"name":"wp","href":"https:\/\/api.w.org\/{rel}","templated":true}]}}