{"id":322526,"date":"2025-08-16T08:39:10","date_gmt":"2025-08-16T08:39:10","guid":{"rendered":"https:\/\/www.europesays.com\/fr\/322526\/"},"modified":"2025-08-16T08:39:10","modified_gmt":"2025-08-16T08:39:10","slug":"lemprise-disrael-sur-les-etats-unis-commence-a-se-relacher","status":"publish","type":"post","link":"https:\/\/www.europesays.com\/fr\/322526\/","title":{"rendered":"L&#8217;emprise d\u2019Isra\u00ebl sur les \u00c9tats-Unis commence \u00e0 se rel\u00e2cher"},"content":{"rendered":"<p>Le gouvernement isra\u00e9lien est-il enfin all\u00e9 trop loin ? Depuis sa fondation en 1948, Isra\u00ebl s\u2019est engag\u00e9 dans une violence syst\u00e9matique contre les Palestiniens, s\u2019appuyant sur le soutien ind\u00e9fectible des \u00c9tats-Unis comme bouclier contre toute sanction aux Nations unies.<\/p>\n<p>Pour garantir que ce soutien ne faiblisse jamais, des groupes pro-isra\u00e9liens ont investi des centaines de millions de dollars pour manipuler le syst\u00e8me politique am\u00e9ricain, influencer les r\u00e9sultats \u00e9lectoraux et dissuader les membres du Congr\u00e8s de critiquer ses agissements.<\/p>\n<p>Mais depuis que le gouvernement isra\u00e9lien a lanc\u00e9 sa guerre de vengeance contre les Palestiniens \u00e0 Gaza, en r\u00e9ponse aux attaques du Hamas du 7 octobre 2023, son usage excessif de la violence, les crimes de guerre, les actes de g\u00e9nocide, et m\u00eame le meurtre de plusieurs citoyens am\u00e9ricains, semblent avoir fait basculer l\u2019opinion aux \u00c9tats-Unis.<\/p>\n<blockquote>\n<p>La violence excessive, les crimes de guerre et le g\u00e9nocide commis par Isra\u00ebl semblent avoir fait basculer le soutien am\u00e9ricain.<\/p>\n<p>\u00a0 \u00a0 \u00a0 \u00a0 \u00a0 \u00a0 \u00a0 \u00a0 \u00a0 \u00a0 \u00a0 \u00a0 \u00a0 \u00a0 \u00a0 \u00a0 \u00a0 \u00a0 \u00a0 \u00a0 \u00a0 \u00a0 \u00a0 \u00a0 \u00a0 \u00a0 \u00a0 \u00a0 \u00a0 \u00a0 \u00a0Ray Hanania<\/p>\n<\/blockquote>\n<p>Les sondages r\u00e9cents montrent que l\u2019opinion publique am\u00e9ricaine commence \u00e0 r\u00e9agir \u00e0 ces exc\u00e8s : 60 % s\u2019opposent d\u00e9sormais \u00e0 l\u2019intervention militaire isra\u00e9lienne \u00e0 Gaza. La brutalit\u00e9 d\u2019Isra\u00ebl, port\u00e9e par l\u2019influence des extr\u00e9mistes religieux d\u2019extr\u00eame droite au sein du gouvernement dirig\u00e9 par Benjamin Netanyahu, a ouvert une porte vers le jugement, qu\u2019il pourrait ne plus pouvoir refermer.<\/p>\n<p>Encore plus pr\u00e9occupant pour Isra\u00ebl : sa r\u00e9ponse militaire disproportionn\u00e9e a provoqu\u00e9 une onde de choc politique, qui commence \u00e0 se faire sentir m\u00eame chez certains conservateurs r\u00e9publicains et d\u00e9mocrates mod\u00e9r\u00e9s \u2014 deux camps qui, pendant des d\u00e9cennies, fermaient les yeux sur les assassinats extrajudiciaires, les punitions collectives et le m\u00e9pris du droit international par Isra\u00ebl.<\/p>\n<p>Nous assistons au d\u00e9but d\u2019un rel\u00e2chement de l\u2019emprise qu\u2019Isra\u00ebl exerce depuis longtemps sur la politique am\u00e9ricaine.<\/p>\n<p>Le Parti d\u00e9mocrate s\u2019\u00e9tait jusque-l\u00e0 content\u00e9 de timides critiques face aux exc\u00e8s d\u2019Isra\u00ebl. Mais aujourd\u2019hui, m\u00eame des figures centristes comme le repr\u00e9sentant Mike Quigley mettent en question les actions militaires isra\u00e9liennes, appelant \u00e0 la cr\u00e9ation d\u2019un \u00c9tat palestinien.<\/p>\n<p>Pendant longtemps, seules les voix de l\u2019aile gauche radicale du Parti d\u00e9mocrate d\u00e9non\u00e7aient Isra\u00ebl, sans impact notable. Elles accusaient le gouvernement isra\u00e9lien d\u2019hypocrisie et de discriminations contre les chr\u00e9tiens et les musulmans.<\/p>\n<p>De leur c\u00f4t\u00e9, les r\u00e9publicains et les mouvements chr\u00e9tiens \u00e9vang\u00e9liques ont toujours \u00e9t\u00e9 des alli\u00e9s ind\u00e9fectibles d\u2019Isra\u00ebl, lui offrant une immunit\u00e9 politique, y compris lorsque des Am\u00e9ricains figuraient parmi ses victimes. Les conservateurs ont pu grimacer face aux abus isra\u00e9liens, mais ils n\u2019allaient jamais jusqu\u2019\u00e0 r\u00e9clamer des comptes.<\/p>\n<p>Jusqu\u2019\u00e0 aujourd\u2019hui.<\/p>\n<p>Le point de bascule est venu d\u2019un contexte \u00e9conomique devenu insoutenable. L\u2019inflation a fait exploser le prix des produits de base \u2014 alimentation, voitures, v\u00eatements \u2014 mais aussi des services essentiels comme l\u2019assurance, la sant\u00e9 ou les imp\u00f4ts fonciers. De plus en plus d\u2019Am\u00e9ricains peinent \u00e0 joindre les deux bouts.<\/p>\n<p>La dette nationale am\u00e9ricaine d\u00e9passe d\u00e9sormais les 37 000 milliards de dollars, ce qui alimente l\u2019inflation et rend de nombreux biens inaccessibles. Cette r\u00e9alit\u00e9 \u00e9conomique prend le pas sur l\u2019idylle am\u00e9ricaine avec Isra\u00ebl, et pousse une partie de la population \u00e0 se demander : \u00ab Pourquoi ? \u00bb<\/p>\n<blockquote>\n<p>La r\u00e9alit\u00e9 \u00e9conomique actuelle supplante l\u2019amour de l\u2019Am\u00e9rique pour Isra\u00ebl, et beaucoup d\u2019Am\u00e9ricains se demandent : \u201cPourquoi ?\u201d<\/p>\n<p>\u00a0 \u00a0 \u00a0 \u00a0 \u00a0 \u00a0 \u00a0 \u00a0 \u00a0 \u00a0 \u00a0 \u00a0 \u00a0 \u00a0 \u00a0 \u00a0 \u00a0 \u00a0 \u00a0 \u00a0 \u00a0 \u00a0 \u00a0 \u00a0 \u00a0 \u00a0 \u00a0 \u00a0 \u00a0 \u00a0 \u00a0 \u00a0 \u00a0 \u00a0Ray Hanania<\/p>\n<\/blockquote>\n<p>L\u2019une des voix les plus fortes dans cette contestation est Marjorie Taylor Greene, \u00e9lue r\u00e9publicaine de G\u00e9orgie et figure centrale du mouvement \u201cMake America Great Again\u201d de Donald Trump. Elle a commenc\u00e9 \u00e0 remettre en question les sacrifices faits pour Isra\u00ebl.<\/p>\n<p>Greene, fid\u00e8le d\u00e9fenseuse de Trump, porte aujourd\u2019hui le visage d\u2019un mouvement naissant qui remet en cause l\u2019influence d\u2019Isra\u00ebl aux \u00c9tats-Unis et s\u2019attaque directement \u00e0 l\u2019un de ses piliers : l\u2019AIPAC (Comit\u00e9 des affaires publiques am\u00e9ricano-isra\u00e9liennes), qui a vers\u00e9 des centaines de millions de dollars \u00e0 des campagnes de politiciens am\u00e9ricains pour garantir leur ob\u00e9issance aux int\u00e9r\u00eats isra\u00e9liens.<\/p>\n<p>Greene demande que l\u2019Am\u00e9rique cesse toute aide \u00e9trang\u00e8re \u00e0 Isra\u00ebl. Les \u00c9tats-Unis lui versent 4 milliards de dollars par an, auxquels s\u2019ajoutent 18 milliards d\u2019aide militaire pour la guerre \u00e0 Gaza. Elle ose poser la question : pourquoi ? Pourquoi autant d\u2019argent vers\u00e9 \u00e0 Isra\u00ebl alors que les Am\u00e9ricains eux-m\u00eames souffrent ?<\/p>\n<p>Cette semaine, elle a publi\u00e9 sur X : \u00ab L\u2019AIPAC essaie de faire passer mon message America First pour de l\u2019\u201cantis\u00e9mitisme\u201d parce que je ne veux plus envoyer des milliards au gouvernement la\u00efc et arm\u00e9 nucl\u00e9airen d\u2019Isra\u00ebl. \u00bb<\/p>\n<p>Elle a \u00e9largi son appel \u00e0 l\u2019arr\u00eat de toute aide \u00e9trang\u00e8re, une position d\u00e9sormais reprise par d\u2019autres r\u00e9publicains MAGA, comme le repr\u00e9sentant Thomas Massie. Ce qui se passe est une r\u00e9volution politique aliment\u00e9e par une \u00e9conomie en d\u00e9clin et l\u2019arrogance d\u2019Isra\u00ebl.<\/p>\n<p>Dans ce m\u00eame message, Greene concluait :\u00a0\u00ab Avec une dette de 37 000 MILLIARDS, je suis d\u00e9sormais r\u00e9solument pro-Am\u00e9rique UNIQUEMENT. Ma loyaut\u00e9 va au peuple am\u00e9ricain et \u00e0 la g\u00e9n\u00e9ration de mes enfants. \u00c0 ceux que j\u2019ai \u00e9t\u00e9 \u00e9lue pour repr\u00e9senter. PAS \u00c0 UN PAYS \u00c9TRANGER. \u00bb<\/p>\n<p>La mont\u00e9e des critiques contre les politiques isra\u00e9liennes, combin\u00e9e \u00e0 la souffrance \u00e9conomique d\u2019une majorit\u00e9 d\u2019Am\u00e9ricains, et \u00e0 l\u2019arrogance de lobbys \u00e9trangers qui croient pouvoir museler les opposants au Congr\u00e8s, affaiblit l\u2019emprise d\u2019Isra\u00ebl sur l\u2019opinion publique.<\/p>\n<p>Les changements peuvent sembler modestes pour l\u2019instant, mais le mouvement s\u2019amplifie, et il deviendra t\u00f4t ou tard inarr\u00eatable.<\/p>\n<p>Comme le dit une vieille expression am\u00e9ricaine en politique : \u00ab Donnez suffisamment de corde \u00e0 quelqu\u2019un, et il finira par se pendre. \u00bb\u00a0Isra\u00ebl est en train de resserrer lui-m\u00eame le n\u0153ud autour de son exc\u00e8s d\u2019arrogance morale.<\/p>\n<p>Ray Hanania est un ancien journaliste politique et chroniqueur prim\u00e9 de la mairie de Chicago. Il peut \u00eatre joint sur son site Web personnel \u00e0 l\u2019adresse suivante: www.Hanania.com.<\/p>\n<p>X: @RayHanania<\/p>\n<p>NDLR: L\u2019opinion exprim\u00e9e dans cette page est propre \u00e0 l\u2019auteur et ne refl\u00e8te pas n\u00e9cessairement celle d\u2019Arab News en fran\u00e7ais.<\/p>\n<p>Ce texte est la traduction d\u2019un article paru sur Arabnews.com<\/p>\n","protected":false},"excerpt":{"rendered":"Le gouvernement isra\u00e9lien est-il enfin all\u00e9 trop loin ? Depuis sa fondation en 1948, Isra\u00ebl s\u2019est engag\u00e9 dans&hellip;\n","protected":false},"author":2,"featured_media":322527,"comment_status":"","ping_status":"","sticky":false,"template":"","format":"standard","meta":{"footnotes":""},"categories":[1589],"tags":[11,73,1866,12,1864,1865,1863,308],"class_list":{"0":"post-322526","1":"post","2":"type-post","3":"status-publish","4":"format-standard","5":"has-post-thumbnail","7":"category-etats-unis","8":"tag-actualites","9":"tag-etats-unis","10":"tag-etats-unis-damerique","11":"tag-news","12":"tag-united-states","13":"tag-united-states-of-america","14":"tag-us","15":"tag-usa"},"share_on_mastodon":{"url":"https:\/\/pubeurope.com\/@fr\/115037546983887469","error":""},"_links":{"self":[{"href":"https:\/\/www.europesays.com\/fr\/wp-json\/wp\/v2\/posts\/322526","targetHints":{"allow":["GET"]}}],"collection":[{"href":"https:\/\/www.europesays.com\/fr\/wp-json\/wp\/v2\/posts"}],"about":[{"href":"https:\/\/www.europesays.com\/fr\/wp-json\/wp\/v2\/types\/post"}],"author":[{"embeddable":true,"href":"https:\/\/www.europesays.com\/fr\/wp-json\/wp\/v2\/users\/2"}],"replies":[{"embeddable":true,"href":"https:\/\/www.europesays.com\/fr\/wp-json\/wp\/v2\/comments?post=322526"}],"version-history":[{"count":0,"href":"https:\/\/www.europesays.com\/fr\/wp-json\/wp\/v2\/posts\/322526\/revisions"}],"wp:featuredmedia":[{"embeddable":true,"href":"https:\/\/www.europesays.com\/fr\/wp-json\/wp\/v2\/media\/322527"}],"wp:attachment":[{"href":"https:\/\/www.europesays.com\/fr\/wp-json\/wp\/v2\/media?parent=322526"}],"wp:term":[{"taxonomy":"category","embeddable":true,"href":"https:\/\/www.europesays.com\/fr\/wp-json\/wp\/v2\/categories?post=322526"},{"taxonomy":"post_tag","embeddable":true,"href":"https:\/\/www.europesays.com\/fr\/wp-json\/wp\/v2\/tags?post=322526"}],"curies":[{"name":"wp","href":"https:\/\/api.w.org\/{rel}","templated":true}]}}