{"id":322534,"date":"2025-08-16T08:43:11","date_gmt":"2025-08-16T08:43:11","guid":{"rendered":"https:\/\/www.europesays.com\/fr\/322534\/"},"modified":"2025-08-16T08:43:11","modified_gmt":"2025-08-16T08:43:11","slug":"il-ny-a-jamais-eu-une-aussi-forte-demande-pour-assurer-les-forets-face-aux-incendies-ravageurs-les-belges-veulent-proteger-les-espaces-verts","status":"publish","type":"post","link":"https:\/\/www.europesays.com\/fr\/322534\/","title":{"rendered":"\u00ab\u00a0Il n&rsquo;y a jamais eu une aussi forte demande pour assurer les for\u00eats\u00a0\u00bb: face aux incendies ravageurs, les belges veulent prot\u00e9ger les espaces verts"},"content":{"rendered":"<p class=\"ap-StoryElement ap-StoryElement--mb ap-StoryText\">Dans moins de 25 ans, on aura le m\u00eame climat que le sud de la France. Mais demain, c&rsquo;est d\u00e9j\u00e0 maintenant. Au printemps dernier, on a interdit les Fagnes aux promeneurs car il y faisait trop sec.<\/p>\n<p class=\"ap-StoryElement ap-StoryElement--mb ap-StoryText\">Un incendie qui a calcin\u00e9 dix hectares du c\u00f4t\u00e9 de Houffalize le 13 avril a frapp\u00e9 les esprits et soudain donn\u00e9 une bouff\u00e9e d&rsquo;angoisse \u00e0 certains gros propri\u00e9taires de for\u00eats qui se sont assur\u00e9s contre les risques d&rsquo;incendie.<\/p>\n<p>De plus en plus de for\u00eats assur\u00e9es<\/p>\n<p class=\"ap-StoryElement ap-StoryElement--mb ap-StoryText\">Jean-Charles Deviron, \u00e0 la barre de la soci\u00e9t\u00e9 d&rsquo;assurances Amifor, en t\u00e9moigne. Il n&rsquo;a jamais eu une telle augmentation de demandes que ce printemps. \u00ab\u00a0La superficie assur\u00e9e a augment\u00e9 de 10 % suite au plus gros sinistre connu depuis les ann\u00e9es 70. \u00a0\u00bb Cela reste cependant modeste. Sur nos 700.000 hectares de for\u00eats, seuls 87 000 sont assur\u00e9s.<b> <\/b>Jusqu&rsquo;il y a dix ans, on ne s&rsquo;est pas du tout pr\u00e9occup\u00e9 des incendies car on \u00e9tait un pays arros\u00e9 par les pluies. Mais d\u00e9sormais, on a des printemps secs qui peuvent durer un ou deux mois avec des vents soufflant de l&rsquo;est qui sont dess\u00e9chants. \u00ab\u00a0La quantit\u00e9 de pluviosit\u00e9 ne nous inqui\u00e8te pas mais bien sa r\u00e9partition erratique. On a ainsi eu des incendies qui \u00e9taient impensables en Bretagne\u00a0\u00bb, pr\u00e9vient Nicolas Dassonville.<\/p>\n","protected":false},"excerpt":{"rendered":"Dans moins de 25 ans, on aura le m\u00eame climat que le sud de la France. Mais demain,&hellip;\n","protected":false},"author":2,"featured_media":322535,"comment_status":"","ping_status":"","sticky":false,"template":"","format":"standard","meta":{"footnotes":""},"categories":[1586],"tags":[11,46008,46009,9998,7675,21612,1350,46010,4154,1208,10002,46011,46012,23909,10006,10007,46013,4858,31758,46014,1777,674,1779,18038,5183,1011,27,46015,28192,46016,46017,46018,2742,12,10019,153,29339,46019,46020,25,46021,1340,15269,46022,1778,364,29398,46023,13590],"class_list":{"0":"post-322534","1":"post","2":"type-post","3":"status-publish","4":"format-standard","5":"has-post-thumbnail","7":"category-europe","8":"tag-actualites","9":"tag-aerial","10":"tag-aerial-photography","11":"tag-aerial-view","12":"tag-aerien","13":"tag-aerienne","14":"tag-architecture","15":"tag-birds-eye-view","16":"tag-bois","17":"tag-building","18":"tag-building-exterior","19":"tag-built-structure","20":"tag-cabin","21":"tag-chalet","22":"tag-city","23":"tag-cityscape","24":"tag-drill","25":"tag-eau","26":"tag-environment","27":"tag-estate","28":"tag-eu","29":"tag-europe","30":"tag-european-union","31":"tag-forest","32":"tag-foret","33":"tag-fr","34":"tag-france","35":"tag-high-angle-view","36":"tag-lac","37":"tag-lake","38":"tag-landscape","39":"tag-lodge","40":"tag-nature","41":"tag-news","42":"tag-no-people","43":"tag-parc","44":"tag-park","45":"tag-plan-deau","46":"tag-plant","47":"tag-republique-francaise","48":"tag-residential-area","49":"tag-restaurant","50":"tag-transportation","51":"tag-tree","52":"tag-ue","53":"tag-union-europeenne","54":"tag-water","55":"tag-water-plan","56":"tag-wood"},"share_on_mastodon":{"url":"","error":"Validation failed: Text character limit of 500 exceeded"},"_links":{"self":[{"href":"https:\/\/www.europesays.com\/fr\/wp-json\/wp\/v2\/posts\/322534","targetHints":{"allow":["GET"]}}],"collection":[{"href":"https:\/\/www.europesays.com\/fr\/wp-json\/wp\/v2\/posts"}],"about":[{"href":"https:\/\/www.europesays.com\/fr\/wp-json\/wp\/v2\/types\/post"}],"author":[{"embeddable":true,"href":"https:\/\/www.europesays.com\/fr\/wp-json\/wp\/v2\/users\/2"}],"replies":[{"embeddable":true,"href":"https:\/\/www.europesays.com\/fr\/wp-json\/wp\/v2\/comments?post=322534"}],"version-history":[{"count":0,"href":"https:\/\/www.europesays.com\/fr\/wp-json\/wp\/v2\/posts\/322534\/revisions"}],"wp:featuredmedia":[{"embeddable":true,"href":"https:\/\/www.europesays.com\/fr\/wp-json\/wp\/v2\/media\/322535"}],"wp:attachment":[{"href":"https:\/\/www.europesays.com\/fr\/wp-json\/wp\/v2\/media?parent=322534"}],"wp:term":[{"taxonomy":"category","embeddable":true,"href":"https:\/\/www.europesays.com\/fr\/wp-json\/wp\/v2\/categories?post=322534"},{"taxonomy":"post_tag","embeddable":true,"href":"https:\/\/www.europesays.com\/fr\/wp-json\/wp\/v2\/tags?post=322534"}],"curies":[{"name":"wp","href":"https:\/\/api.w.org\/{rel}","templated":true}]}}