{"id":322542,"date":"2025-08-16T08:47:10","date_gmt":"2025-08-16T08:47:10","guid":{"rendered":"https:\/\/www.europesays.com\/fr\/322542\/"},"modified":"2025-08-16T08:47:10","modified_gmt":"2025-08-16T08:47:10","slug":"toutes-les-francaises-passent-le-cut-au-portland-classic-jeongeun-lee5-seule-en-tete-lequipe","status":"publish","type":"post","link":"https:\/\/www.europesays.com\/fr\/322542\/","title":{"rendered":"Toutes les Fran\u00e7aises passent le cut au Portland Classic, Jeongeun Lee5 seule en t\u00eate &#8211; L&#039;\u00c9quipe"},"content":{"rendered":"<ol>\n<li><a href=\"https:\/\/news.google.com\/rss\/articles\/CBMiywFBVV95cUxPRS1uaDZMQXRWNXNldlpTSlRzOHhlX1BlLUFWUXo3a3NsbXA0TWhjZ2s4cjlwc3Y1N3F6VlhRNGtnT0s1VlZjMXp1QWNqNDlVYzU0Qm5DVmRIY0szLVpwTjNZbVNlX1hlYW1GNFJyQ3hCQVlPUDBSSHVWMzIyRDlyaklXNF9rUnMzaWxCQ01hbnViM1VXNlZDa2VESmxGNE5sblN5UmRpMGF1cWQyZWZ4bzlTTXBQWWFhVEpyZHBVNGxhdW5wVnl1UWY3dw?oc=5\" target=\"_blank\" rel=\"nofollow noopener\">Toutes les Fran\u00e7aises passent le cut au Portland Classic, Jeongeun Lee5 seule en t\u00eate<\/a>&nbsp;&nbsp;L&rsquo;\u00c9quipe<\/li>\n<li><a href=\"https:\/\/news.google.com\/rss\/articles\/CBMinwFBVV95cUxOUllmMWdsVnVJemE5QmhSUlRHNHpZVVZxTHlQVDlWLS1EUEZNUU1fQy1fOEx3UTZ1T3JNRnVrd3Nsc1R1VWVpa0hJSHowVEswdlhRX1JkNmNjZUdBOHd6eERPSnR0WXlDeUJyb0xDNnlyamluUktWcWRfZEhBWTQzLXpCUzZYdVcxbGktcFZPdDU1Z2poMDdFdnFMXzZUX3M?oc=5\" target=\"_blank\" rel=\"nofollow noopener\">Golf professionnel : Delacour maintient son rythme<\/a>&nbsp;&nbsp;F\u00e9d\u00e9ration fran\u00e7aise de golf (ffgolf)<\/li>\n<li><a href=\"https:\/\/news.google.com\/rss\/articles\/CBMihgJBVV95cUxOQ3lSNW9ldndBX0EtcDdRR3daMWJFYWQtbGdXbVgxWm1ZTW5FaDE1UXZVY3FkSDhzY1BvMjFURjhyU3pEM1dVTlhWeGFZVFNDZ0NjVTdBSHdJT1RBUE1Yd0p6LTVGNEJWTVMyc2NuVzBkRDVJV1Q4VjVOUjFsbFV3cEF0Sjl1M0c2NVQ4Mkg0WmxQRGJzZFo4WHdnZXBLbnNmMVlJcUR3azM3aHZ4SmJtbnFfNU1CNTBheWw5bWpEUlpkaUYxcXBROG1kZ2dEYW92MzZHaGRSV2MtQm1VSzh0SWJUU3YyNDNoWEJNcW8wcktEenBOR0hWMjVwclAtYnpJRzU0TnFB?oc=5\" target=\"_blank\" rel=\"nofollow noopener\">Golf. LPGA Portland Classic (Tour 1): La jeune fran\u00e7aise Ad\u00e9la Cernousek en t\u00eate dans l\u2019Oregon<\/a>&nbsp;&nbsp;Ouest-France<\/li>\n<li><a href=\"https:\/\/news.google.com\/rss\/articles\/CBMinwFBVV95cUxOZHpHd2hCVGlDc0xVSlg3YjNVdEJCc3dVNmpBdXNtQ2N2SUpWNVZHd2xBWGg4YzNyZHA0XzhrdWY4OUVkenJCT2MyWFJSbW1icjQ3Rm9jZ2xjWUJPNERtMngzSjZ5Z2xIVTQyRFMwWDdrWVlNUF9lWTBCZHEzQkcxU3g4MmstVUxITURSNGJmRUZnbXRSdlM0YVI2NUY0eWs?oc=5\" target=\"_blank\" rel=\"nofollow noopener\">Delacour reste au contact, toutes les bleues passent le cut<\/a>&nbsp;&nbsp;Golf Plan\u00e8te<\/li>\n<li><a href=\"https:\/\/news.google.com\/rss\/articles\/CBMixgFBVV95cUxOUWdRQ3FiekRXV2swS3lYazRUM1RNNjVfN0FUYlBVTlJ6aS15VjlIdXhhUzltLVRZUE4zTXBxcllUcVJrUDdyQ0hzZHNjZHpEZk9HMTRabFBwTXRBbzIxTkJ0bkw0WV9JWXNKRlVTUDFYai1PYkc2YjBRdThFMFVscHVCcUR3YWpMTkloZ0JSQnpkVkthV3ZtblhObG1CY3BpdERnWG1ES0tYbFFRMEttazBYTkZ4VndjSjVZN29JR204V0xYaEE?oc=5\" target=\"_blank\" rel=\"nofollow noopener\">Une deuxi\u00e8me ronde plus difficile pour Brooke Henderson \u00e0 Portland<\/a>&nbsp;&nbsp;MSN<\/li>\n<\/ol>\n","protected":false},"excerpt":{"rendered":"Toutes les Fran\u00e7aises passent le cut au Portland Classic, Jeongeun Lee5 seule en t\u00eate&nbsp;&nbsp;L&rsquo;\u00c9quipe Golf professionnel : Delacour&hellip;\n","protected":false},"author":2,"featured_media":322543,"comment_status":"","ping_status":"","sticky":false,"template":"","format":"standard","meta":{"footnotes":""},"categories":[1418],"tags":[1011,27,1472,60],"class_list":{"0":"post-322542","1":"post","2":"type-post","3":"status-publish","4":"format-standard","5":"has-post-thumbnail","7":"category-golf","8":"tag-fr","9":"tag-france","10":"tag-golf","11":"tag-sports"},"share_on_mastodon":{"url":"https:\/\/pubeurope.com\/@fr\/115037578457541179","error":""},"_links":{"self":[{"href":"https:\/\/www.europesays.com\/fr\/wp-json\/wp\/v2\/posts\/322542","targetHints":{"allow":["GET"]}}],"collection":[{"href":"https:\/\/www.europesays.com\/fr\/wp-json\/wp\/v2\/posts"}],"about":[{"href":"https:\/\/www.europesays.com\/fr\/wp-json\/wp\/v2\/types\/post"}],"author":[{"embeddable":true,"href":"https:\/\/www.europesays.com\/fr\/wp-json\/wp\/v2\/users\/2"}],"replies":[{"embeddable":true,"href":"https:\/\/www.europesays.com\/fr\/wp-json\/wp\/v2\/comments?post=322542"}],"version-history":[{"count":0,"href":"https:\/\/www.europesays.com\/fr\/wp-json\/wp\/v2\/posts\/322542\/revisions"}],"wp:featuredmedia":[{"embeddable":true,"href":"https:\/\/www.europesays.com\/fr\/wp-json\/wp\/v2\/media\/322543"}],"wp:attachment":[{"href":"https:\/\/www.europesays.com\/fr\/wp-json\/wp\/v2\/media?parent=322542"}],"wp:term":[{"taxonomy":"category","embeddable":true,"href":"https:\/\/www.europesays.com\/fr\/wp-json\/wp\/v2\/categories?post=322542"},{"taxonomy":"post_tag","embeddable":true,"href":"https:\/\/www.europesays.com\/fr\/wp-json\/wp\/v2\/tags?post=322542"}],"curies":[{"name":"wp","href":"https:\/\/api.w.org\/{rel}","templated":true}]}}