{"id":322549,"date":"2025-08-16T08:52:15","date_gmt":"2025-08-16T08:52:15","guid":{"rendered":"https:\/\/www.europesays.com\/fr\/322549\/"},"modified":"2025-08-16T08:52:15","modified_gmt":"2025-08-16T08:52:15","slug":"martin-a-la-fois-rassure-et-trouble-par-sa-chute-de-vendredi","status":"publish","type":"post","link":"https:\/\/www.europesays.com\/fr\/322549\/","title":{"rendered":"Mart\u00edn \u00e0 la fois rassur\u00e9 et troubl\u00e9 par sa chute de vendredi"},"content":{"rendered":"<p>Bless\u00e9 \u00e0 trois reprises en d\u00e9but d&rsquo;ann\u00e9e, <a href=\"https:\/\/fr.motorsport.com\/driver\/jorge-martin\/109391\/\" target=\"_blank\" rel=\"noopener\">Jorge Mart\u00edn<\/a> redoutait naturellement de tomber \u00e0 nouveau. L&rsquo;Espagnol n&rsquo;avait plus connu de chute depuis celle qui lui a valu un hemopneumotorax et une dizaine de c\u00f4tes cass\u00e9es au Grand Prix du Qatar. Celle qu&rsquo;il a subie vendredi au Red Bull Ring, au d\u00e9but des Essais, a en un sens \u00e9t\u00e9 rassurante. Certes, Mart\u00edn est tomb\u00e9 \u00e0 haute vitesse et caus\u00e9 de gros d\u00e9g\u00e2ts sur sa moto, mais il a pu se relever imm\u00e9diatement, sans blessure.<\/p>\n<p>\u00ab\u00a0Je vais bien\u00a0\u00bb, a rassur\u00e9. Mart\u00edn. \u00ab\u00a0Il y a deux aspects. Je suis un peu soulag\u00e9 d&rsquo;avoir une chute apr\u00e8s le Qatar parce que j&rsquo;avais discut\u00e9 avec Alpinestars avant Brno, pour r\u00e9duire un peu la pression de l&rsquo;airbag. J&rsquo;avais peur que les c\u00f4tes puissent \u00eatre bless\u00e9es ou quelque chose. [Vendredi], tout s&rsquo;est bien pass\u00e9. Je suis d\u00e9sol\u00e9 pour l&rsquo;\u00e9quipe parce que ce n&rsquo;\u00e9tait pas une belle chute. La moto \u00e9tait tr\u00e8s, tr\u00e8s endommag\u00e9e. Tout va bien.\u00a0\u00bb<\/p>\n<p>\u00a0<\/p>\n<p>La journ\u00e9e s&rsquo;est n\u00e9anmoins assez mal termin\u00e9e pour Aprilia. Le seul pilote de la marque \u00e0 se qualifier directement pour la Q2 a \u00e9t\u00e9 <a href=\"https:\/\/fr.motorsport.com\/driver\/raul-fernandez\/443094\/\" target=\"_blank\" rel=\"noopener\">Ra\u00fal Fern\u00e1ndez<\/a>, repr\u00e9sentant du team Trackhouse, mais dans l&rsquo;\u00e9quipe officielle, ni Mart\u00edn ni <a href=\"https:\/\/fr.motorsport.com\/driver\/marco-bezzecchi\/441839\/\" target=\"_blank\" rel=\"noopener\">Marco Bezzecchi<\/a> n&rsquo;ont pu int\u00e9grer le top 10, ce qui les contraindra \u00e0 disputer la Q1. La chute du champion du monde en titre a beau avoir \u00e9t\u00e9 rassurante sur ses capacit\u00e9s physiques, elle a n\u00e9anmoins entam\u00e9 sa confiance, en particulier pour attaquer au virage 4, et il n&rsquo;a pu r\u00e9aliser que le 16e temps.<\/p>\n<p>\u00ab\u00a0Je ne sais pas ce qui s&rsquo;est pass\u00e9 pour Marco, parce qu&rsquo;il a \u00e9t\u00e9 rapide toute la journ\u00e9e, mais de mon c\u00f4t\u00e9, apr\u00e8s la chute, j&rsquo;ai perdu toute la confiance que j&rsquo;avais depuis Brno et ici. Il me manquait beaucoup de confiance pour entrer dans les virages. \u00c7a m&rsquo;a beaucoup manqu\u00e9.\u00a0\u00bb<\/p>\n<p>Mart\u00edn a encore beaucoup de mal \u00e0 tirer le meilleur de l&rsquo;Aprilia, une moto qui lui reste peu famili\u00e8re\u00a0: \u00ab\u00a0C&rsquo;est juste que je n&rsquo;ai pas de de rythme, je sens que je surpilote la moto. Je sens que mon potentiel est beaucoup plus grand, que le potentiel de la moto aussi, mais il faut tout assembler. Peut-\u00eatre que j&rsquo;attaque dans des domaines o\u00f9 la moto n&rsquo;est pas bonne, que c&rsquo;est l&rsquo;inverse.\u00a0\u00bb<\/p>\n<p>\u00ab\u00a0Je pense qu&rsquo;avec les donn\u00e9es que l&rsquo;on a de Marco, et aussi de Ra\u00fal qui a \u00e9t\u00e9 rapide, on pourra comprendre o\u00f9 \u00eatre plus rapide. Il y a des zones o\u00f9 je suis le pilote Aprilia le plus rapide et d&rsquo;autres o\u00f9 je suis le plus lent. Il faut tout assembler, comme je l&rsquo;ai d\u00e9j\u00e0 dit. L&rsquo;\u00e9quipe travaille super bien. J&rsquo;essaie de faire de mon mieux, c&rsquo;est ce qui compte.\u00a0\u00bb<\/p>\n<p>   <img decoding=\"async\" draggable=\"false\" src=\"https:\/\/www.europesays.com\/fr\/wp-content\/uploads\/2025\/08\/1755334333_27_jorge-martin-aprilia-racing.jpg\" alt=\"Jorge Martin, Aprilia Racing\" width=\"1200\" height=\"800\" loading=\"lazy\"\/> <\/p>\n<p class=\"title\">Jorge Mart\u00edn<\/p>\n<p class=\"photographer\">Photo de: Gold and Goose Photography \/ LAT Images \/ via Getty Images<\/p>\n<p>\u00ab\u00a0Je ne sens pas encore que c&rsquo;est &lsquo;ma&rsquo; moto, je sens que je pilote une moto mais je n&rsquo;ai pas de sensations sur l&rsquo;avant, je ne sais pas si \u00e7a va m&rsquo;\u00e9chapper ou si \u00e7a bouge\u00a0\u00bb, a-t-il d\u00e9taill\u00e9. \u00ab\u00a0Il me faut du temps pour avoir mes r\u00e9glages de base. \u00c0 chaque fois que je prends la piste, la moto est diff\u00e9rente parce qu&rsquo;il faut que je comprenne mes besoins.\u00a0\u00bb<\/p>\n<p>\u00ab\u00a0\u00c7a fait partie du processus, il faut que je comprenne que j&rsquo;ai besoin de temps. J&rsquo;ai l&rsquo;habitude d&rsquo;avoir de tr\u00e8s bonnes sensations sur cette piste, ces derni\u00e8res ann\u00e9es j&rsquo;\u00e9tais toujours super rapide et tout venait tr\u00e8s facilement, et maintenant c&rsquo;est un peu dur. J&rsquo;ai juste besoin de prendre du temps et de faire confiance au processus, d&rsquo;y croire. C&rsquo;est n\u00e9cessaire de prendre mon temps.\u00a0\u00bb<\/p>\n<p>Ce samedi, l&rsquo;objectif de Jorge Mart\u00edn ne sera pas r\u00e9ellement d&rsquo;atteindre la Q2 et de briller lors du sprint, mais surtout de progresser dans sa compr\u00e9hension de la RS-GP\u00a0: \u00ab\u00a0Apr\u00e8s cette journ\u00e9e, je sens que le plus important est de trouver une position confortable sur la moto. Dans la matin\u00e9e, j&rsquo;ai encore test\u00e9 diff\u00e9rentes hauteurs pour le guidon. Je pense que je suis encore dans ma pr\u00e9-saison.\u00a0\u00bb<\/p>\n<p>\u00ab\u00a0C&rsquo;est une chose, et l&rsquo;autre sera de trouver des r\u00e9glages de base parce que comme je l&rsquo;ai d\u00e9j\u00e0 dit, \u00e0 chaque relais j&rsquo;ai une moto totalement diff\u00e9rente et ce n&rsquo;est pas facile pour moi, pas facile pour la moto, pour l&rsquo;\u00e9quipe. J&rsquo;essaie d&rsquo;\u00eatre tr\u00e8s pr\u00e9cis dans mes commentaires mais parfois, je ne comprends m\u00eame pas ce qu&rsquo;il se passe. Je dois piloter plus, faire des tours, et essayer de prendre \u00e7a comme un test.\u00a0\u00bb<\/p>\n<p>\u00ab\u00a0Ce n&rsquo;est pas toujours simple. Je pense qu&rsquo;il est important de ne pas se concentrer sur les r\u00e9sultats, mais sur le processus. L&rsquo;objectif est de trouver de bonnes sensations, et les r\u00e9sultats viendront.\u00a0\u00bb<\/p>\n<p>Bezzecchi ne comprend pas ses difficult\u00e9s<br \/>\n   <img decoding=\"async\" draggable=\"false\" src=\"https:\/\/www.europesays.com\/fr\/wp-content\/uploads\/2025\/08\/1755334335_144_marco-bezzecchi-aprilia-racing.jpg\" alt=\"Marco Bezzecchi, Aprilia Racing\" width=\"1200\" height=\"800\" loading=\"lazy\"\/> <\/p>\n<p class=\"title\">Marco Bezzecchi et son chef m\u00e9canicien, Francesco Venturato.<\/p>\n<p class=\"photographer\">Photo de: Gold and Goose Photography \/ LAT Images \/ via Getty Images<\/p>\n<p>De l&rsquo;autre c\u00f4t\u00e9 du garage, c&rsquo;est l&rsquo;incompr\u00e9hension qui pr\u00e9domine. Marco Bezzecchi avait bien entam\u00e9 le week-end, en prenant la troisi\u00e8me place des <a href=\"https:\/\/fr.motorsport.com\/motogp\/news\/el1-autriche-marquez-pas-perdu-habitudes\/10750821\/\" target=\"_blank\" rel=\"noopener\">EL1<\/a> derri\u00e8re les pilotes Ducati officiels, mais alors que ses rivaux ont gagn\u00e9 plus d&rsquo;une seconde pendant les <a href=\"https:\/\/fr.motorsport.com\/motogp\/news\/essais-marc-marquez-mene-seance-animee-spielberg\/10750861\/\" target=\"_blank\" rel=\"noopener\">Essais<\/a>, l&rsquo;Italien a \u00e0 peine progress\u00e9 de trois dixi\u00e8mes et a d\u00fb se contenter d&rsquo;un 18e temps difficile \u00e0 expliquer.<\/p>\n<p>\u00ab\u00a0La matin\u00e9e a \u00e9t\u00e9 bonne et pas l&rsquo;apr\u00e8s-midi\u00a0\u00bb, a r\u00e9sum\u00e9 Bezzecchi. \u00ab\u00a0[Vendredi] matin, je me sentais bien et j&rsquo;\u00e9tais assez rapide, en termes de rythme mais aussi de chronos. [Vendredi] apr\u00e8s-midi, j&rsquo;ai eu plus de mal. J&rsquo;ai fait quelques erreurs mais sur cette piste, c&rsquo;est normal. Quand on a du mal, on force d&rsquo;abord sur les freins. Apr\u00e8s, on peut faire quelques erreurs, \u00e7a fait perdre beaucoup de temps. Mais ce n&rsquo;\u00e9tait pas le principal probl\u00e8me. Il faut encore comprendre quel a \u00e9t\u00e9 le principal probl\u00e8me. On va \u00e9tudier les donn\u00e9es.\u00a0\u00bb<\/p>\n<p>Le d\u00e9roulement de la journ\u00e9e n&rsquo;a pas vraiment de sens aux yeux de Bezzecchi\u00a0: \u00ab\u00a0Je suis plus surpris apr\u00e8s la matin\u00e9e, sinc\u00e8rement. Apr\u00e8s une telle matin\u00e9e, je ne m&rsquo;attendais pas \u00e0 souffrir comme \u00e7a dans l&rsquo;apr\u00e8s-midi. Avoir des d\u00e9buts difficiles puis continuer \u00e0 souffrir dans l&rsquo;apr\u00e8s-midi aurait \u00e9t\u00e9 plus normal. C&rsquo;est pour \u00e7a qu&rsquo;il faut vraiment tout v\u00e9rifier, essayer de faire des analyses et essayer de comprendre.\u00a0\u00bb<\/p>\n<p>\u00ab\u00a0Le mieux, c&rsquo;est d&rsquo;essayer de rester calmes et de faire confiance aux gens qui m&rsquo;entourent dans le garage. On a travers\u00e9 des moments bien plus difficiles. C&rsquo;\u00e9tait juste un mauvais apr\u00e8s-midi. Il ne faut pas paniquer.\u00a0\u00bb<\/p>\n<p>Bezzecchi a consacr\u00e9 peu de temps \u00e0 l&rsquo;\u00e9valuation de nouveau <a href=\"https:\/\/fr.motorsport.com\/motogp\/news\/controle-stabilite-debat-glissades-chutes\/10750681\/\" target=\"_blank\" rel=\"noopener\">contr\u00f4le de stabilit<\/a>\u00e9 int\u00e9gr\u00e9 au syst\u00e8me \u00e9lectronique commun \u00e0 toutes les motos. Il n&rsquo;a \u00ab\u00a0pas vraiment\u00a0\u00bb pu tirer profit du dispositif, selon lui plus adapt\u00e9 \u00e0 des pistes avec des virages longs.<\/p>\n<p>\u00ab\u00a0Je l&rsquo;ai utilis\u00e9 dans un virage, juste pour l&rsquo;essayer. Ce n&rsquo;est pas une piste o\u00f9 on peut vraiment profiter de l&rsquo;avantage du contr\u00f4le de stabilit\u00e9 selon moi. Il faut commencer [\u00e0 s&rsquo;en servir] parce que si on perd du temps, peut-\u00eatre que les autres seront plus forts. On a un peu travaill\u00e9 dessus et on a continu\u00e9 \u00e0 travailler un peu dessus, mais je pense que les meilleures pistes pour ce contr\u00f4le seront diff\u00e9rentes.\u00a0\u00bb<\/p>\n<p>Lire aussi :<\/p>\n<\/p>\n<p>Dans cet article<\/p>\n<p>Soyez le premier inform\u00e9 et souscrivez aux alertes mails pour recevoir les infos en temps r\u00e9el<\/p>\n<p>    S&rsquo;abonner aux alertes de news<\/p>\n","protected":false},"excerpt":{"rendered":"Bless\u00e9 \u00e0 trois reprises en d\u00e9but d&rsquo;ann\u00e9e, Jorge Mart\u00edn redoutait naturellement de tomber \u00e0 nouveau. L&rsquo;Espagnol n&rsquo;avait plus&hellip;\n","protected":false},"author":2,"featured_media":322550,"comment_status":"","ping_status":"","sticky":false,"template":"","format":"standard","meta":{"footnotes":""},"categories":[1413],"tags":[3563,1011,27,34489,3564,1961,46024,1457,1456,1458,34490,60],"class_list":{"0":"post-322549","1":"post","2":"type-post","3":"status-publish","4":"format-standard","5":"has-post-thumbnail","7":"category-moto","8":"tag-aprilia-racing-team","9":"tag-fr","10":"tag-france","11":"tag-gp-dautriche","12":"tag-jorge-martu00edn","13":"tag-marco-bezzecchi","14":"tag-martu00edn-u00e0-la-fois-rassuru00e9-et-troublu00e9-par-sa-chute-de-vendredi","15":"tag-moto","16":"tag-motocycle","17":"tag-motogp","18":"tag-red-bull-ring","19":"tag-sports"},"share_on_mastodon":{"url":"https:\/\/pubeurope.com\/@fr\/115037598210805722","error":""},"_links":{"self":[{"href":"https:\/\/www.europesays.com\/fr\/wp-json\/wp\/v2\/posts\/322549","targetHints":{"allow":["GET"]}}],"collection":[{"href":"https:\/\/www.europesays.com\/fr\/wp-json\/wp\/v2\/posts"}],"about":[{"href":"https:\/\/www.europesays.com\/fr\/wp-json\/wp\/v2\/types\/post"}],"author":[{"embeddable":true,"href":"https:\/\/www.europesays.com\/fr\/wp-json\/wp\/v2\/users\/2"}],"replies":[{"embeddable":true,"href":"https:\/\/www.europesays.com\/fr\/wp-json\/wp\/v2\/comments?post=322549"}],"version-history":[{"count":0,"href":"https:\/\/www.europesays.com\/fr\/wp-json\/wp\/v2\/posts\/322549\/revisions"}],"wp:featuredmedia":[{"embeddable":true,"href":"https:\/\/www.europesays.com\/fr\/wp-json\/wp\/v2\/media\/322550"}],"wp:attachment":[{"href":"https:\/\/www.europesays.com\/fr\/wp-json\/wp\/v2\/media?parent=322549"}],"wp:term":[{"taxonomy":"category","embeddable":true,"href":"https:\/\/www.europesays.com\/fr\/wp-json\/wp\/v2\/categories?post=322549"},{"taxonomy":"post_tag","embeddable":true,"href":"https:\/\/www.europesays.com\/fr\/wp-json\/wp\/v2\/tags?post=322549"}],"curies":[{"name":"wp","href":"https:\/\/api.w.org\/{rel}","templated":true}]}}